{"id":10506,"date":"2015-04-24T14:15:54","date_gmt":"2015-04-24T17:15:54","guid":{"rendered":"http:\/\/www.revistacriterio.com.ar\/bloginst_new\/?p=10506"},"modified":"2015-04-24T14:15:54","modified_gmt":"2015-04-24T17:15:54","slug":"el-encubrimiento-de-cristina-y-timerman","status":"publish","type":"post","link":"https:\/\/www.revistacriterio.com.ar\/bloginst_new\/?p=10506","title":{"rendered":"El encubrimiento de Cristina y Timerman"},"content":{"rendered":"<p>La denuncia del fiscal Alberto Nisman a la presidenta Cristina Fern\u00e1ndez de Kirchner y a su canciller H\u00e9ctor Timerman, apoyada por un amplio ofrecimiento de pruebas -que An\u00edbal Fern\u00e1ndez descalific\u00f3 como \u201cendeble\u201d-, debi\u00f3 ser acompa\u00f1ada con la presentaci\u00f3n de un pedido de juicio pol\u00edtico ante la C\u00e1mara de Diputados. Se trata de los supuestos \u201cdelitos de encubrimiento por favorecimiento personal agravado, impedimento o estorbo del acto funcional e incumplimiento de los deberes de funcionario p\u00fablico\u201d (arts. 277 inc. 1 y 3, 241 inc. 2 y 248 del C\u00f3digo Penal), que se describen y fundan en las 289 hojas del escrito de denuncia del fiscal, y\/o por el \u201cmal desempe\u00f1o\u201d en que habr\u00edan incurrido dichos funcionarios al negociar clandestinamente a partir de septiembre de 2012 en Alepo, Siria con Ir\u00e1n y, luego, firmar el 27 de enero de 2013 un memorandum con el gobierno de dicho pa\u00eds. Ir\u00e1n es el protector de los supuestos terroristas que atentaron contra la AMIA el 18 de julio de 1994, que la justicia argentina no puede indagar y juzgar, por la negativa de dicho gobierno a extraditarlos.<\/p>\n<p>Es bueno recordar que en 2006 el fiscal general de Ir\u00e1n, Ghorbanali Dori-Najafabadi, inst\u00f3 al fiscal de Teher\u00e1n, Said Mortazavi, a emitir una orden de arresto internacional contra el fiscal Nisman, lo que muestra la hostilidad del gobierno con que se acord\u00f3.<\/p>\n<p>La denuncia motiv\u00f3 que el fiscal Gerardo Pollicita le pidiera al juez Daniel Rafecas que ordenara 46 medidas de pruebas para investigar el caso, lo que fue desestimado inmediatamente por dicho magistrado; resoluci\u00f3n que ahora apel\u00f3 Pollicita.<\/p>\n<p>El juicio pol\u00edtico, m\u00e1s all\u00e1 de las mayor\u00edas con que el oficialismo cuenta para rechazarlo en el Congreso, tiene su raz\u00f3n de ser en el absurdo giro pol\u00edtico que hicieron los acusados al pactar con el gobierno responsable del atentado. Ello es tan absurdo como \u201csi Obama lo hubiera llamado a Bin Ladean para resolver el problema de las torres Gemelas\u201d, como bien lo se\u00f1al\u00f3 la diputada Patricia Bullrich.<\/p>\n<p>Durante la presidencia de N\u00e9stor Kirchner la acusaci\u00f3n contra Ir\u00e1n no se puso en duda, pero ello cambi\u00f3 \u2013seg\u00fan explica Nisman\u2013 cuando Cristina llega al poder y negocia y firma el memorandum. Seg\u00fan el fiscal en 2006, despu\u00e9s del pedido de captura internacional que el juez Rodolfo Canicoba Corral dict\u00f3 sobre 8 iran\u00edes y un liban\u00e9s acusados de haber organizado el atentado, \u201cel entonces subsecretario nacional de Tierras para el Habitat Social, se\u00f1or Luis D\u2019El\u00eda\u201d critic\u00f3 la medida y organiz\u00f3 una marcha de rechazo. Nisman afirma que \u201cSeg\u00fan trascendi\u00f3, la protesta en repudio a la decisi\u00f3n de la justicia argentina, llevada a cabo en la embajada de Ir\u00e1n y liderada por D\u2019El\u00eda \u2013con participaci\u00f3n del referente de Ir\u00e1n en Argentina, Jorge Alejandro \u2018Yussuf\u2019 Khalil\u2013 hab\u00eda sido incitada por el entonces embajador de Venezuela en Buenos Aires, Roger Capella\u201d. \u201cEste diplom\u00e1tico venezolano estaba estrechamente vinculado con Teher\u00e1n y, ya desde aquellos a\u00f1os, favorec\u00eda la relaci\u00f3n con Ir\u00e1n, los imputados iran\u00edes por el caso AMIA y ciertos referentes locales, como Luis D\u2019El\u00eda y Fernando Esteche\u201d. Por eso el fiscal acusa tambi\u00e9n a D\u2019El\u00eda y Esteche de encubrir la investigaci\u00f3n del atentado, al igual que el diputado Andr\u00e9s \u201cCuervo\u201d Larroque.<\/p>\n<p>La protesta incitada por Capella y organizada por D\u2019El\u00eda \u201cmotiv\u00f3 que el ex Presidente Kirchner removiera inmediatamente a Luis D\u2019El\u00eda de su cargo en el Ejecutivo Nacional, al tiempo que se comunic\u00f3 con su par de Venezuela, Hugo Ch\u00e1vez, quien a los pocos d\u00edas hizo cesar la misi\u00f3n diplom\u00e1tica del embajador Capella en Argentina.\u201d Nisman dice, adem\u00e1s, que \u201cdurante su estad\u00eda en Argentina, el embajador Roger Capella trab\u00f3 una aceitada relaci\u00f3n con distintas agrupaciones sociales argentinas, financiando a referentes como Luis D\u2019El\u00eda y Fernando Esteche con viajes, becas y otros recursos\u201d.<\/p>\n<p>La voltereta pol\u00edtica de Venezuela de aliarse con Ir\u00e1n, pa\u00eds que amenazaba con construir armas at\u00f3micas, seguida por Cristina, aspiraba a volver a la \u201cguerra fr\u00eda\u201d y crearle a los Estados Unidos, y a su aliado Israel, una oposici\u00f3n internacional similar a la de la Uni\u00f3n Sovi\u00e9tica, antes de la ca\u00edda del muro de Berl\u00edn. Este giro se frustr\u00f3 por el cambio de gobierno en Ir\u00e1n y con la muerte de Hugo Ch\u00e1vez. El memor\u00e1ndum no fue aprobado por el parlamento de Ir\u00e1n, cuyo nuevo presidente comenz\u00f3 a negociar con los Estados Unidos el tema nuclear. Y con ello se desvaneci\u00f3 la peregrina idea de resucitar la \u201cguerra fr\u00eda\u201d, pero produjo el \u201cimpedimento o estorbo\u201d, denunciado en la causa de la AMIA, y le cost\u00f3 la vida al valiente fiscal.<\/p>\n<p>Esta muerte dej\u00f3 en la memoria colectiva el grave desatino que signific\u00f3 el incumplimiento de los deberes de funcionario p\u00fablico (Art. 248 del C\u00f3digo Penal) de la presidenta al no acatar lo que le impone la Constituci\u00f3n de que: \u201cEn ning\u00fan caso (\u2026) puede ejercer funciones judiciales\u201d (art. 109), cuando pact\u00f3 con el gobierno que se niega a extraditar a los terroristas, con el cual hasta se podr\u00eda haber roto las relaciones diplom\u00e1ticas, por impedir traer a juicio a los imputados que tienen orden de captura internacional, cinco de los cuales con \u201calertas rojas\u201d en Interpol. El encubrimiento de la Presidente y su canciller se consum\u00f3 tambi\u00e9n con la firma del memorandum que es la \u201cayuda\u201d que los imputados iran\u00edes necesitaban para \u201celudir la investigaci\u00f3n de la autoridad\u201d (Art. 277 inc. 1 del C\u00f3digo Penal) judicial argentina.<br \/>\nLa C\u00e1mara deber\u00e1 revocar el fallo del juez Rafecas; la oposici\u00f3n, plantear el juicio pol\u00edtico; y el oficialismo no debe impedirlo. Omitirlo ser\u00eda reincidir en el no hab\u00e9rselo hecho al vicepresidente Amado Boudou o al juez Norberto Oyarbide, o el designar y prestarle acuerdo al general C\u00e9sar Milani. Todo lo cual tiene un costo pol\u00edtico que se paga en las elecciones y que se lo cobrar\u00e1 la memoria hist\u00f3rica.<br \/>\n<em>El autor es Profesor de Derecho constitucional de las Universidades Nacional y Cat\u00f3lica de C\u00f3rdoba<\/em><\/p>\n","protected":false},"excerpt":{"rendered":"<p>La denuncia del fiscal Alberto Nisman a la presidenta Cristina Fern\u00e1ndez de Kirchner y a su canciller H\u00e9ctor Timerman, apoyada por un amplio ofrecimiento de&#8230;<\/p>\n","protected":false},"author":5,"featured_media":0,"comment_status":"open","ping_status":"open","sticky":false,"template":"","format":"standard","meta":{"_acf_changed":false,"_jetpack_newsletter_access":"","_jetpack_dont_email_post_to_subs":false,"_jetpack_newsletter_tier_id":0,"_jetpack_memberships_contains_paywalled_content":false,"_jetpack_memberships_contains_paid_content":false,"footnotes":""},"categories":[944],"tags":[211],"class_list":["post-10506","post","type-post","status-publish","format-standard","hentry","category-actualidad-2","tag-politica"],"acf":[],"jetpack_featured_media_url":"","jetpack_sharing_enabled":true,"jetpack_shortlink":"https:\/\/wp.me\/p6FC4i-2Js","_links":{"self":[{"href":"https:\/\/www.revistacriterio.com.ar\/bloginst_new\/index.php?rest_route=\/wp\/v2\/posts\/10506","targetHints":{"allow":["GET"]}}],"collection":[{"href":"https:\/\/www.revistacriterio.com.ar\/bloginst_new\/index.php?rest_route=\/wp\/v2\/posts"}],"about":[{"href":"https:\/\/www.revistacriterio.com.ar\/bloginst_new\/index.php?rest_route=\/wp\/v2\/types\/post"}],"author":[{"embeddable":true,"href":"https:\/\/www.revistacriterio.com.ar\/bloginst_new\/index.php?rest_route=\/wp\/v2\/users\/5"}],"replies":[{"embeddable":true,"href":"https:\/\/www.revistacriterio.com.ar\/bloginst_new\/index.php?rest_route=%2Fwp%2Fv2%2Fcomments&post=10506"}],"version-history":[{"count":0,"href":"https:\/\/www.revistacriterio.com.ar\/bloginst_new\/index.php?rest_route=\/wp\/v2\/posts\/10506\/revisions"}],"wp:attachment":[{"href":"https:\/\/www.revistacriterio.com.ar\/bloginst_new\/index.php?rest_route=%2Fwp%2Fv2%2Fmedia&parent=10506"}],"wp:term":[{"taxonomy":"category","embeddable":true,"href":"https:\/\/www.revistacriterio.com.ar\/bloginst_new\/index.php?rest_route=%2Fwp%2Fv2%2Fcategories&post=10506"},{"taxonomy":"post_tag","embeddable":true,"href":"https:\/\/www.revistacriterio.com.ar\/bloginst_new\/index.php?rest_route=%2Fwp%2Fv2%2Ftags&post=10506"}],"curies":[{"name":"wp","href":"https:\/\/api.w.org\/{rel}","templated":true}]}}