{"id":10510,"date":"2015-04-24T14:19:13","date_gmt":"2015-04-24T17:19:13","guid":{"rendered":"http:\/\/www.revistacriterio.com.ar\/bloginst_new\/?p=10510"},"modified":"2015-04-24T14:19:13","modified_gmt":"2015-04-24T17:19:13","slug":"tengo-una-mirada-positiva-de-la-argentina","status":"publish","type":"post","link":"https:\/\/www.revistacriterio.com.ar\/bloginst_new\/?p=10510","title":{"rendered":"\u201cTengo una mirada positiva de la Argentina\u201d"},"content":{"rendered":"<p><em><strong>Margarita Stolbizer lleva un largo recorrido pol\u00edtico: su actuaci\u00f3n originaria fue en la localidad de Mor\u00f3n, provincia de Buenos Aires. Milit\u00f3 durante treinta y cinco a\u00f1os en la Uni\u00f3n C\u00edvica Radical, partido del cual lleg\u00f3 a ser secretaria general y diputada nacional. Alejada de los radicales es hoy referente y l\u00edder del partido GEN, que desde abril del a\u00f1o pasado forma parte de la coalici\u00f3n pol\u00edtica UNEN, hoy en crisis. Recientemente, en una conversaci\u00f3n con el Consejo de redacci\u00f3n de Criterio analiz\u00f3 los posibles escenarios que enfrentar\u00e1 la Argentina luego de las elecciones de octubre.<\/strong><\/em><br \/>\n\u201cSiento que desde enero tenemos la obligaci\u00f3n de mirar una Argentina diferente. La movilizaci\u00f3n del 18 de febrero fue una clara manifestaci\u00f3n pol\u00edtica y de oposici\u00f3n. La marcha estuvo bien dividida entre lo que fue la expresi\u00f3n de homenaje de los fiscales y la familia de Nisman, y por otra parte la sociedad que manifestaba enojo, indignaci\u00f3n y oposici\u00f3n al gobierno. Lo percib\u00ed al conversar con la gente. Esta reacci\u00f3n tiene que ver con el discurso de la presidenta ese mismo mediod\u00eda. Muchos hemos visto que ha perdido la m\u00ednima inclinaci\u00f3n por lo humano; lejos de mostrarse como una persona respetuosa y sensible, cada vez confronta m\u00e1s. Su obligaci\u00f3n institucional es analizar y no plantarse en una barricada, buscando culpables y hablando mal de los dem\u00e1s. Creo que esto es lo que la sociedad ya no tolera. Sobre todo porque no se hace cargo del estado de situaci\u00f3n\u201d.<\/p>\n<p>\u201cEl discurso de apertura de las sesiones ordinarias en el Congreso no pudo estar m\u00e1s descontextualizado de la realidad que estamos viviendo. Lo m\u00e1s grave es su intolerancia hacia la diversidad, hacia quien piensa distinto. En t\u00e9rminos institucionales, los ataques al poder judicial que realiz\u00f3 fueron terribles. Esto, sumado al tono en que lo hace, a las falacias que instala y al aprovechamiento que realiza desde ese espacio. La descalificaci\u00f3n a la Justicia obedece a que hasta hace poco pasaba por la esquina de su casa y ahora le toca el timbre. Ella puede descalificar a los jueces, recusarlos, denunciarlos, pero las causas existen porque los delitos est\u00e1n\u201d.<\/p>\n<p><strong> Pol\u00edtica exterior<\/strong><br \/>\n\u201cEl alineamiento internacional que ha marcado este gobierno es severamente peligroso. En su discurso quiso explicar uno de los episodios m\u00e1s nefastos de los \u00faltimos tiempos: los acuerdos con China. Es poco l\u00f3gico que un gobierno que tiene nueve meses de vida firme pactos con otros gobiernos, con concesiones a cincuenta a\u00f1os. Estamos incorporando un conflicto con una potencia que tiene una visi\u00f3n y estrategia fundamentalmente regional, para la cual necesita de nuestros territorios.<br \/>\nCuando se debati\u00f3 el tema en la comisi\u00f3n, mi planteo fue la necesidad de un debate en el marco regional del Mercosur. Se me rieron en la cara. Respondieron: \u02b9Ustedes siguen pensando que la Argentina s\u00f3lo tiene que acordar con los Estados Unidos y Europa. Estamos orgullosos de la pol\u00edtica internacional que hemos delineado con China, Venezuela e Ir\u00e1n\u02b9. Es la pol\u00edtica que este gobierno decide. La Argentina pasa a estar en estado de observaci\u00f3n mundial por los convenios en Derechos Humanos que ha firmado. La Presidenta en la sesi\u00f3n llam\u00f3 est\u00fapidos a todos los legisladores que hab\u00edan rechazado los acuerdos con China\u201d.<\/p>\n<p><strong> El rol de la oposici\u00f3n<\/strong><br \/>\n\u201cHago una autocritica respecto de quienes estamos enfrente. Nosotros (que embarcar\u00eda un colectivo bastante diverso de quienes ocupamos ese espacio) hemos sido funcionales por acci\u00f3n, omisi\u00f3n, ingenuidad y complicidades. Hemos ayudado a instalar, en alguna medida, lo que termina formando parte de una cultura. Creo que la Argentina es un pa\u00eds enfermo de cortoplacismo, y \u00e9ste tiene que ver con la pol\u00edtica, pero tambi\u00e9n con la sociedad y la cultura. Esto, traducido en t\u00e9rminos de gesti\u00f3n pol\u00edtica e institucional, es perverso. La oposici\u00f3n no ha sido capaz de instalar una cultura distinta, tambi\u00e9n entramos en el cortoplacismo y en el exceso de pragmatismo\u201d.<br \/>\n\u201cLa gente nos exigen determinadas cosas que no podemos hacer porque contamos con una minor\u00eda. La reelecci\u00f3n de Cristina fue muy parecida, en contexto, a la de Menem; donde la corrupci\u00f3n era algo que se conoc\u00eda y sin embargo, como la gente ten\u00eda plata en el bolsillo, se prefiri\u00f3 mirar para el costado y votarlos. Hoy hay un reclamo sobre el ejercicio de la oposici\u00f3n pero la verdad es que tiene una muy limitada capacidad de acci\u00f3n en este esquema. A futuro me gustar\u00eda que quienes queden, o quedemos, en la oposici\u00f3n tengamos la grandeza de hacernos cargo de nuevas exigencias. As\u00ed como digo que quien gane tiene que entregar los organismos de control, el que queda tiene que hacerse cargo\u201d.<\/p>\n<p><strong> Lo que vendr\u00e1<\/strong><br \/>\n\u201cTengo una mirada positiva de la Argentina. Como pa\u00eds tenemos un amplio potencial no s\u00f3lo de recursos econ\u00f3micos sino tambi\u00e9n humanos. Dentro de los acuerdos realizados a nivel internacional, el candidato que gane las elecciones deber\u00e1 reunir a los dem\u00e1s candidatos y salir a los cinco puntos estrat\u00e9gicos del mundo para recomponer las relaciones de nuestro pa\u00eds. El que gane tiene que convocar al resto y entregarle la llave de los organismos de control. Todos esos organismos deber\u00e1n quedar en manos de la oposici\u00f3n. Esto significa un paso muy grande para quien sea oficialista y tambi\u00e9n para los opositores. Ac\u00e1 las malas culturas llevan al opositor a quedarse en el lugar c\u00f3modo de cr\u00edtica, y no hay esp\u00edritu de cooperaci\u00f3n. Hay que pensar el control como una cultura de la gesti\u00f3n p\u00fablica y no como una cosa detectivesca. Hay necesidad de incorporar una mirada estrat\u00e9gica que nos permita proyectar plazos m\u00e1s largos y no limitarnos a lo inmediato\u201d.<br \/>\n\u201cCuando digo que veo mejor el tiempo que viene es porque a\u00fan aquellos que est\u00e1n en las ant\u00edpodas de mi pensamiento, dentro de la actual oposici\u00f3n, advierto que tienen voluntad de conversar, de invitar al di\u00e1logo. Uno de los problemas que la Argentina tiene es la falta de di\u00e1logo, de la construcci\u00f3n de consenso, la necesidad de registrar al otro como alguien con quien vale la pena hablar. Me animo a decir que todos los candidatos que compiten tienen la intenci\u00f3n de reconstruir esos espacios de di\u00e1logo. Venimos conversando sobre estas cuestiones. No significa tener un programa de gobierno com\u00fan, sino tener lineamientos b\u00e1sicos, referidos a lo institucional: c\u00f3mo se reconstruye ese marco imprescindible para que el que llegue pueda gobernar. No hay que ir demasiado lejos para encontrar ejemplos. Tanto en Chile como Uruguay hay madurez en las fuerzas pol\u00edticas. En Uruguay, un episodio muy determinante fue cuando Jos\u00e9 Mujica y Daniel Astori compitieron en la interna por un mismo frente pero con perfiles diferentes. Mujica gan\u00f3, y convoc\u00f3 a Astori como vice. Es algo que nuestra ley no permite. Yo suger\u00ed un proyecto porque me parece importante que en nuestro pa\u00eds pueda suceder algo similar. Lo primero que hicieron fue salir los dos al mundo con un discurso totalmente integrado, de una madurez muy grande. En el caso de Chile, cuando se hizo la celebraci\u00f3n del tratado del Beagle, Bachelet concurri\u00f3 con todas las fuerzas pol\u00edticas de su pa\u00eds; y nuestra Presidenta fue sola\u201d.<\/p>\n<p><strong> Los presidenciables<\/strong><br \/>\n\u201cTodos los candidatos presidenciables garantizan un marco de di\u00e1logo para armar una gobernalidad diferente. Incluso Scioli. Soy opositora a \u00e9l, creo que su gesti\u00f3n de gobierno es desastrosa, pero nunca podr\u00eda decir que Scioli no convoc\u00f3, no habl\u00f3, no escuch\u00f3. Tuve conversaciones con \u00e9l y despu\u00e9s encontr\u00e9 reflejado lo que le dije en algo. Es una persona respetuosa\u201d.<br \/>\n\u201cA Massa siempre lo veo en un spot de campa\u00f1a. Muy poco profundo. La Argentina necesita m\u00e1s que meras consignas de campa\u00f1a. Lo que podr\u00eda ser una confrontaci\u00f3n planteada entre Macri y Massa es una confrontaci\u00f3n sostenida por grupos econ\u00f3micos que est\u00e1n por detr\u00e1s de ellos. Sospecho que ni siquiera ellos toman las decisiones solos, me parece que hay por detr\u00e1s otros intereses, que ellos representan, expresan y sostienen\u201d.<br \/>\n\u201cMacri en la ciudad tiene una buena gesti\u00f3n en muchas \u00e1reas visibles, por eso le va bien. Cuando uno piensa en un proyecto nacional ah\u00ed es donde me parece que le falta una visi\u00f3n de estadista\u201d.<\/p>\n<p><strong> Un legado de negocios<\/strong><br \/>\n\u201cEl mayor inconveniente que veo no es el poder pol\u00edtico sino el poder econ\u00f3mico. Este gobierno deja negocios hechos por much\u00edsimos a\u00f1os, a trav\u00e9s de concesiones en a\u00e9reas claves como las comunicaciones, la energ\u00eda. Van a tener una desesperada necesidad de establecer pactos de impunidad, y ah\u00ed es donde ya no le pongo ninguna cuota de confianza a ninguno de los candidatos presidenciables. Creo que todos est\u00e1n dispuestos a darle al kirchnerismo la impunidad que van a buscar\u201d.<br \/>\n\u201cTengo una posici\u00f3n cr\u00edtica para con este gobierno. Han logrado la instalaci\u00f3n de un relato muy arraigado en mucha gente, defendido por muchos sectores. La estrategia comunicacional ha sido muy perversa. Han enfocado su pol\u00edtica internacional, social y econ\u00f3mica, en funci\u00f3n de los negocios que hacen\u201d.<\/p>\n<p><strong> La crisis de UNEN<\/strong><br \/>\n\u201cVivo con mucho dolor lo que pas\u00f3 con UNEN. El abril del a\u00f1o pasado los miembros firmamos el acta constitutiva de un frente que era una esperanza para nosotros y la gente. Era un espacio necesario. Desagraciadamente muchos se quedaron en la pelea por los \u201csillones\u201d, fundamentalmente los radicales. El radicalismo viene perdiendo hace mucho capacidad ordenadora. Firman acuerdos que s\u00f3lo benefician a quienes los firman. Creo que ellos son los responsables de que UNEN haya dejado de ser una esperanza. El fracaso de UNEN tiene que ver con el pragmatismo, con los que creen que pueden ganar territorios, y en funci\u00f3n de eso est\u00e1n hoy en la b\u00fasqueda de acuerdos con la sola mirada puesta en preservar el sill\u00f3n. Los radicales van a hacer los arreglos que m\u00e1s les convengan en cada lugar\u201d.<\/p>\n<p><strong> Un espacio pol\u00edtico<\/strong><br \/>\n\u201cEn nuestro caso, somos un partido joven, nuevo y sometido a todas las dificultades propias de la baja institucionalidad pol\u00edtica. Si bien nacimos en la provincia de Buenos Aires, donde contamos con un mayor apoyo, hoy tenemos representaci\u00f3n oficial en nueve distritos provinciales. Estamos ubicados desde el punto de vista pol\u00edtico-ideol\u00f3gico en la social democracia, por eso tenemos buenas relaciones con el socialismo y el radicalismo en t\u00e9rminos de ideas. Como partido vamos a realizar una ratificaci\u00f3n de lo que firmamos en abril del a\u00f1o pasado con UNEN. Ese es nuestro espacio. Sigo pensando que en la Argentina hay una plaza vac\u00eda que cubrir entre los candidatos actuales. Hay gente que no se siente representada. Estoy segura de que existe esa vacancia. Nuestro partido est\u00e1 dispuesto a representarla. Dejamos plantada una bandera que por lo menos nos permita discutir un nuevo proyecto de pa\u00eds. Estamos dispuestos a trabajar en todos los acuerdos de gobernabilidad, en colaborar con el resto. Sin abandonar nuestras ideas\u201d.<br \/>\n<em>(Versi\u00f3n de Mariana Ortisi)<\/em><\/p>\n","protected":false},"excerpt":{"rendered":"<p>Margarita Stolbizer lleva un largo recorrido pol\u00edtico: su actuaci\u00f3n originaria fue en la localidad de Mor\u00f3n, provincia de Buenos Aires. Milit\u00f3 durante treinta y cinco&#8230;<\/p>\n","protected":false},"author":5,"featured_media":0,"comment_status":"open","ping_status":"open","sticky":false,"template":"","format":"standard","meta":{"_acf_changed":false,"_jetpack_newsletter_access":"","_jetpack_dont_email_post_to_subs":false,"_jetpack_newsletter_tier_id":0,"_jetpack_memberships_contains_paywalled_content":false,"_jetpack_memberships_contains_paid_content":false,"footnotes":""},"categories":[944],"tags":[211],"class_list":["post-10510","post","type-post","status-publish","format-standard","hentry","category-actualidad-2","tag-politica"],"acf":[],"jetpack_featured_media_url":"","jetpack_sharing_enabled":true,"jetpack_shortlink":"https:\/\/wp.me\/p6FC4i-2Jw","_links":{"self":[{"href":"https:\/\/www.revistacriterio.com.ar\/bloginst_new\/index.php?rest_route=\/wp\/v2\/posts\/10510","targetHints":{"allow":["GET"]}}],"collection":[{"href":"https:\/\/www.revistacriterio.com.ar\/bloginst_new\/index.php?rest_route=\/wp\/v2\/posts"}],"about":[{"href":"https:\/\/www.revistacriterio.com.ar\/bloginst_new\/index.php?rest_route=\/wp\/v2\/types\/post"}],"author":[{"embeddable":true,"href":"https:\/\/www.revistacriterio.com.ar\/bloginst_new\/index.php?rest_route=\/wp\/v2\/users\/5"}],"replies":[{"embeddable":true,"href":"https:\/\/www.revistacriterio.com.ar\/bloginst_new\/index.php?rest_route=%2Fwp%2Fv2%2Fcomments&post=10510"}],"version-history":[{"count":0,"href":"https:\/\/www.revistacriterio.com.ar\/bloginst_new\/index.php?rest_route=\/wp\/v2\/posts\/10510\/revisions"}],"wp:attachment":[{"href":"https:\/\/www.revistacriterio.com.ar\/bloginst_new\/index.php?rest_route=%2Fwp%2Fv2%2Fmedia&parent=10510"}],"wp:term":[{"taxonomy":"category","embeddable":true,"href":"https:\/\/www.revistacriterio.com.ar\/bloginst_new\/index.php?rest_route=%2Fwp%2Fv2%2Fcategories&post=10510"},{"taxonomy":"post_tag","embeddable":true,"href":"https:\/\/www.revistacriterio.com.ar\/bloginst_new\/index.php?rest_route=%2Fwp%2Fv2%2Ftags&post=10510"}],"curies":[{"name":"wp","href":"https:\/\/api.w.org\/{rel}","templated":true}]}}