{"id":10688,"date":"2015-04-30T14:22:54","date_gmt":"2015-04-30T17:22:54","guid":{"rendered":"http:\/\/www.revistacriterio.com.ar\/bloginst_new\/?p=10688"},"modified":"2015-04-30T14:22:54","modified_gmt":"2015-04-30T17:22:54","slug":"economia-del-conocimiento-japon-un-caso-singular","status":"publish","type":"post","link":"https:\/\/www.revistacriterio.com.ar\/bloginst_new\/?p=10688","title":{"rendered":"Econom\u00eda del conocimiento: Jap\u00f3n, un caso singular"},"content":{"rendered":"<p>La aplicaci\u00f3n que hizo Jap\u00f3n de la econom\u00eda del conocimiento tras su destrucci\u00f3n en la Segunda Guerra, fue notable. No asombra el resurgimiento de Alemania, Italia, Francia o Inglaterra, para las que la guerra fue s\u00f3lo una interrupci\u00f3n, dada su larga tradici\u00f3n cultural que condujo a la investigaci\u00f3n cient\u00edfico-t\u00e9cnica aplicada a la industria.<\/p>\n<p>Jap\u00f3n, naci\u00f3n oriental, ten\u00eda ra\u00edces distintas. Hasta mediados del siglo XIX era un pa\u00eds feudal, primitivo en su desarrollo, aislado y sin comercio internacional.<br \/>\nEl emperador Mutsuhito, que adopt\u00f3 el t\u00edtulo de Meiji (Gobierno ilustrado), sent\u00f3 desde 1868 las bases del moderno desarrollo nip\u00f3n. Hasta entonces la econom\u00eda japonesa era mayormente agraria. Meiji impuls\u00f3 la b\u00fasqueda del conocimiento y el saber de Occidente para lograr una r\u00e1pida industrializaci\u00f3n, fij\u00f3 la educaci\u00f3n obligatoria, baj\u00f3 el analfabetismo y cre\u00f3 la primera universidad t\u00e9cnico-cient\u00edfica (1871). Europa ten\u00eda universidades e investigaci\u00f3n desde hac\u00eda siglos.<\/p>\n<p>Apenas se cumpl\u00edan siete d\u00e9cadas del paso de una sociedad feudal a un Estado moderno, cuando las bombas de Hiroshima y Nagasaki convirtieron a Jap\u00f3n en ruinas, con sus habitantes deambulando sin futuro, con desempleo e inflaci\u00f3n. El pa\u00eds insular ten\u00eda pocos recursos naturales en una peque\u00f1a superficie (368.589 km2) con una densidad de poblaci\u00f3n muy alta.<\/p>\n<p>\u00bfC\u00f3mo pudo entonces llegar a exportar altas tecnolog\u00edas que no pose\u00eda ni lejanamente en 1945? \u00bfC\u00f3mo logr\u00f3 ser la segunda econom\u00eda y potencia industrial del mundo? El hecho reconoce dos etapas: en la primera, predomin\u00f3 la absorci\u00f3n de tecnolog\u00edas de pa\u00edses avanzados, por compra o arrendamiento de patentes extranjeras y la capacitaci\u00f3n de miles de estudiantes becados a universidades y centros de ense\u00f1anza industrial de los Estados Unidos y Europa. En los primeros 15 a\u00f1os de reconstrucci\u00f3n, los japoneses tomaron informaci\u00f3n cient\u00edfico-t\u00e9cnica de todo el mundo; la grabaron, fotografiaron y filmaron inspirados en un decreto del emperador Meiji que estableci\u00f3 que Jap\u00f3n tomar\u00eda el conocimiento donde lo hallare, vincul\u00e1ndose a importantes centros culturales.<\/p>\n<p>En la segunda etapa, los centros de investigaci\u00f3n alimentados por conocimientos del exterior y por japoneses doctorados en renombradas universidades, elaboraron tecnolog\u00edas propias en la industria automotriz, relojera, fotogr\u00e1fica, electr\u00f3nica, de microprocesadores e inform\u00e1tica. Por sus dise\u00f1os, calidad y bajos costos Jap\u00f3n compiti\u00f3 con naciones altamente industrializadas.<\/p>\n<p>Tal desarrollo se logr\u00f3 en pocas d\u00e9cadas debido al aliento a la inteligencia cient\u00edfica y a la iniciativa privada, sin buscar la reconstrucci\u00f3n a trav\u00e9s de empresas estatales. La producci\u00f3n industrial despunt\u00f3 en 1954 duplic\u00e1ndose entre 1965-74. En la d\u00e9cada del 60 el PBI de Jap\u00f3n crec\u00eda a un ritmo del 11% anual, frente al 4% de los Estados Unidos; en 1970 lleg\u00f3 a ser el segundo m\u00e1s alto de los pa\u00edses capitalistas.<\/p>\n<p>En los a\u00f1os 80 el pa\u00eds invert\u00eda en Investigaci\u00f3n y Desarrollo (I+D) casi el mismo porcentaje de su PBI que los Estados Unidos, ten\u00eda 550.000 cient\u00edficos y sus empresas, universidades e institutos financiaban investigaciones b\u00e1sicas, aplicadas y desarrollos experimentales, claves en la econom\u00eda del conocimiento.<\/p>\n<p>Otro pa\u00eds oriental, China, pas\u00f3 a ser recientemente segunda econom\u00eda mundial, por la magnitud de su inversi\u00f3n en I+D que se duplic\u00f3 entre 2008-12. Esta inversi\u00f3n es tambi\u00e9n la segunda en el mundo, detr\u00e1s de la de los Estados Unidos, hecho que comentaremos en una pr\u00f3xima entrega.<\/p>\n","protected":false},"excerpt":{"rendered":"<p>La aplicaci\u00f3n que hizo Jap\u00f3n de la econom\u00eda del conocimiento tras su destrucci\u00f3n en la Segunda Guerra, fue notable. No asombra el resurgimiento de Alemania,&#8230;<\/p>\n","protected":false},"author":5,"featured_media":0,"comment_status":"open","ping_status":"open","sticky":false,"template":"","format":"standard","meta":{"_acf_changed":false,"_jetpack_newsletter_access":"","_jetpack_dont_email_post_to_subs":false,"_jetpack_newsletter_tier_id":0,"_jetpack_memberships_contains_paywalled_content":false,"_jetpack_memberships_contains_paid_content":false,"footnotes":""},"categories":[944],"tags":[270],"class_list":["post-10688","post","type-post","status-publish","format-standard","hentry","category-actualidad-2","tag-economia"],"acf":[],"jetpack_featured_media_url":"","jetpack_sharing_enabled":true,"jetpack_shortlink":"https:\/\/wp.me\/p6FC4i-2Mo","_links":{"self":[{"href":"https:\/\/www.revistacriterio.com.ar\/bloginst_new\/index.php?rest_route=\/wp\/v2\/posts\/10688","targetHints":{"allow":["GET"]}}],"collection":[{"href":"https:\/\/www.revistacriterio.com.ar\/bloginst_new\/index.php?rest_route=\/wp\/v2\/posts"}],"about":[{"href":"https:\/\/www.revistacriterio.com.ar\/bloginst_new\/index.php?rest_route=\/wp\/v2\/types\/post"}],"author":[{"embeddable":true,"href":"https:\/\/www.revistacriterio.com.ar\/bloginst_new\/index.php?rest_route=\/wp\/v2\/users\/5"}],"replies":[{"embeddable":true,"href":"https:\/\/www.revistacriterio.com.ar\/bloginst_new\/index.php?rest_route=%2Fwp%2Fv2%2Fcomments&post=10688"}],"version-history":[{"count":0,"href":"https:\/\/www.revistacriterio.com.ar\/bloginst_new\/index.php?rest_route=\/wp\/v2\/posts\/10688\/revisions"}],"wp:attachment":[{"href":"https:\/\/www.revistacriterio.com.ar\/bloginst_new\/index.php?rest_route=%2Fwp%2Fv2%2Fmedia&parent=10688"}],"wp:term":[{"taxonomy":"category","embeddable":true,"href":"https:\/\/www.revistacriterio.com.ar\/bloginst_new\/index.php?rest_route=%2Fwp%2Fv2%2Fcategories&post=10688"},{"taxonomy":"post_tag","embeddable":true,"href":"https:\/\/www.revistacriterio.com.ar\/bloginst_new\/index.php?rest_route=%2Fwp%2Fv2%2Ftags&post=10688"}],"curies":[{"name":"wp","href":"https:\/\/api.w.org\/{rel}","templated":true}]}}