{"id":11409,"date":"2015-09-02T15:55:57","date_gmt":"2015-09-02T18:55:57","guid":{"rendered":"http:\/\/www.revistacriterio.com.ar\/bloginst_new\/?p=11409"},"modified":"2015-09-02T16:09:48","modified_gmt":"2015-09-02T19:09:48","slug":"las-migraciones-forzosas-en-un-mundo-cerrado","status":"publish","type":"post","link":"https:\/\/www.revistacriterio.com.ar\/bloginst_new\/?p=11409","title":{"rendered":"Las migraciones forzosas en un mundo cerrado"},"content":{"rendered":"<p><em><strong>El especialista analiza distintos aspectos de la problem\u00e1tica migratoria: pol\u00edticas restrictivas, movimientos poblacionales, barreras fronterizas y derechos de los migrantes.<\/strong><\/em><\/p>\n<p>Las migraciones forzosas se presentan en este momento como uno de los mayores dramas humanitarios que enfrenta el mundo. Centenares de miles de personas se movilizan huyendo del hambre y la violencia en sus lugares de origen sin importar los riesgos a los que se enfrentan.<br \/>\nSeg\u00fan el informe anual de la Oficina Europea de Apoyo al Asilo (EASO), 660 mil solicitudes de refugio fueron presentadas en los Estados miembros, Noruega y Suiza.<br \/>\nDesde enero de 2015 murieron alrededor de dos mil personas tratando de cruzar el mediterr\u00e1neo hacia Europa. En 2014, 53 mil bengal\u00edes de la minor\u00eda musulmana rohingya huyeron de Bangladesh y Birmania, donde viven en condici\u00f3n de ap\u00e1tridas.<br \/>\nSud\u00e1n del Sur ha sido abandonado por 730 mil personas, que huyeron hacia los pa\u00edses vecinos durante sus recientes cuatro a\u00f1os de independencia. Seg\u00fan el Alto Comisionado para los Refugiados de las Naciones Unidas (ACNUR), cuatro millones de sirios han pedido refugio en sus pa\u00edses vecinos, a ra\u00edz de la guerra que se libra dentro de su territorio.<br \/>\nEn Am\u00e9rica, las solicitudes de asilo de mexicanos a los Estados Unidos se han incrementado al punto de representar el 42% del total de solicitudes que recibe provenientes de todo el mundo, debido a las desapariciones forzadas, represi\u00f3n a la libertad de expresi\u00f3n y los efectos del crimen organizado. El gobierno de la Rep\u00fablica Dominicana analiza la deportaci\u00f3n de miles de descendientes de haitianos nacidos en territorio dominicano, en lo que parecer\u00eda una verdadera \u201climpieza \u00e9tnica\u201d.<br \/>\nLa traves\u00eda de esta marea humana expulsada desde sus lugares de origen se vuelve cada vez mas dif\u00edcil; las barreras se multiplican.<br \/>\nCuando cay\u00f3 el muro de Berl\u00edn el mundo democr\u00e1tico aplaudi\u00f3 lo que aparec\u00eda como un paso fundamental para el libre movimiento de personas en el planeta. Sin embargo, en la actualidad mas de 18 mil kil\u00f3metros de barreras de todo tipo impiden el paso de aquellos que lo intentan. Sucede en los Estados Unidos con M\u00e9xico, Israel con Cisjordania, \u00c1frica del Sur con Zimbawe, Marruecos con la fosa del Sahara Occidental, Israel con Egipto, Los Emiratos \u00c1rabes con Om\u00e1n, Kuwait con Irak, India con Pakist\u00e1n, Bangladesh con Birmania, Uzbekist\u00e1n con Kirguist\u00e1n, Botsuana con Zimbawe, Tailandia con Malasia, Ir\u00e1n con Pakist\u00e1n, China con Corea del Norte, Espa\u00f1a con Marruecos, Grecia con Turqu\u00eda, Rep\u00fablica Dominicana con Hait\u00ed, Bulgaria con Turqu\u00eda y recientemente Hungr\u00eda con Serbia, para impedir la llegada de refugiados desde los Balcanes.<br \/>\nLas rutas del Mediterr\u00e1neo y de los Balcanes se han transformado en los principales caminos hacia Europa; los espacios des\u00e9rticos entre M\u00e9xico y los Estados Unidos, el final de largas traves\u00edas provenientes desde Am\u00e9rica Central; la Bah\u00eda de Bengala, el escenario de las huidas desde Bangladesh y Myanmar hacia Tailandia, Malasia e Indonesia.<br \/>\nFrente al aluvi\u00f3n de personas que intentan llegar a Europa por el mar mediterr\u00e1neo, la Uni\u00f3n Europea ha planteado diferentes estrategias que van desde la destrucci\u00f3n de las naves en sus puertos de origen hasta otras m\u00e1s ben\u00e9volas, como repartirse entre los 28 pa\u00edses a los 40 mil inmigrantes con derecho a asilo que desembarquen en Italia y Grecia en los pr\u00f3ximos dos a\u00f1os; un n\u00famero \u00ednfimo si se considera que en el a\u00f1o 2014 llegaron a Italia 170.000 personas.<br \/>\nEn este contexto los negocios proliferan. Las ganancias por el tr\u00e1fico de migrantes y la trata de personas aumentaron de 10 mil millones de d\u00f3lares por a\u00f1o hace una d\u00e9cada a 30 mil millones de d\u00f3lares actualmente.<br \/>\nLos centros de detenci\u00f3n de migrantes en los Estados Unidos, monopolizados por tres grandes compa\u00f1\u00edas (GEO, CCA y MTC), obtienen ganancias por cinco mil millones de d\u00f3lares al a\u00f1o.<br \/>\nLos costos de las deportaciones, realizadas por empresas privadas, s\u00f3lo en los Estados Unidos ascendieron en los \u00faltimos cuatro a\u00f1os a m\u00e1s de 20 mil millones de d\u00f3lares. Y en la duplicaci\u00f3n de los metros del muro que divide a ese pa\u00eds con M\u00e9xico \u2013realizada por las multinacionales que trabajan para la administraci\u00f3n norteamericana en Irak y Afganist\u00e1n\u2013 se gastaron 1.300 millones de d\u00f3lares.<br \/>\nFrente a esta multiplicaci\u00f3n de estrategias que adoptan las migraciones desesperadas y los diferentes mecanismos para intentar contenerlas, la ineficacia y fracaso de las pol\u00edticas \u201csecuritistas\u201d es evidente. Nunca en la historia de la humanidad hubo tal magnitud de personas viviendo en la irregularidad de residencia: m\u00e1s de 11 millones de \u201cindocumentados\u201d en los Estados Unidos, seis millones en Europa y m\u00e1s de cuatro millones en Rusia.<br \/>\nEl inmigrante no s\u00f3lo se ha transformado \u2013en gran parte del mundo\u2013 en indeseable, sino que tambi\u00e9n es objeto de la discriminaci\u00f3n desde distintos sectores de las sociedades receptoras. La institucionalizaci\u00f3n del prejuicio se ha explicitado en los discursos xen\u00f3fobos en una parte importante de los partidos pol\u00edticos de los pa\u00edses desarrollados receptores de migrantes. En el Parlamento Europeo los partidos pol\u00edticos ultranacionalistas han m\u00e1s que duplicado su representaci\u00f3n entre 2009 y 2014, pasando de 64 a 143 representantes. En Gran Breta\u00f1a se discute la posibilidad de imponer l\u00edmites a los derechos de los inmigrantes del mismo espacio europeo; en Suiza se impuso el \u201crefer\u00e9ndum anti migratorio\u201d, iniciativa federal popular contra la inmigraci\u00f3n en masa.<br \/>\nA su vez, el rechazo al inmigrante por una parte de la poblaci\u00f3n de los pa\u00edses receptores ha dificultado la inclusi\u00f3n de los mismos en estas sociedades. Se han registrado marchas de protesta anti migratorias contra la entrada de trabajadores procedentes de Asia Central en Rusia, donde el 50% de la poblaci\u00f3n reclama controles m\u00e1s estrictos a los extranjeros; se produjeron incendios de viviendas para refugiados en la ciudad de Vora, en Alemania; y hubo saqueos de viviendas y tiendas de migrantes africanos en Tel Aviv.<br \/>\nPor otra parte, los problemas de inserci\u00f3n en los mercados de trabajo, de acceso a la educaci\u00f3n, y en algunos casos a la salud y la marginaci\u00f3n habitacional, han generado diferentes procesos de \u201ccomunitarismos cerrados\u201d y de resentimiento, aun en las segundas y terceras generaciones de migrantes.<br \/>\nLa prohibici\u00f3n de entrada y residencia, la exclusi\u00f3n del migrante ya instalado y la generaci\u00f3n de respuestas muchas veces violentas por parte de \u00e9stos generan un c\u00edrculo vicioso; proceso que parece no estar resuelto. M\u00e1s all\u00e1 de las acciones que se desarrollan sobre los efectos, tampoco parecer\u00eda haber respuestas claras a las causas de estas migraciones. Producto de una globalizaci\u00f3n mundial cada vez m\u00e1s asim\u00e9trica, y excluyente, el \u00e9xodo de los que huyen de la miseria y de la violencia de guerras sectarias se incrementa exponencialmente.<br \/>\nLa paradoja es que el destino suelen ser aquellos pa\u00edses que tienen una deuda hist\u00f3rica de colonialismo y explotaci\u00f3n de recursos naturales de los lugares de origen de estos movimientos de poblaci\u00f3n. Y en la actualidad \u2013en un marco de profundizaci\u00f3n de las desigualdades entre y dentro de los mismos pa\u00edses\u2013 son base tanto de las multinacionales, principales responsables de las destrucciones ambientales masivas, as\u00ed como de los monopolios de la especulaci\u00f3n financiera internacional. Urge que dichas naciones asuman la responsabilidad y necesidad de abocarse a soluciones integrales frente a este drama de la humanidad.<\/p>\n<p><em>El autor es director del Centro de Pol\u00edticas de Migraciones y Asilo de la Universidad Nacional de Tres de Febrero.<\/em><\/p>\n","protected":false},"excerpt":{"rendered":"<p>El especialista analiza distintos aspectos de la problem\u00e1tica migratoria: pol\u00edticas restrictivas, movimientos poblacionales, barreras fronterizas y derechos de los migrantes. Las migraciones forzosas se presentan&#8230;<\/p>\n","protected":false},"author":5,"featured_media":0,"comment_status":"open","ping_status":"open","sticky":false,"template":"","format":"standard","meta":{"_acf_changed":false,"_jetpack_newsletter_access":"","_jetpack_dont_email_post_to_subs":false,"_jetpack_newsletter_tier_id":0,"_jetpack_memberships_contains_paywalled_content":false,"_jetpack_memberships_contains_paid_content":false,"footnotes":""},"categories":[944,5],"tags":[758],"class_list":["post-11409","post","type-post","status-publish","format-standard","hentry","category-actualidad-2","category-sociedad","tag-sociedad"],"acf":[],"jetpack_featured_media_url":"","jetpack_sharing_enabled":true,"jetpack_shortlink":"https:\/\/wp.me\/p6FC4i-2Y1","_links":{"self":[{"href":"https:\/\/www.revistacriterio.com.ar\/bloginst_new\/index.php?rest_route=\/wp\/v2\/posts\/11409","targetHints":{"allow":["GET"]}}],"collection":[{"href":"https:\/\/www.revistacriterio.com.ar\/bloginst_new\/index.php?rest_route=\/wp\/v2\/posts"}],"about":[{"href":"https:\/\/www.revistacriterio.com.ar\/bloginst_new\/index.php?rest_route=\/wp\/v2\/types\/post"}],"author":[{"embeddable":true,"href":"https:\/\/www.revistacriterio.com.ar\/bloginst_new\/index.php?rest_route=\/wp\/v2\/users\/5"}],"replies":[{"embeddable":true,"href":"https:\/\/www.revistacriterio.com.ar\/bloginst_new\/index.php?rest_route=%2Fwp%2Fv2%2Fcomments&post=11409"}],"version-history":[{"count":1,"href":"https:\/\/www.revistacriterio.com.ar\/bloginst_new\/index.php?rest_route=\/wp\/v2\/posts\/11409\/revisions"}],"predecessor-version":[{"id":11410,"href":"https:\/\/www.revistacriterio.com.ar\/bloginst_new\/index.php?rest_route=\/wp\/v2\/posts\/11409\/revisions\/11410"}],"wp:attachment":[{"href":"https:\/\/www.revistacriterio.com.ar\/bloginst_new\/index.php?rest_route=%2Fwp%2Fv2%2Fmedia&parent=11409"}],"wp:term":[{"taxonomy":"category","embeddable":true,"href":"https:\/\/www.revistacriterio.com.ar\/bloginst_new\/index.php?rest_route=%2Fwp%2Fv2%2Fcategories&post=11409"},{"taxonomy":"post_tag","embeddable":true,"href":"https:\/\/www.revistacriterio.com.ar\/bloginst_new\/index.php?rest_route=%2Fwp%2Fv2%2Ftags&post=11409"}],"curies":[{"name":"wp","href":"https:\/\/api.w.org\/{rel}","templated":true}]}}