{"id":11674,"date":"2015-11-02T12:43:07","date_gmt":"2015-11-02T15:43:07","guid":{"rendered":"http:\/\/www.revistacriterio.com.ar\/bloginst_new\/?p=11674"},"modified":"2015-11-02T12:48:45","modified_gmt":"2015-11-02T15:48:45","slug":"carta-abierta-al-equipo-economico-del-que-vendra","status":"publish","type":"post","link":"https:\/\/www.revistacriterio.com.ar\/bloginst_new\/?p=11674","title":{"rendered":"Carta Abierta al equipo econ\u00f3mico del que vendr\u00e1"},"content":{"rendered":"<p>Las l\u00edneas que siguen, inspiradas en\u00a0la recomendaci\u00f3n formulada por\u00a0Alfred Marshall de poner la cabeza\u00a0fr\u00eda al servicio del coraz\u00f3n caliente,\u00a0tienen como destinatario al equipo\u00a0econ\u00f3mico que acompa\u00f1e al pr\u00f3ximo\u00a0presidente, a partir del 10 de diciembre\u00a0de 2015.<\/p>\n<p>No s\u00e9 todav\u00eda quienes lo integrar\u00e1n,\u00a0aunque muy probablemente los conozco.\u00a0Cuentan con todo mi afecto,\u00a0porque como dije en la dedicatoria\u00a0de Esta vez, \u00bfser\u00e1 diferente? (El Ateneo,\u00a02015), \u201cmenuda tarea les espera\u201d.\u00a0A continuaci\u00f3n listo algunos\u00a0consejos que surgen de la historia\u00a0pol\u00edtica y econ\u00f3mica de nuestro pa\u00eds.<\/p>\n<p>1. La campa\u00f1a electoral termin\u00f3,\u00a0est\u00e1s en funciones. Focaliz\u00e1\u00a0tu atenci\u00f3n. Tus modelos deben\u00a0ser los m\u00e9dicos y los choferes del\u00a0SAME, quienes primero act\u00faan y\u00a0despu\u00e9s preguntan. Ser\u00e1s juzgado\u00a0por tus resultados, no por tu habilidad\u00a0oratoria. La historia tiene que\u00a0servirte para orientar tu acci\u00f3n, no\u00a0para paralizarte, porque te designaron\u00a0para actuar.<\/p>\n<p>2. La pol\u00edtica econ\u00f3mica nunca se\u00a0plantea en el vac\u00edo, sino en un escenario\u00a0internacional y en un contexto\u00a0pol\u00edtico espec\u00edficos. No importa lo\u00a0que se diga en contrario, ten\u00e9 presente\u00a0que dependemos del mundo,\u00a0pero que el mundo no depende de\u00a0nosotros. Y que como clarific\u00f3 Ra\u00fal\u00a0Prebisch, la Argentina forma parte\u00a0de la periferia, lo cual implica que\u00a0en las relaciones internacionales\u00a0ten\u00e9s que ser el triple de talentoso,\u00a0preparado y aplicado para que te\u00a0crean la mitad.<\/p>\n<p>3. \u00bfConoc\u00e9s bien al Presidente de\u00a0la Naci\u00f3n del cual sos, imult\u00e1neamente,\u00a0subordinado, amigo y \u2013en lo\u00a0tuyo\u2013 profesor? En particular, \u00bflleva\u00a0\u201cen la sangre\u201d los principios econ\u00f3micos\u00a0(como Carlos Sa\u00fal Menem) o,por el contrario, las cuestiones econ\u00f3micas\u00a0\u201cle irritan la piel\u201d (Ra\u00fal Ricardo\u00a0Alfons\u00edn)? Le cuesta horrores\u00a0adoptar decisiones o, por el contrario,\u00a0es un precipitado? Ten\u00e9 presente\u00a0que, en todo caso, ser\u00e1 aliado tuyo\u00a0cuando entre en p\u00e1nico y est\u00e9 dispuesto\u00a0a apoyarte al tener que adoptar\u00a0decisiones desagradables.<\/p>\n<p>4. Tus colegas de Gabinete son tus\u00a0adversarios naturales, porque se inmortalizan\u00a0por las mismas razones\u00a0por las cuales vos fracas\u00e1s. Es imposible,\u00a0para un Ministro de Salud,\u00a0pasar a la historia por haber cerrado\u00a0un hospital, o reducido el salario\u00a0de las enfermeras. Ellos y vos tienen\u00a0que entender que no se trata de algo\u00a0personal, sino de roles.<\/p>\n<p>5. Tanto tu Presidente como vos tienen\u00a0que \u201ccre\u00e9rsela\u201d, pero no demasiado.\u00a0El resto de los partidos sigue\u00a0existiendo, las elecciones se ganan y\u00a0se pierden. No es posible hablar, en\u00a0serio, de pol\u00edticas de Estado, si pens\u00e1s\u00a0que sos el \u00fanico due\u00f1o de la verdad.<\/p>\n<p>6. Ni el gobierno ni el conjunto del\u00a0sistema pol\u00edtico agotan la realidad\u00a0de un pa\u00eds. Porque est\u00e1 la sociedad,\u00a0m\u00e1s concretamente, cada uno de los\u00a0seres humanos que viven, trabajan,\u00a0ahorran, educan, se jubilan, etc., en\u00a0el pa\u00eds, los cuales llevan dentro suyo\u00a0una idiosincrasia, una historia, etc.,\u00a0que los hace particularmente sensibles.\u00a0Los argentinos entendemos lo\u00a0que hoy les ocurre a los griegos mucho<br \/>\nm\u00e1s que los canadienses.<\/p>\n<p>7. La Argentina es un pa\u00eds poblado\u00a0por ejecutores m\u00e1s o menos razonables,\u00a0y fiscales sever\u00edsimos. En los\u00a0estadios de f\u00fatbol 22 muchachos con\u00a0pantalones cortos corren detr\u00e1s de\u00a0una pelota, dos personas a los costados\u00a0les dan instrucciones y sugerencias,\u00a0rodeados por varios miles de\u00a0seres humanos, en las tribunas, \u00a1que\u00a0creen saber todo! En el periodismo,\u00a0como en la mesa de parientes y amigos,\u00a0ocurre lo mismo. Por supuesto\u00a0que si a alg\u00fan \u201cfiscal sever\u00edsimo\u201d le\u00a0encarg\u00e1ramos que operara una pizzer\u00eda\u00a0durante 72 horas, lo m\u00e1s probable\u00a0es que la fundir\u00eda. Pero ten\u00e9s\u00a0que saber que existen; no digo que\u00a0los ignores pero s\u00ed que no te \u201cenganches\u201d\u00a0con ellos.<\/p>\n<p>8. Tener a tu cargo un equipo quiere\u00a0decir que su trabajo es b\u00e1sicamente\u00a0gerencial. Cuando lo nombraron\u00a0ministro de econom\u00eda, Adalbert\u00a0Krieger Vasena anot\u00f3 nombres, no\u00a0medidas. Porque no se pregunt\u00f3\u00a0qu\u00e9 hab\u00eda que hacer, sino con qui\u00e9n\u00a0pod\u00eda contar para enfrentar la tarea.\u00a0Como buen gerente, ten\u00e9s que\u00a0ser exigente con los miembros de tu\u00a0equipo, pero ten\u00e9s que \u201cdejarte ayudar\u201d,\u00a0es decir, inducir a que tu gente\u00a0te diga lo que verdaderamente est\u00e1\u00a0pasando, antes de que recibas un cachetazo\u00a0de la realidad.<\/p>\n<p>9. Pedile a tu gente que se ocupe de\u00a0los requerimientos t\u00e9cnicos de la pol\u00edtica\u00a0econ\u00f3mica, su congruencia, su\u00a0relevancia, la relaci\u00f3n entre los objetivos\u00a0y los instrumentos, etc. Claro\u00a0que, participando de la elaboraci\u00f3n\u00a0y la implementaci\u00f3n de una pol\u00edtica\u00a0econ\u00f3mica, tambi\u00e9n intentar\u00e1n incluir\u00a0en el an\u00e1lisis las consideraciones\u00a0pol\u00edticas, institucionales, etc.\u00a0Deciles que s\u00ed, pero no al precio\u00a0de subestimar las consideraciones\u00a0t\u00e9cnicas; aclarales que, en todo\u00a0caso, para introducir restricciones\u00a0pol\u00edticas e institucionales, est\u00e1 el\u00a0resto del gobierno.<\/p>\n<p>10. Como bien dice Guillermo Calvo,\u00a0una misma medida de pol\u00edtica\u00a0econ\u00f3mica genera resultados diferentes,\u00a0dependiendo de la credibilidad\u00a0que la poblaci\u00f3n tiene en el gobierno.\u00a0Si ten\u00e9s la fortuna de formar\u00a0parte de un gobierno que arranca\u00a0con credibilidad, mejor, pero no\u00a0abuses porque la credibilidad se\u00a0evapora; si ten\u00e9s la desgracia de integrar\u00a0un gobierno\u00a0al que no le creen,\u00a0record\u00e1 que ten\u00e9s\u00a0que esmerarte en\u00a0demas\u00eda, para ver si\u00a0te creen algo.<\/p>\n<p>11. Toda la pol\u00edtica\u00a0econ\u00f3mica del\u00a0pr\u00f3ximo gobierno\u00a0tiene que estar dise\u00f1ada\u00a0y cuantificada\u00a0el 10 de diciembre\u00a0de 2015. Lo que se\u00a0haga en materia\u00a0cambiaria, monetaria,\u00a0fiscal, de precios y salarios,\u00a0etc., tiene que surgir de un esquema\u00a0congruente y relevante. Si se anuncia\u00a0todo el primer d\u00eda o en etapas, es una\u00a0cuesti\u00f3n t\u00e1ctica.<\/p>\n<p>12. La pol\u00edtica econ\u00f3mica del pr\u00f3ximo gobierno no surgir\u00e1 exclusivamente\u00a0de un laboratorio, por m\u00e1s\u00a0id\u00f3neo que sea el equipo econ\u00f3mico,\u00a0sino de la interacci\u00f3n entre las\u00a0presiones de los sectores, las regiones,\u00a0etc., y vos y los tuyos, que ser\u00e1n\u00a0los \u201cmalos\u201d de la pel\u00edcula, porquehabr\u00e1 que decir qu\u00e9 s\u00ed, qu\u00e9 no, qu\u00e9\u00a0antes y qu\u00e9 despu\u00e9s, dado que \u2013sobre\u00a0todo cuando se han consumido\u00a0los stocks, y hay que reponerlos\u2013 la\u00a0suma de las pretensiones superar\u00e1\u00a0en mucho a las posibilidades.<\/p>\n<p>13. \u00bfGradualismo o shock? Record\u00e1\u00a0que la campa\u00f1a electoral termin\u00f3, y\u00a0que los argentinos somos impacientes.\u00a0En nuestro pa\u00eds\u00a0no existen antecedentes\u00a0de programas\u00a0antiinflacionarios\u00a0exitosos, que\u00a0se tomaron varios\u00a0a\u00f1os para reducir\u00a0la tasa de inflaci\u00f3n\u00a0de 25% anual a\u00a09,9% anual. Todos\u00a0los programas funcionan\u00a0el primer\u00a0d\u00eda, pero no duran.\u00a0\u00bfQu\u00e9 hay que hacer\u00a0para que duren?\u00a0Esta es la cuesti\u00f3n. La respuesta\u00a0mezcla consideraciones t\u00e9cnicas y\u00a0pol\u00edtico-institucionales.<\/p>\n<p>14. \u00daltima, pero no menos importante.\u00a0Ten\u00e9s que pedir lo mismo que el\u00a0papa Francisco: \u201c\u00a1Recen por m\u00ed!\u201d.<\/p>\n<p><em>El autor es economista y director del newsletter Contexto<\/em><\/p>\n","protected":false},"excerpt":{"rendered":"<p>Las l\u00edneas que siguen, inspiradas en\u00a0la recomendaci\u00f3n formulada por\u00a0Alfred Marshall de poner la cabeza\u00a0fr\u00eda al servicio del coraz\u00f3n caliente,\u00a0tienen como destinatario al equipo\u00a0econ\u00f3mico que acompa\u00f1e&#8230;<\/p>\n","protected":false},"author":5,"featured_media":0,"comment_status":"open","ping_status":"open","sticky":false,"template":"","format":"standard","meta":{"_acf_changed":false,"_jetpack_newsletter_access":"","_jetpack_dont_email_post_to_subs":false,"_jetpack_newsletter_tier_id":0,"_jetpack_memberships_contains_paywalled_content":false,"_jetpack_memberships_contains_paid_content":false,"footnotes":""},"categories":[944],"tags":[270],"class_list":["post-11674","post","type-post","status-publish","format-standard","hentry","category-actualidad-2","tag-economia"],"acf":[],"jetpack_featured_media_url":"","jetpack_sharing_enabled":true,"jetpack_shortlink":"https:\/\/wp.me\/p6FC4i-32i","_links":{"self":[{"href":"https:\/\/www.revistacriterio.com.ar\/bloginst_new\/index.php?rest_route=\/wp\/v2\/posts\/11674","targetHints":{"allow":["GET"]}}],"collection":[{"href":"https:\/\/www.revistacriterio.com.ar\/bloginst_new\/index.php?rest_route=\/wp\/v2\/posts"}],"about":[{"href":"https:\/\/www.revistacriterio.com.ar\/bloginst_new\/index.php?rest_route=\/wp\/v2\/types\/post"}],"author":[{"embeddable":true,"href":"https:\/\/www.revistacriterio.com.ar\/bloginst_new\/index.php?rest_route=\/wp\/v2\/users\/5"}],"replies":[{"embeddable":true,"href":"https:\/\/www.revistacriterio.com.ar\/bloginst_new\/index.php?rest_route=%2Fwp%2Fv2%2Fcomments&post=11674"}],"version-history":[{"count":3,"href":"https:\/\/www.revistacriterio.com.ar\/bloginst_new\/index.php?rest_route=\/wp\/v2\/posts\/11674\/revisions"}],"predecessor-version":[{"id":11677,"href":"https:\/\/www.revistacriterio.com.ar\/bloginst_new\/index.php?rest_route=\/wp\/v2\/posts\/11674\/revisions\/11677"}],"wp:attachment":[{"href":"https:\/\/www.revistacriterio.com.ar\/bloginst_new\/index.php?rest_route=%2Fwp%2Fv2%2Fmedia&parent=11674"}],"wp:term":[{"taxonomy":"category","embeddable":true,"href":"https:\/\/www.revistacriterio.com.ar\/bloginst_new\/index.php?rest_route=%2Fwp%2Fv2%2Fcategories&post=11674"},{"taxonomy":"post_tag","embeddable":true,"href":"https:\/\/www.revistacriterio.com.ar\/bloginst_new\/index.php?rest_route=%2Fwp%2Fv2%2Ftags&post=11674"}],"curies":[{"name":"wp","href":"https:\/\/api.w.org\/{rel}","templated":true}]}}