{"id":11793,"date":"2015-12-01T13:28:22","date_gmt":"2015-12-01T16:28:22","guid":{"rendered":"http:\/\/www.revistacriterio.com.ar\/bloginst_new\/?p=11793"},"modified":"2015-12-01T13:28:22","modified_gmt":"2015-12-01T16:28:22","slug":"el-kirchnerismo-etapa-superior-del-peronismo","status":"publish","type":"post","link":"https:\/\/www.revistacriterio.com.ar\/bloginst_new\/?p=11793","title":{"rendered":"El kirchnerismo, etapa superior del peronismo"},"content":{"rendered":"<p><strong>En <em>Es el peronismo, est\u00fapido<\/em>. <em>Cu\u00e1ndo, c\u00f3mo y por qu\u00e9 se jodi\u00f3 la Argentina,<\/em> (Buenos Aires, Galerna, 2015) su autor, Fernando Iglesias, sostiene que \u00abel peronismo genera atraso; el atraso genera frustraci\u00f3n; la frustraci\u00f3n genera peronismo\u201d.<\/strong><\/p>\n<p><a href=\"https:\/\/www.revistacriterio.com.ar\/bloginst_new\/wp-content\/uploads\/2015\/12\/0013103261.jpg\"><img loading=\"lazy\" decoding=\"async\" class=\"alignnone  wp-image-11794\" src=\"https:\/\/www.revistacriterio.com.ar\/bloginst_new\/wp-content\/uploads\/2015\/12\/0013103261.jpg\" alt=\"0013103261\" width=\"170\" height=\"261\" srcset=\"https:\/\/www.revistacriterio.com.ar\/bloginst_new\/wp-content\/uploads\/2015\/12\/0013103261.jpg 770w, https:\/\/www.revistacriterio.com.ar\/bloginst_new\/wp-content\/uploads\/2015\/12\/0013103261-195x300.jpg 195w, https:\/\/www.revistacriterio.com.ar\/bloginst_new\/wp-content\/uploads\/2015\/12\/0013103261-667x1024.jpg 667w\" sizes=\"auto, (max-width: 170px) 100vw, 170px\" \/><\/a><\/p>\n<p>Si algo faltaba decir sobre el peronismo, quien se ha encargado de revisarlo todo es Fernando Iglesias \u2013un ensayista con may\u00fasculas\u2013, que investig\u00f3 primero, reflexion\u00f3 despu\u00e9s y luego escribi\u00f3 un espl\u00e9ndido trabajo que se titula <em>Es el peronismo, est\u00fapido. Cu\u00e1ndo, c\u00f3mo y por qu\u00e9 se jodi\u00f3 la Argentina<\/em>.Se trata de un libro inevitable para comprender lo que nos ha ocurrido.<br \/>\nEl relato empieza por la tapa, donde hay una foto del general Jos\u00e9 F\u00e9lix Uriburu llegando en auto descubierto a la Casa de Gobierno para deponer al presidente Hip\u00f3lito Yrigoyen. A su lado, dando instrucciones \u2013desde el estribo derecho\u2013 aparece el capit\u00e1n del Ej\u00e9rcito Juan Domingo Per\u00f3n. La fecha es clave en nuestra historia: el 6 de septiembre de 1930. All\u00ed tom\u00f3 el poder el Partido Militar y se instal\u00f3 el primer gobierno de facto. Ese d\u00eda se consolid\u00f3 lo que ser\u00eda el mejor aliado del populismo, que empez\u00f3 a gobernar al producirse el segundo golpe militar, el 4 de junio de 1943.<br \/>\nEl hombre elegido por el destino fue Per\u00f3n \u2013militar y populista\u2013, dotado de las mejores armas para instalar el fascismo despu\u00e9s de su estrepitosa derrota en la Segunda Guerra Mundial. Era simp\u00e1tico y seductor, capaz de despertar el patrioterismo con su sola presencia. Aqu\u00ed est\u00e1 su derrotero.<br \/>\nLa tesis central de este libro es simple; la define el autor: \u201cEl peronismo es el problema principal, central, troncal, de la Rep\u00fablica Argentina. Sin solucionarlo el pa\u00eds no tiene destino. El peronismo y su autoritarismo mal encubierto, su patrioterismo entreguista gritado, a los cuatro vientos, su corrupci\u00f3n siempre mayor y su violencia. El peronismo, como sistema cardinal de poder estatal mafioso, disfrazado de movimiento pol\u00edtico. El peronismo, y m\u00e1s que el peronismo, la hegemon\u00eda peronista, el monopolio casi absoluto del poder pol\u00edtico por parte del peronismo, la transformaci\u00f3n de las pol\u00edtica nacional en una interna del Pejota\u201d.<br \/>\nNaturalmente, tambi\u00e9n encuentra culpas en la oposici\u00f3n, que Iglesias concentra en su debilidad, su complacencia y su complicidad \u2013seg\u00fan los casos\u2013 con el gran psic\u00f3pata alrededor del cual gira la pol\u00edtica argentina. Por eso sentencia: \u201cNo hay soluci\u00f3n posible para el pa\u00eds, no hay reversi\u00f3n de la progresiva y veloz decadencia en la que hemos entrado, sin salir del sistema peronista-c\u00e9ntrico en el que hemos ca\u00eddo desde hace menos de un cuarto de siglo; sin generar una alternativa de poder republicano frente al poder mafioso y de democracia ante los abusos de un poder concentrado y devastador\u201d.<br \/>\nEl autor insiste en identificar al peronismo como una s\u00edntesis entre el Partido Militar y el Partido Populista. Entre los militares hubo una interna acad\u00e9mico-ideol\u00f3gica que libraron los intelectuales revisionistas, elitistas los unos, populistas los otros; antirrepublicanos y antidemocr\u00e1ticos todos. El propio Per\u00f3n \u2013militar antes que pol\u00edtico\u2013 lo defini\u00f3 en una frase: \u201cDentro de la Comunidad Organizada, las Fuerzas Armadas de la Naci\u00f3n son algo as\u00ed como la columna vertebral que sostiene la vertical de todo el organismo\u201d (cita de F\u00e9lix Luna). A lo que Iglesias remarca: \u201cColumna vertebral. No los trabajadores sino los militares\u201d.<br \/>\nEsto se vio con claridad despu\u00e9s del 17 de octubre de 1945, cuando Per\u00f3n dej\u00f3 estampada su versi\u00f3n estrictamente castrense de los acontecimientos. Lo hizo en un folleto que firmar\u00eda con el nombre de su perro (Bill de Caledonia), y donde no menciona a ninguno de los dirigentes obreros, ni a los tres hombres fuertes que manejaron la situaci\u00f3n: Cipriano Reyes (en los sindicatos), Domingo Mercante (con los militares) y Juan Atilio Bramuglia (entre los pol\u00edticos). No lo dice el autor, pero lo digo yo, que puedo hablar de estos hechos por haberlos estudiado e investigado hasta el m\u00ednimo detalle (ver mi Historia del Peronismo, tomo I). El folleto se llam\u00f3 \u201c\u00bfD\u00f3nde estuvo?\u201d y se imprimi\u00f3 en la Penitenciar\u00eda Nacional, por orden de su titular Roberto Pettinato. Una copia del mismo se halla en mi poder.<br \/>\nEn la cr\u00f3nica de Iglesias falta consignar la versi\u00f3n de un peronista como \u00c1ngel Perelman, secretario general de la Uni\u00f3n Obrera Metal\u00fargica, quien expres\u00f3 que el 17 de octubre la actitud de la polic\u00eda comenz\u00f3 a cambiar: \u201cLo notamos en los numerosos vigilantes que perd\u00edan su aire de autoridad. Nos miraban ya sea con una actitud confusa o con una vaga simpat\u00eda. La situaci\u00f3n se aclar\u00f3 de repente cuando vimos, a eso de las 15 horas, atravesar a toda velocidad, cruzando enfrente de nuestro taxi, a un cami\u00f3n de Correos cargado de vigilantes que gritaban, ante nuestra sorpresa: \u00a1Viva Per\u00f3n!\u201d (C\u00f3mo hicimos el 17 de octubre; por \u00c1ngel Perelman. Editorial Coyoac\u00e1n; Bs. As., 1961).<br \/>\nTambi\u00e9n vale la pena corregir un peque\u00f1o error en el libro de Iglesias: donde dice que consta en los archivos de la Conadep denuncias de aproximadamente 600 secuestros que se habr\u00edan producido antes del golpe militar, es decir, durante tres a\u00f1os de gobierno peronista. \u201cOtras fuentes \u2013agrega Iglesias\u2013, han elaborado una lista completa de 685 v\u00edctimas, a raz\u00f3n de unas 300 anuales, producidas y financiadas por el gobierno peronista\u201d. La verdad es que fueron muchos m\u00e1s que 600 los muertos del peronismo. Empezando por Lastiri y Per\u00f3n, que tienen 66 v\u00edctimas con nombre y apellido, entre ellos Carlos Mugica y Constantino Razzetti. Si les sumamos los 964 de Isabelita se supera el millar; llegan a 1030 los muertos del peronismo. Todos con nombre y apellido, asesinados por la tristemente c\u00e9lebre Triple A, creada por Per\u00f3n y manejada por su ministro Jos\u00e9 L\u00f3pez Rega.<br \/>\nNi que hablar del Proceso, que continu\u00f3 la matanza y dej\u00f3 casi diez mil muertos identificados. Iglesias le echa \u2013con raz\u00f3n\u2013 la culpa de todo a Per\u00f3n, quien aval\u00f3 a los montoneros, puso a su mujer en la vicepresidencia y le dej\u00f3 el poder (y al loco de L\u00f3pez Rega) con el manejo de la Triple A. Vinieron luego los militares y, amparados en la ley peronista de aniquilar al adversario, no dejaron vivo a ning\u00fan guerrillero.<br \/>\nLas ma\u00f1as del peronismo para aguijonear y debilitar profundamente a los gobiernos democr\u00e1ticos siempre fueron parecidas. Lo confes\u00f3 Cristina Fern\u00e1ndez de Kirchner, y la cita figura en este libro. Se refiere a los finales de De la R\u00faa y Alfons\u00edn, cuando dice que \u201ceste es un manual para saqueos, violencia y desestabilizaci\u00f3n de gobiernos que tiene sus historias (\u2026) Quiero ser absolutamente sincera y honesta, como lo he sido siempre, porque se inaugur\u00f3 el primer tomo de ese manual en el final del gobierno del doctor Alfons\u00edn. M\u00e1s all\u00e1 de sectores pol\u00edticos y fundamentalmente sectores del Pejota, todos lo sabemos perfectamente (\u2026). Porque fui, soy y ser\u00e9 peronista pero antes que peronista soy argentina. La verdad no debe ofender a nadie. Y la verdad es que tampoco fueron espont\u00e1neos los saqueos que terminaron con el gobierno del doctor Alfons\u00edn. Todos lo sabemos\u201d. Agreg\u00f3 Cristina Fern\u00e1ndez que \u201clo mismo pas\u00f3 en el 2001. M\u00e1s all\u00e1 de los terribles errores y horrores del estado de sitio de De la R\u00faa y las 38 muertes (\u2026) Sabemos c\u00f3mo se organiz\u00f3 eso. Sabemos qui\u00e9nes eran los actores. Sabemos que comenz\u00f3 en la provincia de Buenos Aires (\u2026) Bueno, toda la vieja historia que ya conocemos los argentinos\u201d.<br \/>\nDice tambi\u00e9n el autor que la Presidente no aclar\u00f3 por qu\u00e9 no hab\u00eda denunciado los hechos en 2001, como era su obligaci\u00f3n de funcionaria p\u00fablica, en vez de \u201candar pidiendo la renuncia de De la R\u00faa\u201d.<br \/>\nPara los peronistas los \u00fanicos que saben gobernar son ellos y nadie m\u00e1s. El kirchnerismo se considera \u201cla etapa superior del peronismo\u201d. Y tiene raz\u00f3n. Iglesias lo pone as\u00ed, sin ambages, aunque otros lo nieguen para salvarlo. Son los que creen que vivimos una panacea de felicidad. Y lo que puede ocurrir es que se trate de la \u00faltima etapa del peronismo.<br \/>\nTodos sabemos que Per\u00f3n se adjudic\u00f3 tres banderas famosas: un pa\u00eds socialmente justo, econ\u00f3micamente libre y pol\u00edticamente soberano. Quienes lo hemos vivido sabemos que esto no fue cierto. Lo primero se agot\u00f3 con el eslogan \u201cBraden o Per\u00f3n\u201d, porque el pr\u00e9stamo del Eximbank, la nueva ley de entidades financieras, los acuerdos con la Standard Oil y las deudas de Menem al sistema financiero internacional, m\u00e1s las relaciones carnales con los Estados Unidos arriaron e hicieron trizas las tres banderas peronistas.<br \/>\nLo segundo, la justicia social, tampoco se logr\u00f3, porque las leyes protectoras de los trabajadores ya exist\u00edan antes de su llegada y eran todas socialistas. Y la tercera bandera, la soberan\u00eda pol\u00edtica, tampoco se da, pues los acuerdos con otros pa\u00edses son cada vez m\u00e1s perjudiciales.<br \/>\nQueda finalmente por descubrir en este libro cu\u00e1ndo se jodi\u00f3 la Argentina. Est\u00e1 la respuesta y tiene tres fechas. En 1930, cuando el Partido Militar irrumpi\u00f3 en las escena nacional y estableci\u00f3 luego, con el Populismo, un monopolio de poder que a\u00fan persiste; usurpando el lugar del liberalismo y la socialdemocracia. Fue tambi\u00e9n en 1946, cuando el voto popular convalid\u00f3 el golpe profascista de 1943. Y la Argentina se termin\u00f3 de joder en 2001, cuando el populismo inorg\u00e1nico de las puebladas, las plazas y las asambleas rompi\u00f3 el orden constitucional, abort\u00f3 el segundo intento de la sociedad argentina de liberarse de las alternancias entre los militares y el peronismo, y abri\u00f3 el camino al populismo organizado del Partido Justicialista y a la tercera d\u00e9cada peronista despu\u00e9s de las de Per\u00f3n y de Menem.<br \/>\nEl autor se complace en recalcar lo que han dicho los candidatos de la oposici\u00f3n al Gobierno de los Kirchner: las instituciones, \u201cpaulatinamente demolidas ante la indiferencia de las mayor\u00eda de las poblaci\u00f3n\u201d, han sido reemplazadas por la Mafia, la Caja y la Patota. \u201cLa corrupci\u00f3n del peronismo kirchnerista \u2013dice\u2013 no s\u00f3lo es mucho mayor que la del peronismo menemista; ha alcanzado una diferente magnitud. Es de otra escala\u201d. Dice que no es corrupci\u00f3n sino apoderamiento del pa\u00eds por parte de una mafia cuyo m\u00e9todo es la disoluci\u00f3n del Estado en nombre de su reconstrucci\u00f3n y su reemplazo por una oligarqu\u00eda mafiosa.<br \/>\nEs muy importante que un hombre de 57 a\u00f1os como Iglesias, que no ha vivido el primer peronismo, haya escrito este trabajo, porque revela, con argumentos indiscutibles, que el peronismo representa una sola cosa: el atraso del pa\u00eds. Como partido pol\u00edtico ha logrado imponer un estilo diametralmente opuesto al del resto de las agrupaciones. Se maneja con c\u00f3digos; como la Mafia, no respeta la ley, la incumple, la viola, la desconoce. Cree que el Estado le pertenece como cosa propia. \u201cPara los argentinos de hoy \u2013advierte Iglesias\u2013 la ley es fascismo y el orden de Derecha. Por eso la ley y las normas no pueden siquiera ser nombradas. Las hemos reemplazado por c\u00f3digos, es decir, por reglamentos mafiosos nacidos en los ambientes tumberos, trasplantados al \u00e1mbito futbol\u00edstico y extendido al conjunto de las sociedad a medidas que el Partido Populista fue ganando la batalla cultural, valientemente comandado por su Vatay\u00f3n Militante\u201d.<br \/>\nFinalmente, hablemos de la desocupaci\u00f3n y compar\u00e9monos con nuestros vecinos uruguayos. En 2003 ten\u00edan empleo un mill\u00f3n de personas en ese pa\u00eds; a fines de 2013 los trabajadores uruguayos empleados superaban el mill\u00f3n y medio. Seg\u00fan los c\u00e1lculos de Iglesias, si los kirchneristas hubiesen hecho lo mismo, de los 12.393.000 trabajadores desocupados que recibi\u00f3 N\u00e9stor Kirchner al llegar al poder, hoy habr\u00eda 7.730.000 con trabajo real. Y confirma que la mentira mayor del kirchnerismo fue la del pleno empleo. \u201cEste modelo hizo del trabajo un eje fundamental (\u2026) Hemos creado seis millones de puestos de trabajo\u201d, dijo Cristina Fern\u00e1ndez en la \u00faltima apertura del a\u00f1o legislativo. \u00bfD\u00f3nde est\u00e1n?<br \/>\nPara el jefe del peronismo, la ideolog\u00eda nazifascista siempre mereci\u00f3 una atenci\u00f3n especial. Se citan en el libro frases de Per\u00f3n, en donde considera que la infamia m\u00e1s grande de las Segunda Guerra no fue Auschwitz sino N\u00fcremberg. Se recuerda tambi\u00e9n la facilidad con que entraron al pa\u00eds criminales nazis como Adolf Eichmann, Josef Mengele y Erich Priebke.<br \/>\nTambi\u00e9n encuentra Iglesias datos similares en las dos parejas gobernantes: el hombre c\u00ednico, la mujer fan\u00e1tica. \u201cMe gustan los fan\u00e1ticos y todos los fanatismos de la historia\u201d, dec\u00eda Evita. \u201cSentir pasi\u00f3n por algo, sentir pasi\u00f3n por un club es tambi\u00e9n, \u00bfsab\u00e9s qu\u00e9?, estar vivo\u201d, dice Cristina.<br \/>\nIglesias deja bien claro que el kirchnerismo no s\u00f3lo es peronismo, sino su etapa superior. Por dos motivos: 1) ha potenciado y mantenido la vigencia de las peores caracter\u00edsticas del peronismo en pleno siglo XXI, en un escenario en el que el populismo autoritario y nacionalista no es ya la regla sino la excepci\u00f3n en Am\u00e9rica latina; y 2) es la consumaci\u00f3n inevitable del fracaso del modelo estatista-nacionalista-populista-industrialista que el peronismo impuso bajo el r\u00f3tulo de proyecto nacional. Concluye Iglesias: \u201cEl peronismo es el responsable de la decadencia que en estos \u00faltimos veinticinco a\u00f1os ha vivido la Argentina, fuertemente agravada en el per\u00edodo kirchnerista a pesar del contexto internacional excepcionalmente favorable\u201d.<br \/>\nAntes de terminar recordemos a Ra\u00fal Alfons\u00edn, cuando denunci\u00f3 el pacto sindical-militar. Le ped\u00edan pruebas y nadie encontr\u00f3 ning\u00fan papel. Porque no lo hab\u00eda. No estaba escrito. Estaba, eso s\u00ed, en la memoria de quienes asistieron a la asunci\u00f3n del General Juan Carlos Ongan\u00eda, quien lleg\u00f3 a asumir la presidencia del brazo del cardenal Antonio Caggiano, ante la respetuosa presencia de todos los jefes de los sindicatos argentinos. \u00c9stos hab\u00edan arreglado la devoluci\u00f3n de las obras sociales a cambio del apoyo al nuevo gobierno. Echaron a Illia y apoyaron a Ongan\u00eda por los millones que significaban los sanatorios y los servicios m\u00e9dicos de los gremios. Todos se enriquecieron.<br \/>\nTermino diciendo que este es un libro para leer y guardarlo, porque servir\u00e1 de prueba de lo que se vivi\u00f3 en esta \u00e9poca. Que no fue ganada sino saqueada, como bien la define el autor.<\/p>\n","protected":false},"excerpt":{"rendered":"<p>En Es el peronismo, est\u00fapido. Cu\u00e1ndo, c\u00f3mo y por qu\u00e9 se jodi\u00f3 la Argentina, (Buenos Aires, Galerna, 2015) su autor, Fernando Iglesias, sostiene que \u00abel&#8230;<\/p>\n","protected":false},"author":5,"featured_media":0,"comment_status":"open","ping_status":"open","sticky":false,"template":"","format":"standard","meta":{"_acf_changed":false,"_jetpack_newsletter_access":"","_jetpack_dont_email_post_to_subs":false,"_jetpack_newsletter_tier_id":0,"_jetpack_memberships_contains_paywalled_content":false,"_jetpack_memberships_contains_paid_content":false,"footnotes":""},"categories":[4],"tags":[31],"class_list":["post-11793","post","type-post","status-publish","format-standard","hentry","category-cultura","tag-libros"],"acf":[],"jetpack_featured_media_url":"","jetpack_sharing_enabled":true,"jetpack_shortlink":"https:\/\/wp.me\/p6FC4i-34d","_links":{"self":[{"href":"https:\/\/www.revistacriterio.com.ar\/bloginst_new\/index.php?rest_route=\/wp\/v2\/posts\/11793","targetHints":{"allow":["GET"]}}],"collection":[{"href":"https:\/\/www.revistacriterio.com.ar\/bloginst_new\/index.php?rest_route=\/wp\/v2\/posts"}],"about":[{"href":"https:\/\/www.revistacriterio.com.ar\/bloginst_new\/index.php?rest_route=\/wp\/v2\/types\/post"}],"author":[{"embeddable":true,"href":"https:\/\/www.revistacriterio.com.ar\/bloginst_new\/index.php?rest_route=\/wp\/v2\/users\/5"}],"replies":[{"embeddable":true,"href":"https:\/\/www.revistacriterio.com.ar\/bloginst_new\/index.php?rest_route=%2Fwp%2Fv2%2Fcomments&post=11793"}],"version-history":[{"count":1,"href":"https:\/\/www.revistacriterio.com.ar\/bloginst_new\/index.php?rest_route=\/wp\/v2\/posts\/11793\/revisions"}],"predecessor-version":[{"id":11795,"href":"https:\/\/www.revistacriterio.com.ar\/bloginst_new\/index.php?rest_route=\/wp\/v2\/posts\/11793\/revisions\/11795"}],"wp:attachment":[{"href":"https:\/\/www.revistacriterio.com.ar\/bloginst_new\/index.php?rest_route=%2Fwp%2Fv2%2Fmedia&parent=11793"}],"wp:term":[{"taxonomy":"category","embeddable":true,"href":"https:\/\/www.revistacriterio.com.ar\/bloginst_new\/index.php?rest_route=%2Fwp%2Fv2%2Fcategories&post=11793"},{"taxonomy":"post_tag","embeddable":true,"href":"https:\/\/www.revistacriterio.com.ar\/bloginst_new\/index.php?rest_route=%2Fwp%2Fv2%2Ftags&post=11793"}],"curies":[{"name":"wp","href":"https:\/\/api.w.org\/{rel}","templated":true}]}}