{"id":11796,"date":"2015-12-01T13:31:10","date_gmt":"2015-12-01T16:31:10","guid":{"rendered":"http:\/\/www.revistacriterio.com.ar\/bloginst_new\/?p=11796"},"modified":"2015-12-01T13:31:10","modified_gmt":"2015-12-01T16:31:10","slug":"economia-del-conocimiento-seria-advertencia-del-banco-mundial","status":"publish","type":"post","link":"https:\/\/www.revistacriterio.com.ar\/bloginst_new\/?p=11796","title":{"rendered":"Econom\u00eda del conocimiento: Seria advertencia del Banco Mundial"},"content":{"rendered":"<p>Un informe alarmante del Banco Mundial \u2013<em>El emprendimiento en Am\u00e9rica Latina: muchas empresas y poca innovaci\u00f3n<\/em>\u2013 describe un hecho que, de no modificarse, amenaza el futuro de la regi\u00f3n. El documento, explicado en estos d\u00edas por el economista jefe para Am\u00e9rica latina y el Caribe (ALC) de dicho Banco, Augusto de la Torre, se\u00f1ala que la situaci\u00f3n afecta seriamente las exportaciones y el crecimiento econ\u00f3mico. \u00bfC\u00f3mo se explica esto?<br \/>\nDel informe se desprende que la regi\u00f3n carece de una econom\u00eda que exporte nuevas tecnolog\u00edas, productos manufacturados, alto valor agregado. Vende mayormente materias primas con poca innovaci\u00f3n. Por varias razones sus habituales importadores redujeron las demandas \u2013el crecimiento econ\u00f3mico de China baj\u00f3, la crisis en los Estados Unidos limit\u00f3 compras, etc.\u2013, por lo que los precios de las materias primas declinaron. As\u00ed el PBI de Am\u00e9rica latina y el Caribe, que ven\u00eda creciendo, declin\u00f3 del 6 al 2,5% en el \u00faltimo a\u00f1o medido. El economista de la Torre indic\u00f3 que la regi\u00f3n \u201cya no puede contar con el exterior para crecer y, como carece de herramientas alternativas, mantendr\u00e1 la desaceleraci\u00f3n econ\u00f3mica si no realiza reformas\u201d.<br \/>\nEl Banco Mundial se\u00f1ala que la regi\u00f3n introduce productos nuevos a un ritmo menor que otras regiones en desarrollo, e invierte muy poco en I+D (Investigaci\u00f3n y Desarrollo). Las empresas multinacionales chinas aportan a I+D 34 veces m\u00e1s que las multinacionales latinoamericanas, a excepci\u00f3n de Brasil, y las multinacionales de los pa\u00edses m\u00e1s desarrollados 40 veces m\u00e1s. Por eso \u201cAm\u00e9rica latina y el Caribe est\u00e1n en la cola de la innovaci\u00f3n\u201d.<br \/>\nJos\u00e9 Miguel Benavente, especialista en innovaci\u00f3n y competitividad del BID, explica que la regi\u00f3n se conforma con exportar su riqueza aut\u00f3ctona sin transformarla y no se preocupa por hacer otro tipo de productos innovadores para exportar; es su mayor riego. Se\u00f1ala el escaso capital humano cualificado, aun entre los due\u00f1os de empresas. En ese sentido, el informe del Banco Mundial indica que si bien tienen empresarios transformadores, no logran insertarse en las grandes empresas debido a la pobreza de la regi\u00f3n; trabajan en forma aut\u00f3noma sin generar valor agregado. Las empresas de cualquier tama\u00f1o son m\u00e1s peque\u00f1as que las de otras regiones, y las m\u00e1s grandes no crean empleo como en los pa\u00edses avanzados; las de 40 a\u00f1os de antig\u00fcedad empiezan a destruir empleo, retroceden. Las empresas medianas, a los 40 a\u00f1os de vida, emplean a 110 personas promedio; las de Asia oriental a casi 170; las de Europa oriental a 220 y las de pa\u00edses desarrollados a 250.<br \/>\nEl panorama es desolador si se tiene en cuenta que la dirigencia pol\u00edtica de Am\u00e9rica latina y el Caribe no comprende el problema ni adopta estrategias para implementar la econom\u00eda del conocimiento, con la que pa\u00edses asi\u00e1ticos muy pobres y otros salieron adelante. Miremos a la Argentina, la que m\u00e1s Premios Nobel en ciencias tuvo en Iberoam\u00e9rica, con universitarios y economistas destacados, tampoco comprende el problema. Andr\u00e9s Oppenheimer, periodista y autor de libros sobre el tema, escribi\u00f3 recientemente: \u201cAm\u00e9rica del Sur se qued\u00f3 dormida mientras el mundo marchaba hacia la econom\u00eda del conocimiento; los presidentes deber\u00edan cambiar de estrategia econ\u00f3mica y producir bienes de mayor valor agregado; lamentablemente siguen hablando del pasado, ajenos al mundo que se viene\u201d.<br \/>\nHay una excepci\u00f3n: Brasil, al que nos referiremos en un pr\u00f3ximo art\u00edculo, y Bolivia \u2013s\u00ed, Bolivia, uno de los pa\u00edses m\u00e1s pobres de la regi\u00f3n\u2013 que ha expresado una decisi\u00f3n pol\u00edtica-econ\u00f3mica que tambi\u00e9n comentaremos.<\/p>\n","protected":false},"excerpt":{"rendered":"<p>Un informe alarmante del Banco Mundial \u2013El emprendimiento en Am\u00e9rica Latina: muchas empresas y poca innovaci\u00f3n\u2013 describe un hecho que, de no modificarse, amenaza el&#8230;<\/p>\n","protected":false},"author":5,"featured_media":0,"comment_status":"open","ping_status":"open","sticky":false,"template":"","format":"standard","meta":{"_acf_changed":false,"_jetpack_newsletter_access":"","_jetpack_dont_email_post_to_subs":false,"_jetpack_newsletter_tier_id":0,"_jetpack_memberships_contains_paywalled_content":false,"_jetpack_memberships_contains_paid_content":false,"footnotes":""},"categories":[944],"tags":[910],"class_list":["post-11796","post","type-post","status-publish","format-standard","hentry","category-actualidad-2","tag-economia-del-conocimiento"],"acf":[],"jetpack_featured_media_url":"","jetpack_sharing_enabled":true,"jetpack_shortlink":"https:\/\/wp.me\/p6FC4i-34g","_links":{"self":[{"href":"https:\/\/www.revistacriterio.com.ar\/bloginst_new\/index.php?rest_route=\/wp\/v2\/posts\/11796","targetHints":{"allow":["GET"]}}],"collection":[{"href":"https:\/\/www.revistacriterio.com.ar\/bloginst_new\/index.php?rest_route=\/wp\/v2\/posts"}],"about":[{"href":"https:\/\/www.revistacriterio.com.ar\/bloginst_new\/index.php?rest_route=\/wp\/v2\/types\/post"}],"author":[{"embeddable":true,"href":"https:\/\/www.revistacriterio.com.ar\/bloginst_new\/index.php?rest_route=\/wp\/v2\/users\/5"}],"replies":[{"embeddable":true,"href":"https:\/\/www.revistacriterio.com.ar\/bloginst_new\/index.php?rest_route=%2Fwp%2Fv2%2Fcomments&post=11796"}],"version-history":[{"count":1,"href":"https:\/\/www.revistacriterio.com.ar\/bloginst_new\/index.php?rest_route=\/wp\/v2\/posts\/11796\/revisions"}],"predecessor-version":[{"id":11797,"href":"https:\/\/www.revistacriterio.com.ar\/bloginst_new\/index.php?rest_route=\/wp\/v2\/posts\/11796\/revisions\/11797"}],"wp:attachment":[{"href":"https:\/\/www.revistacriterio.com.ar\/bloginst_new\/index.php?rest_route=%2Fwp%2Fv2%2Fmedia&parent=11796"}],"wp:term":[{"taxonomy":"category","embeddable":true,"href":"https:\/\/www.revistacriterio.com.ar\/bloginst_new\/index.php?rest_route=%2Fwp%2Fv2%2Fcategories&post=11796"},{"taxonomy":"post_tag","embeddable":true,"href":"https:\/\/www.revistacriterio.com.ar\/bloginst_new\/index.php?rest_route=%2Fwp%2Fv2%2Ftags&post=11796"}],"curies":[{"name":"wp","href":"https:\/\/api.w.org\/{rel}","templated":true}]}}