{"id":11886,"date":"2015-12-04T11:01:23","date_gmt":"2015-12-04T14:01:23","guid":{"rendered":"http:\/\/www.revistacriterio.com.ar\/bloginst_new\/?p=11886"},"modified":"2015-12-11T11:05:20","modified_gmt":"2015-12-11T14:05:20","slug":"los-excluidos-sufriran-mas-el-cambio-climatico","status":"publish","type":"post","link":"https:\/\/www.revistacriterio.com.ar\/bloginst_new\/?p=11886","title":{"rendered":"Los excluidos sufrir\u00e1n m\u00e1s el cambio clim\u00e1tico"},"content":{"rendered":"<p><strong>Recibimos una reflexi\u00f3n desde el\u00a0Instituto de Cultura Popular respecto a la Conferencia de Partes realizada en Par\u00eds, que nos pareci\u00f3 interesante compartir.<\/strong><\/p>\n<p>Desde INCUPO el Instituto de Cultura Popular expresamos nuestra mirada sobre la Conferencia de Partes o COP21 que en la ciudad de Par\u00eds re\u00fane a los principales l\u00edderes pol\u00edticos del mundo para debatir medidas que apunten a detener el calentamiento global, que afecta y afectar\u00e1 a toda la humanidad, pero principalmente a los m\u00e1s pobres y excluidos.<\/p>\n<p>El 30 de noviembre comenz\u00f3 en la ciudad de Par\u00eds, Francia, la vig\u00e9simo primera Conferencia de las Partes de la Convenci\u00f3n Marco de Naciones Unidas sobre el Cambio Clim\u00e1tico de 2015 -COP21\/CMP11, que se extender\u00e1 hasta al 11 de diciembre con encuentros de los que se espera surja un acuerdo internacional sobre el clima, aplicable a todos los pa\u00edses, con el objetivo de mantener el calentamiento global por debajo de los 2\u00b0C respecto de la era preindustrial y as\u00ed evitar consecuencias que sufrir\u00e1 toda la humanidad y principalmente los m\u00e1s pobres y excluidos.<\/p>\n<p>En este sentido, es importante comprender en su profundidad el concepto de Justicia Clim\u00e1tica, porque \u201ctodos vamos a sufrir las consecuencias, pero los m\u00e1s pobres son los que tienen menos posibilidades de cobertura ante esos cambios. Por ejemplo, pregunt\u00e9monos que har\u00edan los que viven de la pesca si no tienen m\u00e1s peces y los que viven de los bosques, sin bosques, o con tierras desiertas\u201d sostuvo desde INCUPO el Ingeniero Forestal, Roberto Larrea.<\/p>\n<p>La COP 21 ser\u00e1 clave para alcanzar acuerdos que puedan mitigar el calentamiento global y evitar que la temperatura se incremente 2\u00b0C en comparaci\u00f3n con la era preindustrial. Aunque algunas de las claves para para una buena relaci\u00f3n con la naturaleza la vienen dando desde hace mucho los peque\u00f1os campesinos y los pueblos ind\u00edgenas.<\/p>\n<p>\u201cEn INCUPO decimos que debemos relacionar lo agropecuario, la biodiversidad y el cambio clim\u00e1tico. En los pa\u00edses de Latinoam\u00e9rica solemos tener el Ministerio de la Producci\u00f3n por un lado y la Secretar\u00eda de Medio Ambiente y Desarrollo Sustentable por otro. El aporte que puede hacer la gente que vive en el medio rural como son los peque\u00f1os productores, campesinos e ind\u00edgenas, es importante porque hace muchos a\u00f1os que ellos vinculan el modelo agropecuario, la biodiversidad y el cambio clim\u00e1tico\u201d, asegur\u00f3 Roberto Larrea.<\/p>\n<p>Al pensar en acciones que aporten al enfriamiento del planeta, el Ingeniero Forestal sostuvo que se debe realizar \u201cuna reconversi\u00f3n de la agricultura porque est\u00e1 bien que Argentina tenga que producir pero tambi\u00e9n hay que cambiar de modelo\u201d.<\/p>\n<p>\u201cTambi\u00e9n hay que sumar pr\u00e1cticas agroecol\u00f3gicas; el control de cuencas; el cuidado de las semillas aut\u00f3ctonas; la rotaci\u00f3n de cultivos; las pr\u00e1cticas de manejo ganadero y silvopastoril; el enfoque de g\u00e9nero para ver qu\u00e9 piensan las mujeres y los varones; y como lo dice el Papa, para llevar adelante acciones primero hay que preguntar a la gente local y no pensar primero en mega proyectos. Por ejemplo, Bolivia trabaja el concepto de los derechos de la Madre Tierra al igual que muchos pueblos ind\u00edgenas, es decir, reconocer que hay distintas culturas que se manejan con la naturaleza de distinta manera\u201d, agreg\u00f3.<\/p>\n<p>Finalmente concluy\u00f3 \u2013\u201cEn INCUPO creemos enf\u00e1ticamente que hasta que las pol\u00edticas p\u00fablicas y la voluntad para implementarlas no contemplen un desarrollo sustentable, rural &#8211; urbano, ser\u00e1 dif\u00edcil encontrar soluciones verdaderas en la lucha por el Cambio Clim\u00e1tico\u201d.<\/p>\n","protected":false},"excerpt":{"rendered":"<p>Recibimos una reflexi\u00f3n desde el\u00a0Instituto de Cultura Popular respecto a la Conferencia de Partes realizada en Par\u00eds, que nos pareci\u00f3 interesante compartir. Desde INCUPO el&#8230;<\/p>\n","protected":false},"author":5,"featured_media":0,"comment_status":"open","ping_status":"open","sticky":false,"template":"","format":"standard","meta":{"_acf_changed":false,"_jetpack_newsletter_access":"","_jetpack_dont_email_post_to_subs":false,"_jetpack_newsletter_tier_id":0,"_jetpack_memberships_contains_paywalled_content":false,"_jetpack_memberships_contains_paid_content":false,"footnotes":""},"categories":[944],"tags":[1411,1412],"class_list":["post-11886","post","type-post","status-publish","format-standard","hentry","category-actualidad-2","tag-calentamiento-global","tag-conferencia-de-partes"],"acf":[],"jetpack_featured_media_url":"","jetpack_sharing_enabled":true,"jetpack_shortlink":"https:\/\/wp.me\/p6FC4i-35I","_links":{"self":[{"href":"https:\/\/www.revistacriterio.com.ar\/bloginst_new\/index.php?rest_route=\/wp\/v2\/posts\/11886","targetHints":{"allow":["GET"]}}],"collection":[{"href":"https:\/\/www.revistacriterio.com.ar\/bloginst_new\/index.php?rest_route=\/wp\/v2\/posts"}],"about":[{"href":"https:\/\/www.revistacriterio.com.ar\/bloginst_new\/index.php?rest_route=\/wp\/v2\/types\/post"}],"author":[{"embeddable":true,"href":"https:\/\/www.revistacriterio.com.ar\/bloginst_new\/index.php?rest_route=\/wp\/v2\/users\/5"}],"replies":[{"embeddable":true,"href":"https:\/\/www.revistacriterio.com.ar\/bloginst_new\/index.php?rest_route=%2Fwp%2Fv2%2Fcomments&post=11886"}],"version-history":[{"count":1,"href":"https:\/\/www.revistacriterio.com.ar\/bloginst_new\/index.php?rest_route=\/wp\/v2\/posts\/11886\/revisions"}],"predecessor-version":[{"id":11887,"href":"https:\/\/www.revistacriterio.com.ar\/bloginst_new\/index.php?rest_route=\/wp\/v2\/posts\/11886\/revisions\/11887"}],"wp:attachment":[{"href":"https:\/\/www.revistacriterio.com.ar\/bloginst_new\/index.php?rest_route=%2Fwp%2Fv2%2Fmedia&parent=11886"}],"wp:term":[{"taxonomy":"category","embeddable":true,"href":"https:\/\/www.revistacriterio.com.ar\/bloginst_new\/index.php?rest_route=%2Fwp%2Fv2%2Fcategories&post=11886"},{"taxonomy":"post_tag","embeddable":true,"href":"https:\/\/www.revistacriterio.com.ar\/bloginst_new\/index.php?rest_route=%2Fwp%2Fv2%2Ftags&post=11886"}],"curies":[{"name":"wp","href":"https:\/\/api.w.org\/{rel}","templated":true}]}}