{"id":12008,"date":"2016-02-23T16:31:25","date_gmt":"2016-02-23T19:31:25","guid":{"rendered":"http:\/\/www.revistacriterio.com.ar\/bloginst_new\/?p=12008"},"modified":"2016-02-24T14:45:09","modified_gmt":"2016-02-24T17:45:09","slug":"los-rosarios-del-papa","status":"publish","type":"post","link":"https:\/\/www.revistacriterio.com.ar\/bloginst_new\/?p=12008","title":{"rendered":"Los rosarios del Papa"},"content":{"rendered":"<p>El rosario es un obsequio acostumbrado de la Santa Sede cuando se tiene ocasi\u00f3n de saludar al Papa, o cuando \u00e9ste env\u00eda un recuerdo a alguien, y guarda una significaci\u00f3n netamente religiosa. Si bien los or\u00edgenes de esta tradici\u00f3n se remontan al Oriente cristiano, particularmente devoto de la Virgen Mar\u00eda, en contraste con la Reforma protestante (vigorosamente cristoc\u00e9ntrica) el rosario qued\u00f3 identificado con Roma. Al parecer los antiguos monjes benedictinos demostraron estima por esta oraci\u00f3n y la Orden de los dominicos extendi\u00f3 su pr\u00e1ctica a grandes sectores populares en Europa. Los misterios, que eran tradicionalmente quince y que Juan Pablo II extendi\u00f3 a veinte, conmemoran la vida de Jes\u00fas y de su madre. En el siglo XIII, en oposici\u00f3n al movimiento her\u00e9tico albigense o de los c\u00e1taros en Francia, quienes adem\u00e1s de ser dualistas no veneraban a la Virgen Mar\u00eda, el rezo del rosario gan\u00f3 popularidad.<\/p>\n<p>Que despu\u00e9s se interprete el regalo de un rosario, en este caso el que le mand\u00f3 Francisco a Milagro Sala, pol\u00e9mica l\u00edder de la agrupaci\u00f3n Tupac Amaru, como un claro gesto pol\u00edtico o una  ingenuidad, es otra cuesti\u00f3n. Habida cuenta de la trascendente personalidad de Jorge Mario Bergoglio y de la admiraci\u00f3n que su figura suscita en los m\u00e1s variados \u00e1mbitos internacionales, pol\u00edticos y religiosos (m\u00e1s all\u00e1 de la Argentina y Chile donde para algunos habr\u00eda un clima de cierta hostilidad ante su figura), cabe preguntarse si puede un hombre as\u00ed equivocarse tanto, sobre todo cuando se le reconoce adem\u00e1s una fina y probada habilidad pol\u00edtica en los detalles. No parece probable. En todo caso ser\u00eda prudente seguir observando sus gestos, no pocas veces enigm\u00e1ticos y sin duda tampoco exentos de c\u00e1lculo, con actitud perspicaz hasta tratar de advertir las intenciones subterr\u00e1neas que probablemente se descubran con el pasar del tiempo.<\/p>\n<p>Se ha repetido con justicia que cualquier intromisi\u00f3n del poder religioso en el pol\u00edtico comporta serios peligros para la vida republicana, sobre todo en una sociedad acostumbrada al populismo y  tentada por paternalismos. Pero lo cierto es que no conocemos todav\u00eda todos las cartas en juego. Ciertos analistas creen ver en el humus cultural de la Iglesia argentina, sobre todo en su clero, una tendencia que la llev\u00f3, seg\u00fan los momentos, a identificarse con los militares, con el peronismo, con los nacionalismos. \u00bfPor qu\u00e9 Bergoglio, atento lector del Mart\u00edn Fierro y de Leopoldo Marechal, adem\u00e1s de admirador de Borges, estar\u00eda exento de ciertas tendencias tan argentinas?<\/p>\n<p>Los medios de comunicaci\u00f3n m\u00e1s prestigiosos del mundo occidental dedican editoriales y publican notas de reconocidas firmas que elogian a Francisco, tanto en su perfil religioso como pol\u00edtico. Sorprenden los apoyos de diarios como El Pa\u00eds de Madrid, Il Corriere della Sera o La Repubblica de Italia, Le Monde de Par\u00eds, y numerosos diarios de los Estados Unidos. Por otra parte, el reconocimiento expl\u00edcito de Barac Obama y de Ra\u00fal Castro, de Vladimir Putin o Angela Merkel, de Matteo Renzi o de Francois Hollande, las respuestas positivas de muchos dirigentes asi\u00e1ticos y africanos, dan claras muestras de la autoridad moral que se le reconoce al obispo de Roma, hoy referente ineludible.<\/p>\n<p>Habr\u00e1 que esperar el esclarecimiento de las causas judiciales en tr\u00e1mite que afectan a Milagro Sala, as\u00ed como el futuro desenvolvimiento de las relaciones diplom\u00e1ticas del Gobierno argentino con la Santa Sede, para no sacar conclusiones apresuradas de un regalo que parece ser inoportuno, hasta que se demuestre lo contrario.<\/p>\n","protected":false},"excerpt":{"rendered":"<p>El rosario es un obsequio acostumbrado de la Santa Sede cuando se tiene ocasi\u00f3n de saludar al Papa, o cuando \u00e9ste env\u00eda un recuerdo a&#8230;<\/p>\n","protected":false},"author":5,"featured_media":0,"comment_status":"open","ping_status":"open","sticky":false,"template":"","format":"standard","meta":{"_acf_changed":false,"_jetpack_newsletter_access":"","_jetpack_dont_email_post_to_subs":false,"_jetpack_newsletter_tier_id":0,"_jetpack_memberships_contains_paywalled_content":false,"_jetpack_memberships_contains_paid_content":false,"footnotes":""},"categories":[944,8,965],"tags":[538,1457,1458],"class_list":["post-12008","post","type-post","status-publish","format-standard","hentry","category-actualidad-2","category-iglesia","category-opinion-2","tag-francisco","tag-milagro-sala","tag-rosario"],"acf":[],"jetpack_featured_media_url":"","jetpack_sharing_enabled":true,"jetpack_shortlink":"https:\/\/wp.me\/p6FC4i-37G","_links":{"self":[{"href":"https:\/\/www.revistacriterio.com.ar\/bloginst_new\/index.php?rest_route=\/wp\/v2\/posts\/12008","targetHints":{"allow":["GET"]}}],"collection":[{"href":"https:\/\/www.revistacriterio.com.ar\/bloginst_new\/index.php?rest_route=\/wp\/v2\/posts"}],"about":[{"href":"https:\/\/www.revistacriterio.com.ar\/bloginst_new\/index.php?rest_route=\/wp\/v2\/types\/post"}],"author":[{"embeddable":true,"href":"https:\/\/www.revistacriterio.com.ar\/bloginst_new\/index.php?rest_route=\/wp\/v2\/users\/5"}],"replies":[{"embeddable":true,"href":"https:\/\/www.revistacriterio.com.ar\/bloginst_new\/index.php?rest_route=%2Fwp%2Fv2%2Fcomments&post=12008"}],"version-history":[{"count":2,"href":"https:\/\/www.revistacriterio.com.ar\/bloginst_new\/index.php?rest_route=\/wp\/v2\/posts\/12008\/revisions"}],"predecessor-version":[{"id":12013,"href":"https:\/\/www.revistacriterio.com.ar\/bloginst_new\/index.php?rest_route=\/wp\/v2\/posts\/12008\/revisions\/12013"}],"wp:attachment":[{"href":"https:\/\/www.revistacriterio.com.ar\/bloginst_new\/index.php?rest_route=%2Fwp%2Fv2%2Fmedia&parent=12008"}],"wp:term":[{"taxonomy":"category","embeddable":true,"href":"https:\/\/www.revistacriterio.com.ar\/bloginst_new\/index.php?rest_route=%2Fwp%2Fv2%2Fcategories&post=12008"},{"taxonomy":"post_tag","embeddable":true,"href":"https:\/\/www.revistacriterio.com.ar\/bloginst_new\/index.php?rest_route=%2Fwp%2Fv2%2Ftags&post=12008"}],"curies":[{"name":"wp","href":"https:\/\/api.w.org\/{rel}","templated":true}]}}