{"id":12138,"date":"2016-04-01T16:53:14","date_gmt":"2016-04-01T19:53:14","guid":{"rendered":"http:\/\/www.revistacriterio.com.ar\/bloginst_new\/?p=12138"},"modified":"2016-04-01T16:53:14","modified_gmt":"2016-04-01T19:53:14","slug":"derecho-a-protestar-y-a-circular","status":"publish","type":"post","link":"https:\/\/www.revistacriterio.com.ar\/bloginst_new\/?p=12138","title":{"rendered":"Derecho a protestar y a circular"},"content":{"rendered":"<p>Los que hemos participado, desde la adolescencia, en manifestaciones estudiantiles, sindicales y pol\u00edticas no queremos que sean las fuerzas de seguridad las que pongan los l\u00edmites a este sagrado derecho a expresarse reconocido por la Constituci\u00f3n, los tratados de derechos humanos y las leyes.<br \/>\nNo es justo, tampoco, que manifestantes afecten derechos de terceros, como ensuciar fachadas; ocurri\u00f3 con las de la Iglesia del Pilar de C\u00f3rdoba, la que nos toc\u00f3 pintar (7\/1\/07) junto a fieles de distintos credos (Comipaz) a modo de reparaci\u00f3n.<br \/>\n<a href=\"https:\/\/www.revistacriterio.com.ar\/bloginst_new\/wp-content\/uploads\/2016\/04\/gentile.jpg\"><img loading=\"lazy\" decoding=\"async\" class=\"alignright  wp-image-12139\" src=\"https:\/\/www.revistacriterio.com.ar\/bloginst_new\/wp-content\/uploads\/2016\/04\/gentile.jpg\" alt=\"gentile\" width=\"455\" height=\"256\" srcset=\"https:\/\/www.revistacriterio.com.ar\/bloginst_new\/wp-content\/uploads\/2016\/04\/gentile.jpg 640w, https:\/\/www.revistacriterio.com.ar\/bloginst_new\/wp-content\/uploads\/2016\/04\/gentile-300x169.jpg 300w\" sizes=\"auto, (max-width: 455px) 100vw, 455px\" \/><\/a>En la actualidad la v\u00eda p\u00fablica se ha tornado ca\u00f3tica por la gran cantidad de veh\u00edculos que circulan, estacionan y trasportan a muchas m\u00e1s personas y mercader\u00edas que antes (en 10 a\u00f1os se duplic\u00f3 el parque vehicular). Tambi\u00e9n por los cortes, piquetes y movilizaciones en los que se reclama, protesta o adhiere a huelgas o consignas; por temas vecinales o de seguridad. Todo atenta, cada vez m\u00e1s, contra los derechos de los que circulan, que van o vienen de trabajar o de estudiar, de recibir atenci\u00f3n m\u00e9dica, de tomar un avi\u00f3n, etc\u00e9tera.<br \/>\nAnte ello las fuerzas de seguridad necesitan un protocolo que regle su proceder, evite la represi\u00f3n y haga respetar, por un lado, los derechos constitucionales a reunirse, a peticionar, a protestar y a manifestarse; y, por otro, a que el resto de los ciudadanos pueda circular, trabajar, estudiar, hacerse curar, etc.; de la misma manera que cuando la v\u00eda o lugares p\u00fablicos se utilizan para hacer un acto patri\u00f3tico, celebrar un acontecimiento deportivo o realizar una procesi\u00f3n o peregrinaci\u00f3n religiosa.<br \/>\nEl C\u00f3digo Penal castiga al que: \u201c(\u2026) impidiere, estorbare o entorpeciere el normal funcionamiento de los transportes por tierra, agua o aire (\u2026) con prisi\u00f3n de tres meses a dos a\u00f1os\u201d (Art. 194). Y esta pena se agravar\u00eda si, adem\u00e1s, se produjeren da\u00f1os en las cosas (Art. 183) o se atentare contra la vida o la integridad de las personas; recordemos el homicidio de Maximiliano Kosteki y Dar\u00edo Santill\u00e1n el 26 de junio de 2002. Estas normas, de aplicarse (lo que no es frecuente) sin protocolo, ser\u00edan suficiente para liquidar los cortes y piquetes, pero ello afectar\u00eda el derecho a reunirse, a peticionar a las autoridades, a manifestarse; y podr\u00eda impedir, incluso, la realizaci\u00f3n de actos patri\u00f3ticos, religiosos e, incluso, deportivos.<br \/>\nPor eso, si las fuerzas de seguridad en vez de reprimir facilitan y compatibilizan los derechos a participar de estas concentraciones con el de circular sin utilizar balas de goma o arrojar hidrantes, y los manifestantes no hicieran uso de la fuerza, de armas, machetes, piedras ni se cubrieran el rostro, los derechos de todos quedar\u00edan a salvo.<br \/>\nLo protocolos de la ministra de Seguridad Nilda Garr\u00e9 (Res. 210\/11) y, ahora, el de la secretaria de Seguridad Patricia Bullrich, de parecido tenor, han sido y son \u2013m\u00e1s all\u00e1 que se pueda mejorar su redacci\u00f3n (v.gr.: prohibir, en este \u00faltimo, el uso de armas de fuego)- son pasos positivos para que las fuerzas de seguridad act\u00faen con prudencia y eficacia y que los derechos de todos puedan ejercerse. Y que cuando haya colisi\u00f3n, se negocie y se evite que a los que nos movilizamos se nos reprima o se nos aplique alguna de las penas del C\u00f3digo Penal.<\/p>\n<p>El autor es Profesor em\u00e9rito de la UNC y catedr\u00e1tico de la UCC<\/p>\n","protected":false},"excerpt":{"rendered":"<p>Los que hemos participado, desde la adolescencia, en manifestaciones estudiantiles, sindicales y pol\u00edticas no queremos que sean las fuerzas de seguridad las que pongan los&#8230;<\/p>\n","protected":false},"author":5,"featured_media":0,"comment_status":"open","ping_status":"open","sticky":false,"template":"","format":"standard","meta":{"_acf_changed":false,"_jetpack_newsletter_access":"","_jetpack_dont_email_post_to_subs":false,"_jetpack_newsletter_tier_id":0,"_jetpack_memberships_contains_paywalled_content":false,"_jetpack_memberships_contains_paid_content":false,"footnotes":""},"categories":[965,5],"tags":[1503,1485,1505,1502,758,1504],"class_list":["post-12138","post","type-post","status-publish","format-standard","hentry","category-opinion-2","category-sociedad","tag-circular","tag-opinion","tag-piquete","tag-protesta","tag-sociedad","tag-via-publica"],"acf":[],"jetpack_featured_media_url":"","jetpack_sharing_enabled":true,"jetpack_shortlink":"https:\/\/wp.me\/p6FC4i-39M","_links":{"self":[{"href":"https:\/\/www.revistacriterio.com.ar\/bloginst_new\/index.php?rest_route=\/wp\/v2\/posts\/12138","targetHints":{"allow":["GET"]}}],"collection":[{"href":"https:\/\/www.revistacriterio.com.ar\/bloginst_new\/index.php?rest_route=\/wp\/v2\/posts"}],"about":[{"href":"https:\/\/www.revistacriterio.com.ar\/bloginst_new\/index.php?rest_route=\/wp\/v2\/types\/post"}],"author":[{"embeddable":true,"href":"https:\/\/www.revistacriterio.com.ar\/bloginst_new\/index.php?rest_route=\/wp\/v2\/users\/5"}],"replies":[{"embeddable":true,"href":"https:\/\/www.revistacriterio.com.ar\/bloginst_new\/index.php?rest_route=%2Fwp%2Fv2%2Fcomments&post=12138"}],"version-history":[{"count":1,"href":"https:\/\/www.revistacriterio.com.ar\/bloginst_new\/index.php?rest_route=\/wp\/v2\/posts\/12138\/revisions"}],"predecessor-version":[{"id":12140,"href":"https:\/\/www.revistacriterio.com.ar\/bloginst_new\/index.php?rest_route=\/wp\/v2\/posts\/12138\/revisions\/12140"}],"wp:attachment":[{"href":"https:\/\/www.revistacriterio.com.ar\/bloginst_new\/index.php?rest_route=%2Fwp%2Fv2%2Fmedia&parent=12138"}],"wp:term":[{"taxonomy":"category","embeddable":true,"href":"https:\/\/www.revistacriterio.com.ar\/bloginst_new\/index.php?rest_route=%2Fwp%2Fv2%2Fcategories&post=12138"},{"taxonomy":"post_tag","embeddable":true,"href":"https:\/\/www.revistacriterio.com.ar\/bloginst_new\/index.php?rest_route=%2Fwp%2Fv2%2Ftags&post=12138"}],"curies":[{"name":"wp","href":"https:\/\/api.w.org\/{rel}","templated":true}]}}