{"id":12403,"date":"2016-07-01T18:39:23","date_gmt":"2016-07-01T21:39:23","guid":{"rendered":"http:\/\/www.revistacriterio.com.ar\/bloginst_new\/?p=12403"},"modified":"2016-06-30T18:42:58","modified_gmt":"2016-06-30T21:42:58","slug":"ley-de-patentes-requisito-para-crecer","status":"publish","type":"post","link":"https:\/\/www.revistacriterio.com.ar\/bloginst_new\/?p=12403","title":{"rendered":"Ley de patentes: requisito para crecer"},"content":{"rendered":"<p>La propiedad intelectual es clave para el crecimiento. Entre nosotros, Gast\u00f3n Richelet, especialista en derecho de patentes, escrib\u00eda que \u201cno hay un solo pa\u00eds desarrollado del mundo que haya crecido, sin contar entre sus leyes fundamentales con una s\u00f3lida Ley de Patentes\u201d. La Argentina no la tiene.<br \/>\nCuando se analizan los indicadores de propiedad intelectual se observa un notable paralelismo entre desarrollo y n\u00famero de patentes. Esto es as\u00ed porque el mayor valor de la econom\u00eda es el conocimiento, por lo que desprotegerlo genera pobreza y protegerlo genera riqueza. El pa\u00eds que protege el conocimiento est\u00e1 en condiciones de exportar alto valor agregado; el que lo desprotege depende mayormente de materias primas de bajo valor agregado.<br \/>\nLas estad\u00edsticas que publica anualmente la Red de Indicadores de Ciencia y Tecnolog\u00eda (RICYT), contiene cinco indicadores referidos a patentes:<br \/>\n1) El primero muestra el n\u00famero de patentes solicitadas en cada pa\u00eds, discriminado seg\u00fan el lugar de residencia de los solicitantes; o sea, si reside en el pa\u00eds (empresas o instituciones nacionales), o si no reside pero le interesa proteger en el pa\u00eds (filiales extranjeras con residencia en el exterior).<br \/>\n2) El segundo indicador presenta el n\u00famero de patentes otorgadas en cada pa\u00eds, discriminado tambi\u00e9n seg\u00fan el lugar de residencia del solicitante.<br \/>\n3) Un tercer indicador marca la tasa de dependencia, es decir, un coeficiente entre las patentes solicitadas por residentes y por no residentes; la preeminencia de patentes solicitadas desde el exterior (por no residentes) expresa una dependencia econ\u00f3mica del pa\u00eds.<br \/>\n4) El siguiente indicador marca, por el contrario, la tasa de autosuficiencia, que crece cuando las patentes solicitadas por los residentes del pa\u00eds crecen.<br \/>\n5) El \u00faltimo indicador expresa el coeficiente de invenci\u00f3n, es decir, la relaci\u00f3n entre las patentes solicitadas por los residentes del pa\u00eds y su poblaci\u00f3n.<br \/>\nVeamos qu\u00e9 ocurre con estos indicadores en Am\u00e9rica latina y el Caribe (ALC), regi\u00f3n que venimos analizando en los \u00faltimos art\u00edculos. Expresaremos la estad\u00edstica mostrando el promedio anual de la \u00faltima d\u00e9cada medida por la RICYT (2004-13):<br \/>\n1) Las patentes solicitadas anualmente por residentes de toda ALC fueron pocas: algo m\u00e1s de 10 mil, correspondiendo el 74% a Brasil; los dem\u00e1s pa\u00edses casi no suman; la Argentina solicit\u00f3 782 y M\u00e9xico 839, mientras los no residentes (filiales extranjeras) casi 50 mil.<br \/>\n2) De las m\u00e1s de 10 mil solicitudes anuales de patentes de ALC, de residentes, se otorgaron 1.380; muy pocas por cierto; los no residentes obtuvieron 34.800.<br \/>\n3) La tasa de dependencia se mide por un coeficiente. Si es mayor a 1 indica que hay una preeminencia de patentes solicitadas desde el exterior. En ALC la dependencia es alta pues el coeficiente promedio anual en la d\u00e9cada fue de 4,85.<br \/>\n4) La tasa de autosuficiencia en ALC decrece, esto quiere decir que en la d\u00e9cada medida crecieron las patentes solicitadas por los no residentes, en comparaci\u00f3n con las solicitadas por los residentes del pa\u00eds. En 2004 la tasa fue de 0,21 y en 2013 de 0,16.<br \/>\n5) El coeficiente de invenci\u00f3n se expresa en patentes cada 100 mil habitantes y muestra la cantidad de patentes que solicitan los residentes del pa\u00eds, respecto a la poblaci\u00f3n. Cuanto mayor es el valor de este indicador, mayor es la capacidad de invenci\u00f3n del pa\u00eds. Los Estados Unidos tuvieron en la d\u00e9cada el mayor coeficiente de invenci\u00f3n: de 64,54 en 2004 subi\u00f3 a 90,94 en 2013. Toda ALC registr\u00f3 un coeficiente de invenci\u00f3n muy bajo: 1,90 en 2004 que descendi\u00f3 a 1,80 en 2013.   <\/p>\n","protected":false},"excerpt":{"rendered":"<p>La propiedad intelectual es clave para el crecimiento. Entre nosotros, Gast\u00f3n Richelet, especialista en derecho de patentes, escrib\u00eda que \u201cno hay un solo pa\u00eds desarrollado&#8230;<\/p>\n","protected":false},"author":5,"featured_media":0,"comment_status":"open","ping_status":"open","sticky":false,"template":"","format":"standard","meta":{"_acf_changed":false,"_jetpack_newsletter_access":"","_jetpack_dont_email_post_to_subs":false,"_jetpack_newsletter_tier_id":0,"_jetpack_memberships_contains_paywalled_content":false,"_jetpack_memberships_contains_paid_content":false,"footnotes":""},"categories":[3],"tags":[277,270,914,926],"class_list":["post-12403","post","type-post","status-publish","format-standard","hentry","category-politica-economia","tag-desarrollo","tag-economia","tag-investigacion","tag-patentes"],"acf":[],"jetpack_featured_media_url":"","jetpack_sharing_enabled":true,"jetpack_shortlink":"https:\/\/wp.me\/p6FC4i-3e3","_links":{"self":[{"href":"https:\/\/www.revistacriterio.com.ar\/bloginst_new\/index.php?rest_route=\/wp\/v2\/posts\/12403","targetHints":{"allow":["GET"]}}],"collection":[{"href":"https:\/\/www.revistacriterio.com.ar\/bloginst_new\/index.php?rest_route=\/wp\/v2\/posts"}],"about":[{"href":"https:\/\/www.revistacriterio.com.ar\/bloginst_new\/index.php?rest_route=\/wp\/v2\/types\/post"}],"author":[{"embeddable":true,"href":"https:\/\/www.revistacriterio.com.ar\/bloginst_new\/index.php?rest_route=\/wp\/v2\/users\/5"}],"replies":[{"embeddable":true,"href":"https:\/\/www.revistacriterio.com.ar\/bloginst_new\/index.php?rest_route=%2Fwp%2Fv2%2Fcomments&post=12403"}],"version-history":[{"count":1,"href":"https:\/\/www.revistacriterio.com.ar\/bloginst_new\/index.php?rest_route=\/wp\/v2\/posts\/12403\/revisions"}],"predecessor-version":[{"id":12406,"href":"https:\/\/www.revistacriterio.com.ar\/bloginst_new\/index.php?rest_route=\/wp\/v2\/posts\/12403\/revisions\/12406"}],"wp:attachment":[{"href":"https:\/\/www.revistacriterio.com.ar\/bloginst_new\/index.php?rest_route=%2Fwp%2Fv2%2Fmedia&parent=12403"}],"wp:term":[{"taxonomy":"category","embeddable":true,"href":"https:\/\/www.revistacriterio.com.ar\/bloginst_new\/index.php?rest_route=%2Fwp%2Fv2%2Fcategories&post=12403"},{"taxonomy":"post_tag","embeddable":true,"href":"https:\/\/www.revistacriterio.com.ar\/bloginst_new\/index.php?rest_route=%2Fwp%2Fv2%2Ftags&post=12403"}],"curies":[{"name":"wp","href":"https:\/\/api.w.org\/{rel}","templated":true}]}}