{"id":12971,"date":"2016-12-01T18:23:30","date_gmt":"2016-12-01T21:23:30","guid":{"rendered":"http:\/\/www.revistacriterio.com.ar\/bloginst_new\/?p=12971"},"modified":"2016-12-01T18:23:30","modified_gmt":"2016-12-01T21:23:30","slug":"anuncian-cambios-en-las-economias-de-la-region","status":"publish","type":"post","link":"https:\/\/www.revistacriterio.com.ar\/bloginst_new\/?p=12971","title":{"rendered":"Anuncian cambios en las econom\u00edas de la regi\u00f3n"},"content":{"rendered":"<p><em>Nuevos anuncios hubo en octubre \u00faltimo, en Washington, en las reuniones semestrales del Banco Mundial y del FMI, a las que asistieron ministros y presidentes de bancos centrales, entre ellos Alfonso Prat-Gay y Federico Sturzenegger de la Argentina. Los pa\u00edses latinoamericanos coincidieron all\u00ed en la necesidad de reformar sus econom\u00edas, a ra\u00edz de la ca\u00edda de los precios de los commodities.<\/em><br \/>\nEl economista jefe para Am\u00e9rica Latina y el Caribe del Banco Mundial, Augusto de la Torre, present\u00f3 su informe semestral con una fuerte recomendaci\u00f3n a las econom\u00edas de la regi\u00f3n para que reconviertan su producci\u00f3n y las exportaciones. Indic\u00f3 que el dinero f\u00e1cil de los tiempos con precios altos para bienes primarios ha terminado y no hay indicios de que vaya a volver. Fue preciso en su afirmaci\u00f3n: \u201cNo se ilusionen. La ca\u00edda del precio de los commodities ser\u00e1 permanente, no va a cambiar\u201d. Y a quienes piensan en el retorno de los precios altos, les dijo: \u201cEs el t\u00edpico pensamiento de los pol\u00edticos que prefieren que el mundo los ayude, antes que poner ellos en marcha los ajustes necesarios\u201d. En la visi\u00f3n del Banco Mundial todo ello qued\u00f3 atr\u00e1s. En su informe indic\u00f3 que el precio del petr\u00f3leo seguir\u00e1 bajo, igual que el de los minerales y alimentos, como la soja.<br \/>\nEl FMI, a su vez, inform\u00f3 que las econom\u00edas latinoamericanas se desaceleraron en forma considerable en 2014 y se contrajeron en 2015, previ\u00e9ndose una disminuci\u00f3n de la producci\u00f3n para este a\u00f1o. El ministro de Econom\u00eda de Per\u00fa, Alfredo Thorne, indic\u00f3 que su pa\u00eds reducir\u00e1 la dependencia de las exportaciones de cobre y cambiar\u00e1 los motores del crecimiento. El presidente del Banco Central de Paraguay, Carlos Fern\u00e1ndez Valdovinos, dijo que est\u00e1n impulsando exportaciones de mayor valor agregado para no depender de los productos agr\u00edcolas, como la soja. El titular del Banco Central de Brasil, Ilan Goldfajn, coincidi\u00f3 en que esperar crecer por el alza de precios de los commodities es bueno pero no permanente, por lo que consider\u00f3 necesario hacer reformas para aumentar la productividad.<br \/>\nEn el caso de la Argentina, de la Torre indic\u00f3 que posee \u201cuna interesante interacci\u00f3n entre capital humano mejor educado y tecnolog\u00eda\u201d, y resalt\u00f3 la aplicaci\u00f3n que ha hecho el pa\u00eds para la producci\u00f3n de soja. Agreg\u00f3 que nos ve con \u201cextraordinaria potencia para regenerar una capacidad exportadora\u201d y recomend\u00f3 tambi\u00e9n otros caminos, como \u201chacer m\u00e1s pel\u00edculas para Hollywood, por ser una actividad en la que los argentinos se destacan y el comienzo de una industria que puede crecer\u201d.<br \/>\nTambi\u00e9n en octubre se trat\u00f3 en nuestro pa\u00eds el valor del conocimiento para crecer. Fue en el 52\u00b0 Coloquio de IDEA, en Mar del Plata, donde un panel de especialistas y empresarios trat\u00f3 el tema \u201cEconom\u00eda del conocimiento. Explorando la frontera\u201d. Se indic\u00f3 que la econom\u00eda del conocimiento est\u00e1 cambiando el mundo y que mientras hace diez a\u00f1os las principales empresas eran las que produc\u00edan bienes f\u00edsicos, como Exxon Mobil o General Electric, hoy las que basan su producci\u00f3n en los intangibles est\u00e1n en los primeros lugares: Apple, Microsoft, Amazon y otras.<br \/>\nLos cambios anunciados no deben desplazar la producci\u00f3n de bienes primarios. La Argentina es gran productor de soja, tercer exportador mundial; los Estados Unidos producen el doble que nuestro pa\u00eds y son el primer exportador mundial, pero la econom\u00eda norteamericana no depende de la soja pues es tecnol\u00f3gicamente avanzada. De all\u00ed que los pa\u00edses desarrollados subsidian al campo, cuando en la Argentina el campo viene subsidiando al pa\u00eds.<\/p>\n","protected":false},"excerpt":{"rendered":"<p>Nuevos anuncios hubo en octubre \u00faltimo, en Washington, en las reuniones semestrales del Banco Mundial y del FMI, a las que asistieron ministros y presidentes&#8230;<\/p>\n","protected":false},"author":3,"featured_media":0,"comment_status":"open","ping_status":"open","sticky":false,"template":"","format":"standard","meta":{"_acf_changed":false,"_jetpack_newsletter_access":"","_jetpack_dont_email_post_to_subs":false,"_jetpack_newsletter_tier_id":0,"_jetpack_memberships_contains_paywalled_content":false,"_jetpack_memberships_contains_paid_content":false,"footnotes":""},"categories":[972],"tags":[1786,270,910,1787],"class_list":["post-12971","post","type-post","status-publish","format-standard","hentry","category-economia","tag-commodities","tag-economia","tag-economia-del-conocimiento","tag-soja"],"acf":[],"jetpack_featured_media_url":"","jetpack_sharing_enabled":true,"jetpack_shortlink":"https:\/\/wp.me\/p6FC4i-3nd","_links":{"self":[{"href":"https:\/\/www.revistacriterio.com.ar\/bloginst_new\/index.php?rest_route=\/wp\/v2\/posts\/12971","targetHints":{"allow":["GET"]}}],"collection":[{"href":"https:\/\/www.revistacriterio.com.ar\/bloginst_new\/index.php?rest_route=\/wp\/v2\/posts"}],"about":[{"href":"https:\/\/www.revistacriterio.com.ar\/bloginst_new\/index.php?rest_route=\/wp\/v2\/types\/post"}],"author":[{"embeddable":true,"href":"https:\/\/www.revistacriterio.com.ar\/bloginst_new\/index.php?rest_route=\/wp\/v2\/users\/3"}],"replies":[{"embeddable":true,"href":"https:\/\/www.revistacriterio.com.ar\/bloginst_new\/index.php?rest_route=%2Fwp%2Fv2%2Fcomments&post=12971"}],"version-history":[{"count":1,"href":"https:\/\/www.revistacriterio.com.ar\/bloginst_new\/index.php?rest_route=\/wp\/v2\/posts\/12971\/revisions"}],"predecessor-version":[{"id":12974,"href":"https:\/\/www.revistacriterio.com.ar\/bloginst_new\/index.php?rest_route=\/wp\/v2\/posts\/12971\/revisions\/12974"}],"wp:attachment":[{"href":"https:\/\/www.revistacriterio.com.ar\/bloginst_new\/index.php?rest_route=%2Fwp%2Fv2%2Fmedia&parent=12971"}],"wp:term":[{"taxonomy":"category","embeddable":true,"href":"https:\/\/www.revistacriterio.com.ar\/bloginst_new\/index.php?rest_route=%2Fwp%2Fv2%2Fcategories&post=12971"},{"taxonomy":"post_tag","embeddable":true,"href":"https:\/\/www.revistacriterio.com.ar\/bloginst_new\/index.php?rest_route=%2Fwp%2Fv2%2Ftags&post=12971"}],"curies":[{"name":"wp","href":"https:\/\/api.w.org\/{rel}","templated":true}]}}