{"id":13065,"date":"2017-01-01T01:14:25","date_gmt":"2017-01-01T04:14:25","guid":{"rendered":"http:\/\/www.revistacriterio.com.ar\/bloginst_new\/?p=13065"},"modified":"2016-12-30T16:17:46","modified_gmt":"2016-12-30T19:17:46","slug":"los-conjurados-de-borges-estan-vivos","status":"publish","type":"post","link":"https:\/\/www.revistacriterio.com.ar\/bloginst_new\/?p=13065","title":{"rendered":"Los conjurados de Borges est\u00e1n vivos"},"content":{"rendered":"<p><em>Los conjurados de Borges est\u00e1n vivos y gozan de buena salud, aunque a veces no se los quiera ver; son tambi\u00e9n aquellas personas que no est\u00e1n muy visibles, pero el que quiera, las encuentra. Para Borges, en su \u00faltima obra, \u201cSon un cirujano, un pastor o un procurador, pero tambi\u00e9n son Paracelso y Amiel y Jung y Paul Klee\u201d.<\/em><br \/>\nClaro que podr\u00edan agregarse muchos m\u00e1s. Quiz\u00e1 se los podr\u00eda comparar a los disidentes sovi\u00e9ticos estilo Aleksandr Solzhenitsyn. Desde la dirigencia dominante se los puede ignorar, y aun censurar, pero no los pueden anular ni callar. No son violentos, pero ejercen la fuerza de la \u00e9tica. Son muchos, cientos, miles, quiz\u00e1 millones. Son los que est\u00e1n en la utop\u00eda, m\u00e1s all\u00e1 del realismo, del populismo, que quiz\u00e1 preparan los cambios que vendr\u00e1n.<br \/>\nAlgunos de ellos se vincularon en una iniciativa que empez\u00f3 hace 15 a\u00f1os, que se dio en llamar Foro Ecum\u00e9nico Social, que tiene sus antecedentes en ese pu\u00f1ado de personas que desde principios de los \u201990 se congregaban una vez por a\u00f1o en la casa de encuentros del obispado de San Isidro, la mayor\u00eda del \u00e1mbito de las ciencias econ\u00f3micas, las  empresas y las ONG; y tambi\u00e9n en Par\u00eds, bajo la influencia del jesuita Jean-Yves Calvez.<br \/>\nY de ah\u00ed surgi\u00f3 espont\u00e1neamente un foro que enlaz\u00f3 a personas de distintas confesiones, dirigentes de empresas y de organizaciones, y catedr\u00e1ticos, principalmente de la Argentina y Espa\u00f1a. \u00c9ste dio lugar a una c\u00e1tedra abierta que coordin\u00f3 en los dos primeros a\u00f1os un profesor cubano norteamericano, con un acuerdo con la Universidad de Georgetown, a la que luego se sumaron muchas casas de altos estudios, como la UBA y otras criollas, las dos de Salamanca (la laica y la pontificia), la Universidad Rey Juan Carlos de Madrid.<br \/>\nEra un grupo de conjurados que se reun\u00edan en una sala de la Fundaci\u00f3n que lleva el nombre de Borges, y al comenzar cada encuentro le\u00edan esa prosa po\u00e9tica del autor de \u201cEl aleph\u201d, y hoy lo siguen haciendo, y as\u00ed empezaron su \u00faltima reuni\u00f3n, ante m\u00e1s de dos centenares de personas en el Palacio San Mart\u00edn, con Mar\u00eda Kodama leyendo ese texto prof\u00e9tico.<br \/>\nEl Foro organiza c\u00e1tedras y seminarios en la Argentina, Europa y los Estados Unidos y tiene un campus virtual iberoamericano. Otorga varios premios, como al Emprendedor Solidario, y el Premio Latinoamericano a la Responsabilidad de Empresas y ONG, entre otros. Organiza campa\u00f1as de inserci\u00f3n laboral y de prevenci\u00f3n de adicciones.<br \/>\nEl Foro Ecum\u00e9nico Social en 2016 cumpli\u00f3 15 a\u00f1os creando espacios de di\u00e1logo y de convivencia, sabiendo que es necesario pasar de una cultura de contraposici\u00f3n a una de encuentro, teniendo como objetivo el bien com\u00fan. Promueve la cultura que propone el papa Francisco, y ese di\u00e1logo abierto continu\u00f3 en el marco de la iniciativa vaticana Atrio de los Gentiles en la Argentina y Espa\u00f1a entre 2013 y 2016, con gran cantidad de personas \u201cque tomaron la extra\u00f1a resoluci\u00f3n de ser razonables\u201d, dir\u00eda Borges.<br \/>\nEn su mensaje con motivo de estos eventos, Francisco pidi\u00f3 que sirvan \u201ccomo acicate para que el bien com\u00fan, el mutuo entendimiento y la efectiva cooperaci\u00f3n puedan ser cada vez m\u00e1s el s\u00f3lido fundamento de nuestra sociedad\u201d.<br \/>\nM\u00e1s informaci\u00f3n, exposiciones, videos y fotos est\u00e1n disponibles en la web www.atriodelosgentiles.com.ar<\/p>\n","protected":false},"excerpt":{"rendered":"<p>Los conjurados de Borges est\u00e1n vivos y gozan de buena salud, aunque a veces no se los quiera ver; son tambi\u00e9n aquellas personas que no&#8230;<\/p>\n","protected":false},"author":3,"featured_media":0,"comment_status":"open","ping_status":"open","sticky":false,"template":"","format":"standard","meta":{"_acf_changed":false,"_jetpack_newsletter_access":"","_jetpack_dont_email_post_to_subs":false,"_jetpack_newsletter_tier_id":0,"_jetpack_memberships_contains_paywalled_content":false,"_jetpack_memberships_contains_paid_content":false,"footnotes":""},"categories":[4,5],"tags":[666,140,1814,1462,667,758],"class_list":["post-13065","post","type-post","status-publish","format-standard","hentry","category-cultura","category-sociedad","tag-atrio-de-los-gentiles","tag-borges","tag-conjurados","tag-cultura","tag-foro-ecumenico-social","tag-sociedad"],"acf":[],"jetpack_featured_media_url":"","jetpack_sharing_enabled":true,"jetpack_shortlink":"https:\/\/wp.me\/p6FC4i-3oJ","_links":{"self":[{"href":"https:\/\/www.revistacriterio.com.ar\/bloginst_new\/index.php?rest_route=\/wp\/v2\/posts\/13065","targetHints":{"allow":["GET"]}}],"collection":[{"href":"https:\/\/www.revistacriterio.com.ar\/bloginst_new\/index.php?rest_route=\/wp\/v2\/posts"}],"about":[{"href":"https:\/\/www.revistacriterio.com.ar\/bloginst_new\/index.php?rest_route=\/wp\/v2\/types\/post"}],"author":[{"embeddable":true,"href":"https:\/\/www.revistacriterio.com.ar\/bloginst_new\/index.php?rest_route=\/wp\/v2\/users\/3"}],"replies":[{"embeddable":true,"href":"https:\/\/www.revistacriterio.com.ar\/bloginst_new\/index.php?rest_route=%2Fwp%2Fv2%2Fcomments&post=13065"}],"version-history":[{"count":1,"href":"https:\/\/www.revistacriterio.com.ar\/bloginst_new\/index.php?rest_route=\/wp\/v2\/posts\/13065\/revisions"}],"predecessor-version":[{"id":13068,"href":"https:\/\/www.revistacriterio.com.ar\/bloginst_new\/index.php?rest_route=\/wp\/v2\/posts\/13065\/revisions\/13068"}],"wp:attachment":[{"href":"https:\/\/www.revistacriterio.com.ar\/bloginst_new\/index.php?rest_route=%2Fwp%2Fv2%2Fmedia&parent=13065"}],"wp:term":[{"taxonomy":"category","embeddable":true,"href":"https:\/\/www.revistacriterio.com.ar\/bloginst_new\/index.php?rest_route=%2Fwp%2Fv2%2Fcategories&post=13065"},{"taxonomy":"post_tag","embeddable":true,"href":"https:\/\/www.revistacriterio.com.ar\/bloginst_new\/index.php?rest_route=%2Fwp%2Fv2%2Ftags&post=13065"}],"curies":[{"name":"wp","href":"https:\/\/api.w.org\/{rel}","templated":true}]}}