{"id":13236,"date":"2017-04-03T15:33:07","date_gmt":"2017-04-03T18:33:07","guid":{"rendered":"http:\/\/www.revistacriterio.com.ar\/bloginst_new\/?p=13236"},"modified":"2017-04-03T15:33:07","modified_gmt":"2017-04-03T18:33:07","slug":"la-participacion-empresaria-en-ciencia","status":"publish","type":"post","link":"https:\/\/www.revistacriterio.com.ar\/bloginst_new\/?p=13236","title":{"rendered":"La participaci\u00f3n empresaria en ciencia"},"content":{"rendered":"<p><em>La reciente protesta de cient\u00edficos por los recortes presupuestarios reclamaba al presidente Mauricio Macri su promesa electoral de destinar el 1,5% del PBI al sector, que hoy recibe el 0,6%. El reclamo soslayaba el aporte empresario que, en los pa\u00edses avanzados, constituye la mayor parte de la inversi\u00f3n en I+D (Investigaci\u00f3n y Desarrollo), lo cual permite que la econom\u00eda crezca y la ciencia obtenga recursos.<\/em><br \/>\nEn el n\u00famero anterior de CRITERIO (N\u00b0 2434) me refer\u00ed a Fernando M\u00f6nckeberg, m\u00e9dico chileno que estudi\u00f3 el problema del subdesarrollo, lo que le vali\u00f3 el Premio Nacional de Ciencias Aplicadas y Tecnol\u00f3gicas (1998). \u00c9l destaca la necesidad del aporte empresario, pues sostiene que es imposible que el Estado financie la infraestructura y los elevados costos de las investigaciones. Detalla adelantos logrados en pa\u00edses desarrollados, tras a\u00f1os de investigaciones, que requirieron la participaci\u00f3n de grandes empresas o la fusi\u00f3n de ellas, pues la innovaci\u00f3n cient\u00edfica demanda altas inversiones. Por ello M\u00f6nckeberg insiste en la vinculaci\u00f3n \u201cuniversidad-gobierno-empresas\u201d para relacionar la investigaci\u00f3n b\u00e1sica y la aplicada; de lo contrario se alimentan conocimientos cient\u00edficos que no llegan a la sociedad. Lo deseable es que el Estado y las fundaciones financien la investigaci\u00f3n b\u00e1sica, de mayor riesgo, y las empresas inviertan en desarrollos de alto valor agregado, provenientes de conocimientos b\u00e1sicos. Esto alimenta la econom\u00eda y deja regal\u00edas a los centros cient\u00edficos que trasfieren dichos conocimientos.<br \/>\nLos pa\u00edses avanzados invierten en I+D del 2,5 al 4% del PBI; la mayor parte es inversi\u00f3n empresaria. En la Argentina, del exiguo 0,6% del PBI para I+D, las empresas aportan s\u00f3lo el 23%; en los Estados Unidos el 63%. Ello marca el diferente desarrollo de cada pa\u00eds. Si pensamos llegar al anunciado 1,5% del PBI con fondos oficiales, el pa\u00eds no crecer\u00e1 y la ciencia empobrecer\u00e1 pues el Estado por s\u00ed solo no podr\u00e1 sostenerla. La Argentina, adem\u00e1s, no tiene suficientes grandes empresas y hay una alta protecci\u00f3n arancelaria a la industria, que por ello no demanda conocimientos cient\u00edficos para innovar y competir. Este es el cambio que deben reclamar los cient\u00edficos para obtener m\u00e1s recursos. El Banco Mundial critic\u00f3 \u201cla muy baja inversi\u00f3n de las empresas argentinas en I+D, su escasa cultura innovadora\u201d.<br \/>\nM\u00f6nckeberg, en su libro <em>Jaque al Subdesarrollo, ahora<\/em> (1993) menciona a la Uni\u00f3n Sovi\u00e9tica que, por tener \u201cun Estado omnipotente, r\u00edgido y autoritario\u201d que no alent\u00f3 la ciencia y la participaci\u00f3n empresaria, desintegr\u00f3 su econom\u00eda. Muy elocuente es el testimonio de Mijail Gorbachov, en su libro <em>Perestroika<\/em>, que cita M\u00f6nckeberg: \u201cNuestro estancamiento \u2013dice\u2013 se produjo al mismo tiempo que la revoluci\u00f3n cient\u00edfico-tecnol\u00f3gica abr\u00eda nuevas perspectivas para el progreso. Al analizar la situaci\u00f3n, descubrimos una desaceleraci\u00f3n del crecimiento. En los \u00faltimos 15 a\u00f1os, la tasa de crecimiento declin\u00f3 en m\u00e1s de la mitad y a comienzos del \u201880 hab\u00eda ca\u00eddo a un nivel cercano al estancamiento. Comenz\u00f3 a extenderse la brecha en la eficiencia de la producci\u00f3n, en la calidad de los productos, en el desarrollo cient\u00edfico-tecnol\u00f3gico. Mientras avanzaba la tecnolog\u00eda de punta y las innovaciones, nosotros carec\u00edamos de receptividad a los avances de la ciencia y la tecnolog\u00eda. El nivel de vida ca\u00eda y hab\u00eda dificultad para el suministro de productos alimenticios, vivienda, art\u00edculos de consumo y servicio. Todo ello se resume en una sola cosa: la aceleraci\u00f3n del proceso cient\u00edfico y tecnol\u00f3gico que nos dej\u00f3 atr\u00e1s\u201d.<\/p>\n","protected":false},"excerpt":{"rendered":"<p>La reciente protesta de cient\u00edficos por los recortes presupuestarios reclamaba al presidente Mauricio Macri su promesa electoral de destinar el 1,5% del PBI al sector,&#8230;<\/p>\n","protected":false},"author":3,"featured_media":0,"comment_status":"open","ping_status":"open","sticky":false,"template":"","format":"standard","meta":{"_acf_changed":false,"_jetpack_newsletter_access":"","_jetpack_dont_email_post_to_subs":false,"_jetpack_newsletter_tier_id":0,"_jetpack_memberships_contains_paywalled_content":false,"_jetpack_memberships_contains_paid_content":false,"footnotes":""},"categories":[3],"tags":[16,1868,277,913,914,1845,196],"class_list":["post-13236","post","type-post","status-publish","format-standard","hentry","category-politica-economia","tag-ciencia","tag-cientificos","tag-desarrollo","tag-inversion","tag-investigacion","tag-monckeberg","tag-tecnologia"],"acf":[],"jetpack_featured_media_url":"","jetpack_sharing_enabled":true,"jetpack_shortlink":"https:\/\/wp.me\/p6FC4i-3ru","_links":{"self":[{"href":"https:\/\/www.revistacriterio.com.ar\/bloginst_new\/index.php?rest_route=\/wp\/v2\/posts\/13236","targetHints":{"allow":["GET"]}}],"collection":[{"href":"https:\/\/www.revistacriterio.com.ar\/bloginst_new\/index.php?rest_route=\/wp\/v2\/posts"}],"about":[{"href":"https:\/\/www.revistacriterio.com.ar\/bloginst_new\/index.php?rest_route=\/wp\/v2\/types\/post"}],"author":[{"embeddable":true,"href":"https:\/\/www.revistacriterio.com.ar\/bloginst_new\/index.php?rest_route=\/wp\/v2\/users\/3"}],"replies":[{"embeddable":true,"href":"https:\/\/www.revistacriterio.com.ar\/bloginst_new\/index.php?rest_route=%2Fwp%2Fv2%2Fcomments&post=13236"}],"version-history":[{"count":1,"href":"https:\/\/www.revistacriterio.com.ar\/bloginst_new\/index.php?rest_route=\/wp\/v2\/posts\/13236\/revisions"}],"predecessor-version":[{"id":13239,"href":"https:\/\/www.revistacriterio.com.ar\/bloginst_new\/index.php?rest_route=\/wp\/v2\/posts\/13236\/revisions\/13239"}],"wp:attachment":[{"href":"https:\/\/www.revistacriterio.com.ar\/bloginst_new\/index.php?rest_route=%2Fwp%2Fv2%2Fmedia&parent=13236"}],"wp:term":[{"taxonomy":"category","embeddable":true,"href":"https:\/\/www.revistacriterio.com.ar\/bloginst_new\/index.php?rest_route=%2Fwp%2Fv2%2Fcategories&post=13236"},{"taxonomy":"post_tag","embeddable":true,"href":"https:\/\/www.revistacriterio.com.ar\/bloginst_new\/index.php?rest_route=%2Fwp%2Fv2%2Ftags&post=13236"}],"curies":[{"name":"wp","href":"https:\/\/api.w.org\/{rel}","templated":true}]}}