{"id":13516,"date":"2017-06-07T08:57:20","date_gmt":"2017-06-07T11:57:20","guid":{"rendered":"http:\/\/www.revistacriterio.com.ar\/bloginst_new\/?p=13516"},"modified":"2017-06-07T08:57:20","modified_gmt":"2017-06-07T11:57:20","slug":"8-de-junio-a-las-13-hs-un-minuto-por-la-paz","status":"publish","type":"post","link":"https:\/\/www.revistacriterio.com.ar\/bloginst_new\/?p=13516","title":{"rendered":"8 de junio a las 13 hs: Un minuto por la paz"},"content":{"rendered":"<p><em>Al cumplirse el tercer aniversario del hist\u00f3rico encuentro entre el Papa Francisco y los presidentes de Israel y Palestina, organizaciones nacionales e internacionales invitan a dedicar Un Minuto por la Paz en todo el mundo, el jueves 8 de junio a las 13 hs.<\/em><\/p>\n<p>UN MINUTO POR LA PAZ es una propuesta simple, masiva, testimonial para ofrecer la oraci\u00f3n y asumirnos como promotores de paz, en un nuevo aniversario del hist\u00f3rico encuentro entre el Papa y los presidentes de Israel Peres y de Palestina Abu Mazen, el 8 de junio de 2014, en el Vaticano, donde rezaron para invocar el don de la Paz y derribar los muros de la enemistad.<\/p>\n<p>La intenci\u00f3n es que el jueves 8 de junio pr\u00f3ximo a las 13 hs., cada persona detenga sus actividades cotidianas, y dedique un minuto a reflexionar, a rezar y a comprometerse por la paz en todo el mundo, cada uno seg\u00fan su propia tradici\u00f3n. En el lugar donde est\u00e9, solo o acompa\u00f1ado, en la calle o en el templo, en su casa, en familia, en la escuela, en el trabajo, en la f\u00e1brica, en el campo, en el barrio, en la universidad.<\/p>\n<p>Con Un Minuto por la Paz se busca ofrecer a todos esta oportunidad, este gesto, para animar la oraci\u00f3n permanente y el compromiso con la Paz, que como un trabajo artesanal, requiere pasi\u00f3n, paciencia, experiencia, tenacidad, para sembrarla con acciones cotidianas, actitudes y gestos de servicio, de fraternidad, de di\u00e1logo, de misericordia.<\/p>\n<p>En su reciente viaje a Egipto el Papa Francisco insist\u00eda que \u201cNuestra tarea es orar unos por otros pidiendo a Dios el don de la paz, encontrarnos, dialogar, y promover la armon\u00eda con un esp\u00edritu de cooperaci\u00f3n y amistad \u201c<\/p>\n<p>La convocatoria es impulsada a nivel internacional tambi\u00e9n por el Foro Internacional de la Acci\u00f3n Cat\u00f3lica (FIAC) con sede en Roma, y  la Uni\u00f3n Mundial de Organizaciones Femeninas Cat\u00f3lica (UMOFC) con sede en Paris.<\/p>\n<p>En la Argentina son muchas las organizaciones que ya han adherido y que siguen expresando su compromiso: Conferencia Episcopal Argentina, Comisi\u00f3n Nacional Justicia y Paz, Acci\u00f3n Cat\u00f3lica Argentina, Comisi\u00f3n Episcopal de Ecumenismo, Relaciones con el Juda\u00edsmo, el Islam, y las Religiones, DEPLAI- Departamento de Laicos, Consejo para la Libertad Religiosa, Centro Isl\u00e1mico de la Rep\u00fablica Argentina, Di\u00e1logo Ciudadano, V\u00ednculos en Red Asociaci\u00f3n Civil, Comunidad de Saint\u2019 Egidio, Movimiento Familiar Cristiano, Federaci\u00f3n de C\u00edrculos de Obreros Cat\u00f3licos, Asociaci\u00f3n Cristiana de J\u00f3venes \u2013 YMCA, Foro de Habitantes a Ciudadanos y Poliedro por la Paz, entre otras. <\/p>\n","protected":false},"excerpt":{"rendered":"<p>Al cumplirse el tercer aniversario del hist\u00f3rico encuentro entre el Papa Francisco y los presidentes de Israel y Palestina, organizaciones nacionales e internacionales invitan a&#8230;<\/p>\n","protected":false},"author":3,"featured_media":0,"comment_status":"open","ping_status":"open","sticky":false,"template":"","format":"standard","meta":{"_acf_changed":false,"_jetpack_newsletter_access":"","_jetpack_dont_email_post_to_subs":false,"_jetpack_newsletter_tier_id":0,"_jetpack_memberships_contains_paywalled_content":false,"_jetpack_memberships_contains_paid_content":false,"footnotes":""},"categories":[959],"tags":[538,1993],"class_list":["post-13516","post","type-post","status-publish","format-standard","hentry","category-criterio-digital","tag-francisco","tag-minuto-por-la-paz"],"acf":[],"jetpack_featured_media_url":"","jetpack_sharing_enabled":true,"jetpack_shortlink":"https:\/\/wp.me\/p6FC4i-3w0","_links":{"self":[{"href":"https:\/\/www.revistacriterio.com.ar\/bloginst_new\/index.php?rest_route=\/wp\/v2\/posts\/13516","targetHints":{"allow":["GET"]}}],"collection":[{"href":"https:\/\/www.revistacriterio.com.ar\/bloginst_new\/index.php?rest_route=\/wp\/v2\/posts"}],"about":[{"href":"https:\/\/www.revistacriterio.com.ar\/bloginst_new\/index.php?rest_route=\/wp\/v2\/types\/post"}],"author":[{"embeddable":true,"href":"https:\/\/www.revistacriterio.com.ar\/bloginst_new\/index.php?rest_route=\/wp\/v2\/users\/3"}],"replies":[{"embeddable":true,"href":"https:\/\/www.revistacriterio.com.ar\/bloginst_new\/index.php?rest_route=%2Fwp%2Fv2%2Fcomments&post=13516"}],"version-history":[{"count":1,"href":"https:\/\/www.revistacriterio.com.ar\/bloginst_new\/index.php?rest_route=\/wp\/v2\/posts\/13516\/revisions"}],"predecessor-version":[{"id":13519,"href":"https:\/\/www.revistacriterio.com.ar\/bloginst_new\/index.php?rest_route=\/wp\/v2\/posts\/13516\/revisions\/13519"}],"wp:attachment":[{"href":"https:\/\/www.revistacriterio.com.ar\/bloginst_new\/index.php?rest_route=%2Fwp%2Fv2%2Fmedia&parent=13516"}],"wp:term":[{"taxonomy":"category","embeddable":true,"href":"https:\/\/www.revistacriterio.com.ar\/bloginst_new\/index.php?rest_route=%2Fwp%2Fv2%2Fcategories&post=13516"},{"taxonomy":"post_tag","embeddable":true,"href":"https:\/\/www.revistacriterio.com.ar\/bloginst_new\/index.php?rest_route=%2Fwp%2Fv2%2Ftags&post=13516"}],"curies":[{"name":"wp","href":"https:\/\/api.w.org\/{rel}","templated":true}]}}