{"id":13579,"date":"2017-06-21T17:47:05","date_gmt":"2017-06-21T20:47:05","guid":{"rendered":"http:\/\/www.revistacriterio.com.ar\/bloginst_new\/?p=13579"},"modified":"2017-06-21T17:47:05","modified_gmt":"2017-06-21T20:47:05","slug":"los-anuncios-de-trump-sobre-cuba","status":"publish","type":"post","link":"https:\/\/www.revistacriterio.com.ar\/bloginst_new\/?p=13579","title":{"rendered":"Los anuncios de Trump sobre Cuba"},"content":{"rendered":"<p>Finalmente, luego de mantener en vilo al gobierno cubano pero tambi\u00e9n a los dem\u00e1s gobiernos y la opini\u00f3n p\u00fablica de nuestra regi\u00f3n, el presidente de Estados Unidos Donald Trump anunci\u00f3 el viernes 16 de junio, por la tarde, las l\u00edneas generales de lo que ser\u00e1 su pol\u00edtica hacia Cuba. Lo primero en lo que piensa cualquiera que ha vivido en Cuba y\/o conoce bien los filtros que realiza el gobierno de la isla a la informaci\u00f3n p\u00fablica, es en qu\u00e9 medida la poblaci\u00f3n cubana se enterar\u00e1 lo que expres\u00f3 textualmente el presidente Trump desde Miami, ante una comunidad cubanoamericana que, en menor medida que hace algunas d\u00e9cadas, todav\u00eda se mantiene favorable al embargo.<br \/>\nVale la pena abrir la p\u00e1gina digital del diario Granma, \u00f3rgano oficial del Partido Comunista de Cuba: http:\/\/www.granma.cu\/mundo\/2017-06-16\/en-vivo-los-anuncios-de-trump-sobre-cuba-16-06-2017-11-06-19.  <\/p>\n<p>Entre las reproducciones del discurso presidencial \u00abminuto a minuto\u00bb en el principal medio cubano, as\u00ed como en los comentarios de los lectores, severamente filtrados, en ning\u00fan sitio se menciona la situaci\u00f3n de los derechos humanos. La prensa dirigida del gobierno cubano recorta cuidadosamente expresiones como las siguientes, que s\u00ed se pueden leer en la prensa de Miami o en la de nuestro pa\u00eds:<br \/>\n&#8211; \u201cLa pol\u00edtica reafirma el embargo estadounidense impuesto por ley a Cuba y se opone a los llamados dentro de Estados Unidos y otros foros internacionales para acabar con \u00e9l\u201d.<br \/>\n&#8211; \u201cEs mejor para Estados Unidos tener libertad en nuestra regi\u00f3n, tanto en Cuba como en Venezuela\u201d.<br \/>\n&#8211; \u00abNo vamos a estar en silencio ante la opresi\u00f3n del Comunismo\u00bb.<br \/>\n&#8211; En la isla caribe\u00f1a existe una \u00abtremenda represi\u00f3n\u00bb.<br \/>\n&#8211; \u00abEl r\u00e9gimen de (Ra\u00fal) Castro ha enviado armas a Corea del Norte e incentiv\u00f3 el caos en Venezuela\u00bb<br \/>\n&#8211; \u201cCuando los cubanos den pasos concretos, estaremos listos, preparados y capaces de volver a la mesa para negociar ese acuerdo, que ser\u00e1 mucho mejor\u201d.<br \/>\n&#8211; \u201cAhora que soy presidente, Estados Unidos denunciar\u00e1 los cr\u00edmenes del r\u00e9gimen de Castro\u201d, dijo, adem\u00e1s de denunciar los sufrimientos de los cubanos \u201cdurante cerca de seis d\u00e9cadas\u201d. \u201cSabemos lo que pasa y recordamos lo que pas\u00f3\u201d.<br \/>\n&#8211; \u201cRetamos a Cuba a venir a la mesa con un nuevo acuerdo que est\u00e9 en el mejor inter\u00e9s tanto de su pueblo como del nuestro\u201d.<br \/>\nDe todos modos, aunque Trump planea cambiar significativamente su pol\u00edtica hacia Cuba en lo referido a las severas restricciones programadas para los negocios del gran  conglomerado de empresas GAESA, dirigidas por los generales m\u00e1s pr\u00f3ximos a Ra\u00fal Castro, desde los taxis y la industria tur\u00edstica hasta la importaci\u00f3n de alimentos, y reducir\u00e1 dr\u00e1sticamente el flujo de dinero que recibe gobierno cubano, Estados Unidos mantendr\u00e1 las relaciones diplom\u00e1ticas con la isla, los viajes familiares y las remesas que env\u00edan los cubanoamericanos desde el otro lado del estrecho de la Florida.<br \/>\nPara sus futuros pasos en pol\u00edtica exterior frente a Cuba y, sobre todo, frente a Venezuela, en momentos en que nuestro Canciller se apresta a concurrir a la Asamblea General de la OEA por celebrarse en Canc\u00fan, el gobierno deber\u00eda tomar debida nota la realidad de las expresiones del presidente Trump, sobre todo respecto de la agobiante influencia del aparato de inteligencia y represi\u00f3n de Cuba sobre Venezuela.<\/p>\n","protected":false},"excerpt":{"rendered":"<p>Finalmente, luego de mantener en vilo al gobierno cubano pero tambi\u00e9n a los dem\u00e1s gobiernos y la opini\u00f3n p\u00fablica de nuestra regi\u00f3n, el presidente de&#8230;<\/p>\n","protected":false},"author":3,"featured_media":0,"comment_status":"open","ping_status":"open","sticky":false,"template":"","format":"standard","meta":{"_acf_changed":false,"_jetpack_newsletter_access":"","_jetpack_dont_email_post_to_subs":false,"_jetpack_newsletter_tier_id":0,"_jetpack_memberships_contains_paywalled_content":false,"_jetpack_memberships_contains_paid_content":false,"footnotes":""},"categories":[959],"tags":[162,2020,1666],"class_list":["post-13579","post","type-post","status-publish","format-standard","hentry","category-criterio-digital","tag-cuba","tag-granma","tag-trump"],"acf":[],"jetpack_featured_media_url":"","jetpack_sharing_enabled":true,"jetpack_shortlink":"https:\/\/wp.me\/p6FC4i-3x1","_links":{"self":[{"href":"https:\/\/www.revistacriterio.com.ar\/bloginst_new\/index.php?rest_route=\/wp\/v2\/posts\/13579","targetHints":{"allow":["GET"]}}],"collection":[{"href":"https:\/\/www.revistacriterio.com.ar\/bloginst_new\/index.php?rest_route=\/wp\/v2\/posts"}],"about":[{"href":"https:\/\/www.revistacriterio.com.ar\/bloginst_new\/index.php?rest_route=\/wp\/v2\/types\/post"}],"author":[{"embeddable":true,"href":"https:\/\/www.revistacriterio.com.ar\/bloginst_new\/index.php?rest_route=\/wp\/v2\/users\/3"}],"replies":[{"embeddable":true,"href":"https:\/\/www.revistacriterio.com.ar\/bloginst_new\/index.php?rest_route=%2Fwp%2Fv2%2Fcomments&post=13579"}],"version-history":[{"count":1,"href":"https:\/\/www.revistacriterio.com.ar\/bloginst_new\/index.php?rest_route=\/wp\/v2\/posts\/13579\/revisions"}],"predecessor-version":[{"id":13582,"href":"https:\/\/www.revistacriterio.com.ar\/bloginst_new\/index.php?rest_route=\/wp\/v2\/posts\/13579\/revisions\/13582"}],"wp:attachment":[{"href":"https:\/\/www.revistacriterio.com.ar\/bloginst_new\/index.php?rest_route=%2Fwp%2Fv2%2Fmedia&parent=13579"}],"wp:term":[{"taxonomy":"category","embeddable":true,"href":"https:\/\/www.revistacriterio.com.ar\/bloginst_new\/index.php?rest_route=%2Fwp%2Fv2%2Fcategories&post=13579"},{"taxonomy":"post_tag","embeddable":true,"href":"https:\/\/www.revistacriterio.com.ar\/bloginst_new\/index.php?rest_route=%2Fwp%2Fv2%2Ftags&post=13579"}],"curies":[{"name":"wp","href":"https:\/\/api.w.org\/{rel}","templated":true}]}}