{"id":13591,"date":"2017-06-28T08:35:41","date_gmt":"2017-06-28T11:35:41","guid":{"rendered":"http:\/\/www.revistacriterio.com.ar\/bloginst_new\/?p=13591"},"modified":"2017-06-28T20:21:16","modified_gmt":"2017-06-28T23:21:16","slug":"semana-social-2017-juntos-pero-no-revueltos","status":"publish","type":"post","link":"https:\/\/www.revistacriterio.com.ar\/bloginst_new\/?p=13591","title":{"rendered":"Semana Social 2017: Juntos pero no revueltos"},"content":{"rendered":"<div id=\"attachment_13596\" style=\"width: 473px\" class=\"wp-caption alignnone\"><a href=\"https:\/\/www.revistacriterio.com.ar\/bloginst_new\/wp-content\/uploads\/2017\/06\/Panel-Modelos-Alternativos-de-Desarrollo-Integral-2.jpg\"><img loading=\"lazy\" decoding=\"async\" aria-describedby=\"caption-attachment-13596\" class=\" wp-image-13596\" src=\"https:\/\/www.revistacriterio.com.ar\/bloginst_new\/wp-content\/uploads\/2017\/06\/Panel-Modelos-Alternativos-de-Desarrollo-Integral-2.jpg\" alt=\"\" width=\"463\" height=\"244\" srcset=\"https:\/\/www.revistacriterio.com.ar\/bloginst_new\/wp-content\/uploads\/2017\/06\/Panel-Modelos-Alternativos-de-Desarrollo-Integral-2.jpg 800w, https:\/\/www.revistacriterio.com.ar\/bloginst_new\/wp-content\/uploads\/2017\/06\/Panel-Modelos-Alternativos-de-Desarrollo-Integral-2-300x158.jpg 300w, https:\/\/www.revistacriterio.com.ar\/bloginst_new\/wp-content\/uploads\/2017\/06\/Panel-Modelos-Alternativos-de-Desarrollo-Integral-2-768x405.jpg 768w\" sizes=\"auto, (max-width: 463px) 100vw, 463px\" \/><\/a><\/p>\n<p id=\"caption-attachment-13596\" class=\"wp-caption-text\">Fotos: Nelson Pollicelli<\/p>\n<\/div>\n<p>Las Semanas Sociales organizadas por la Comisi\u00f3n Episcopal de Pastoral Social (CEPAS) junto con el obispado de Mar del Plata ya son un cl\u00e1sico anual de la oferta \u2013de muy amplio espectro\u2013 de eventos abiertos de la Iglesia cat\u00f3lica argentina. Una cita en la que se encuentran el mundo del trabajo y el empresarial, pol\u00edticos en ejercicio de oficialismo y de oposici\u00f3n, sindicalistas y periodistas, expertos en las tem\u00e1ticas de la agenda, laicado y jerarqu\u00eda eclesi\u00e1stica. Tres jornadas en las que se exponen argumentaciones contrapuestas, Evangelio y pluralismos multidireccionales, como an\u00e1lisis sociales y econ\u00f3micos asociados a pluricreatividades puestas al servicio del bien com\u00fan.<br \/>\nLa \u00faltima edici\u00f3n tuvo por tema \u201cEl cuidado de la casa com\u00fan. Es m\u00e1s lo que nos une que lo que nos divide\u201d. Del 23 al 25 de junio el hotel \u201c13 de Julio\u201d, del sindicato Luz y Fuerza, fue la casa com\u00fan en la que compartieron paneles y mesas-debate desde miembros de Poder Ejecutivo Nacional hasta personas an\u00f3nimas que llevan adelante emprendimientos que mejoran la calidad de sus espacios y quienes los habitan.<br \/>\nDe la apertura participaron los ministros Carolina Stanley y Jorge Triaca; Guillermo Moser, secretario general de Luz y Fuerza; el presidente de la CEPAS, Jorge Lozano; y los obispos miembros Jorge Lugones, Jorge Casaretto y Marcelo Colombo; y Antonio Marino, obispo de Mar del Plata. Dos significativas ausencias marcaron esta apertura: la de la gobernadora bonaerense, Mar\u00eda Eugenia Vidal, y la del intendente de la ciudad balnearia, Carlos Arroyo. La primera envi\u00f3 una carta que fue le\u00edda por Lozano y el segundo fue representado por Alejandro Vicente, secretario de Gobierno del Municipio de Gral. Pueyrred\u00f3n.<br \/>\nFue notable la cercan\u00eda al papa Francisco que expres\u00f3 Vidal en su misiva: \u201cEse camino de contemplar al pr\u00f3jimo con plena conciencia del que sufre la exclusi\u00f3n y la pobreza es una tarea diaria y nos pide que trabajemos como hermanos, buscando proyectos en com\u00fan con las ONGs, con los clubes del barrio, con las iglesias, con todos los municipios, y desarrollarlos poniendo en primer lugar a las personas, es un eje que atraviesa nuestra gesti\u00f3n\u201d.<br \/>\nTriaca y Stanley son afines tanto a la Iglesia en general como a la Pastoral Social en particular \u2013muy interesante es seguir el itinerario de la relaci\u00f3n movimientos sociales-Stanley, por ejemplo\u2013 de modo que sus intervenciones animaron a propiciar la amistad social en todo \u00e1mbito y ante cualquier circunstancia. \u201cBusquemos los elementos que nos unen y no lo que nos separa\u201d, expres\u00f3 el ministro de Trabajo abrevando en el lema.<br \/>\nEl cuidado de la casa com\u00fan fue el tema de la intervenci\u00f3n de monse\u00f1or Lugones y la amistad social el de monse\u00f1or Casaretto en el cierre de esa primera jornada.<br \/>\nEl s\u00e1bado y el domingo resonaron finas y crudas (no por eso menos ciertas) reflexiones sobre el cuidado del planeta, uso de agroqu\u00edmicos (para referirse a ellos, la licenciada en Gesti\u00f3n de Pol\u00edticas P\u00fablicas y especialista en Salud y Ambiente Silvia Alonso utiliz\u00f3 el t\u00e9rmino \u201cbiocidas\u201d que sacudi\u00f3 fuerte al auditorio), miner\u00eda, agua, basura y energ\u00edas renovables. \u201cModelos Alternativos de Desarrollo Integral\u201d fue el tema del segundo panel central que tuvo su punto m\u00e1ximo de atenci\u00f3n cuando Juan Grabois, cabeza de la Confederaci\u00f3n de los Trabajadores de la Econom\u00eda Popular, denunci\u00f3 la muerte de ni\u00f1os y ni\u00f1as en villas del conurbano bonaerense: \u201cEn 10 d\u00edas se murieron 9 chicos de la villa y nadie se enter\u00f3. \u00bfQu\u00e9 hubiera pasado si estos chicos viv\u00edan en Recoleta?\u201d. Lozano recogi\u00f3 el guante cuando expres\u00f3 que \u201cvivimos en una sociedad expulsiva, y hay muchos que est\u00e1n sufriendo un desalojo injusto: los echan a la intemperie. No se tiene lugar en la casa com\u00fan (\u2026). Las noticias s\u00f3lo se difunden si acontecen a cierta parte de la sociedad.\u201d<br \/>\nEl mundo del trabajo y el empresariado \u2013industrial y agropecuario\u2013confluyeron en el \u00faltimo panel del s\u00e1bado 24 convocados por la cuesti\u00f3n de \u201cLa Amistad Social, el Trabajo y la Producci\u00f3n\u201d. En tanto que el domingo fueron los testimonios muy, muy concretos los que alzaron la voz en el pen\u00faltimo panel (el pap\u00e1 de \u00c1ngeles Rawson, v\u00edctima de femicidio, fue uno de ellos), y \u201cLa Amistad Social en los movimientos sociales y en las organizaciones de la sociedad civil\u201d fue el tema del \u00faltimo, que cont\u00f3 con la presencia de Daniel Men\u00e9ndez de Barrios de Pie y Adela Segarra del Movimiento Evita, entre otros.<br \/>\nCon un mensaje final que fue caja de resonancia de experiencias, trayectos comunitarios, elecciones de vidas p\u00fablicas y privadas, concluy\u00f3 la Semana Social 2017 dejando como fruto mayor y bien tangible de cercan\u00eda entre hermanos haber posibilitado el encuentro entre los familiares del naufragio del barco pesquero \u201cRepunte\u201d y los ministros Stanley y Triaca, quienes se comprometieron fuertemente con esta causa.<br \/>\nCasi a modo de s\u00edntesis, Casaretto, al despedirse de esta cronista, afirm\u00f3 en la puerta del hotel 13 de Julio: \u201cLos objetivos se cumplieron, planteamos la necesidad de la amistad social entre los argentinos y le hemos dado un espacio de reflexi\u00f3n y escucha a la enc\u00edclica Laudato Si\u2019 en nuestra patria\u201d.<\/p>\n","protected":false},"excerpt":{"rendered":"<p>Las Semanas Sociales organizadas por la Comisi\u00f3n Episcopal de Pastoral Social (CEPAS) junto con el obispado de Mar del Plata ya son un cl\u00e1sico anual&#8230;<\/p>\n","protected":false},"author":3,"featured_media":0,"comment_status":"open","ping_status":"open","sticky":false,"template":"","format":"standard","meta":{"_acf_changed":false,"_jetpack_newsletter_access":"","_jetpack_dont_email_post_to_subs":false,"_jetpack_newsletter_tier_id":0,"_jetpack_memberships_contains_paywalled_content":false,"_jetpack_memberships_contains_paid_content":false,"footnotes":""},"categories":[959,8],"tags":[2022,2024,2023,277,591,445],"class_list":["post-13591","post","type-post","status-publish","format-standard","hentry","category-criterio-digital","category-iglesia","tag-agroquimicos","tag-amistad-social","tag-desalojo","tag-desarrollo","tag-exclusion","tag-semana-social"],"acf":[],"jetpack_featured_media_url":"","jetpack_sharing_enabled":true,"jetpack_shortlink":"https:\/\/wp.me\/p6FC4i-3xd","_links":{"self":[{"href":"https:\/\/www.revistacriterio.com.ar\/bloginst_new\/index.php?rest_route=\/wp\/v2\/posts\/13591","targetHints":{"allow":["GET"]}}],"collection":[{"href":"https:\/\/www.revistacriterio.com.ar\/bloginst_new\/index.php?rest_route=\/wp\/v2\/posts"}],"about":[{"href":"https:\/\/www.revistacriterio.com.ar\/bloginst_new\/index.php?rest_route=\/wp\/v2\/types\/post"}],"author":[{"embeddable":true,"href":"https:\/\/www.revistacriterio.com.ar\/bloginst_new\/index.php?rest_route=\/wp\/v2\/users\/3"}],"replies":[{"embeddable":true,"href":"https:\/\/www.revistacriterio.com.ar\/bloginst_new\/index.php?rest_route=%2Fwp%2Fv2%2Fcomments&post=13591"}],"version-history":[{"count":4,"href":"https:\/\/www.revistacriterio.com.ar\/bloginst_new\/index.php?rest_route=\/wp\/v2\/posts\/13591\/revisions"}],"predecessor-version":[{"id":13600,"href":"https:\/\/www.revistacriterio.com.ar\/bloginst_new\/index.php?rest_route=\/wp\/v2\/posts\/13591\/revisions\/13600"}],"wp:attachment":[{"href":"https:\/\/www.revistacriterio.com.ar\/bloginst_new\/index.php?rest_route=%2Fwp%2Fv2%2Fmedia&parent=13591"}],"wp:term":[{"taxonomy":"category","embeddable":true,"href":"https:\/\/www.revistacriterio.com.ar\/bloginst_new\/index.php?rest_route=%2Fwp%2Fv2%2Fcategories&post=13591"},{"taxonomy":"post_tag","embeddable":true,"href":"https:\/\/www.revistacriterio.com.ar\/bloginst_new\/index.php?rest_route=%2Fwp%2Fv2%2Ftags&post=13591"}],"curies":[{"name":"wp","href":"https:\/\/api.w.org\/{rel}","templated":true}]}}