{"id":13671,"date":"2017-07-02T17:07:40","date_gmt":"2017-07-02T20:07:40","guid":{"rendered":"http:\/\/www.revistacriterio.com.ar\/bloginst_new\/?p=13671"},"modified":"2017-07-02T17:07:40","modified_gmt":"2017-07-02T20:07:40","slug":"poema-morandi","status":"publish","type":"post","link":"https:\/\/www.revistacriterio.com.ar\/bloginst_new\/?p=13671","title":{"rendered":"Poema: Morandi"},"content":{"rendered":"<p>Despierta Giorgio<br \/>\nque viene El que Es<br \/>\na preguntarte<br \/>\npor la clave discreta<br \/>\nde aquello que nosotros llamamos<br \/>\nla realidad.<\/p>\n<p>Mirar\u00e1<br \/>\nel espectro gris<br \/>\ndel eidos peregrino<br \/>\nlos tiernos ocres<br \/>\nlas tierras esenciales<br \/>\ny quiz\u00e1 el destello azul<br \/>\ndel vaso de Plotino<\/p>\n<p>el temblor fantasmal<br \/>\nde un mundo recreado<br \/>\ncon sigiloso mirar<br \/>\ny bien templada prudencia<br \/>\nen esos sagrados<br \/>\nc\u00e1lices profanos<br \/>\nperpetuas criaturas silentes<br \/>\nde una geometr\u00eda<br \/>\nno de Euclides<br \/>\nuna tras una<br \/>\notra tras otra<br \/>\ncada ma\u00f1ana augural<br \/>\ncada natal esperanza<br \/>\nde una abismal realidad.<\/p>\n<p>Nunca has ido a Par\u00eds<br \/>\nquerido Giorgio<br \/>\npara crear otro horizonte<br \/>\nfestina lente<br \/>\nhay que saber navegar<br \/>\nhacia adentro<br \/>\ncon solitario af\u00e1n.<\/p>\n<p><em>Marcelo Montserrat<br \/>\n26 de mayo de 2017<\/em><\/p>\n<p>&nbsp;<\/p>\n<p><em>Giorgio Morandi (1890-1964) fue uno de los mejores pintores italianos del siglo XX en su pa\u00eds. Recibi\u00f3 el homenaje principal de la prestigiosa exposici\u00f3n de arte contempor\u00e1neo documenta Kassel 2012. Un estupendo libro tambi\u00e9n lo recuerda: <\/em>El toldo rojo de Bolonia<em>, de John Berger.<\/em><\/p>\n","protected":false},"excerpt":{"rendered":"<p>Despierta Giorgio que viene El que Es a preguntarte por la clave discreta de aquello que nosotros llamamos la realidad. Mirar\u00e1 el espectro gris del&#8230;<\/p>\n","protected":false},"author":3,"featured_media":0,"comment_status":"open","ping_status":"open","sticky":false,"template":"","format":"standard","meta":{"_acf_changed":false,"_jetpack_newsletter_access":"","_jetpack_dont_email_post_to_subs":false,"_jetpack_newsletter_tier_id":0,"_jetpack_memberships_contains_paywalled_content":false,"_jetpack_memberships_contains_paid_content":false,"footnotes":""},"categories":[4,1403],"tags":[1462,2055,382,1471],"class_list":["post-13671","post","type-post","status-publish","format-standard","hentry","category-cultura","category-testimonios","tag-cultura","tag-morandi","tag-poema","tag-testimonios"],"acf":[],"jetpack_featured_media_url":"","jetpack_sharing_enabled":true,"jetpack_shortlink":"https:\/\/wp.me\/p6FC4i-3yv","_links":{"self":[{"href":"https:\/\/www.revistacriterio.com.ar\/bloginst_new\/index.php?rest_route=\/wp\/v2\/posts\/13671","targetHints":{"allow":["GET"]}}],"collection":[{"href":"https:\/\/www.revistacriterio.com.ar\/bloginst_new\/index.php?rest_route=\/wp\/v2\/posts"}],"about":[{"href":"https:\/\/www.revistacriterio.com.ar\/bloginst_new\/index.php?rest_route=\/wp\/v2\/types\/post"}],"author":[{"embeddable":true,"href":"https:\/\/www.revistacriterio.com.ar\/bloginst_new\/index.php?rest_route=\/wp\/v2\/users\/3"}],"replies":[{"embeddable":true,"href":"https:\/\/www.revistacriterio.com.ar\/bloginst_new\/index.php?rest_route=%2Fwp%2Fv2%2Fcomments&post=13671"}],"version-history":[{"count":1,"href":"https:\/\/www.revistacriterio.com.ar\/bloginst_new\/index.php?rest_route=\/wp\/v2\/posts\/13671\/revisions"}],"predecessor-version":[{"id":13674,"href":"https:\/\/www.revistacriterio.com.ar\/bloginst_new\/index.php?rest_route=\/wp\/v2\/posts\/13671\/revisions\/13674"}],"wp:attachment":[{"href":"https:\/\/www.revistacriterio.com.ar\/bloginst_new\/index.php?rest_route=%2Fwp%2Fv2%2Fmedia&parent=13671"}],"wp:term":[{"taxonomy":"category","embeddable":true,"href":"https:\/\/www.revistacriterio.com.ar\/bloginst_new\/index.php?rest_route=%2Fwp%2Fv2%2Fcategories&post=13671"},{"taxonomy":"post_tag","embeddable":true,"href":"https:\/\/www.revistacriterio.com.ar\/bloginst_new\/index.php?rest_route=%2Fwp%2Fv2%2Ftags&post=13671"}],"curies":[{"name":"wp","href":"https:\/\/api.w.org\/{rel}","templated":true}]}}