{"id":13760,"date":"2017-08-04T19:53:04","date_gmt":"2017-08-04T22:53:04","guid":{"rendered":"http:\/\/www.revistacriterio.com.ar\/bloginst_new\/?p=13760"},"modified":"2017-08-04T19:53:04","modified_gmt":"2017-08-04T22:53:04","slug":"una-obsesion-de-america-latina-su-pasado","status":"publish","type":"post","link":"https:\/\/www.revistacriterio.com.ar\/bloginst_new\/?p=13760","title":{"rendered":"Una obsesi\u00f3n de Am\u00e9rica latina: su pasado"},"content":{"rendered":"<p>Andr\u00e9s Oppenheimer es el periodista latinoamericano que m\u00e1s ha escrito en favor de la econom\u00eda del conocimiento. Nacido en Buenos Aires, columnista de La Naci\u00f3n en temas latinoamericanos, estudi\u00f3 Derecho (UBA) y obtuvo una Maestr\u00eda en Periodismo (Universidad de Columbia); trabaj\u00f3 en <em>The New York Times<\/em>, <em>The Washington Post<\/em>, la BBC de Londres y otros importantes medios; recibi\u00f3 los premios Pulitzer, Mar\u00eda Moors Cabot, Rey de Espa\u00f1a y Ortega y Gasset entre los m\u00e1s destacados.<br \/>\nSu \u00faltimo libro, <em>\u00a1Basta de historia!<\/em> (Sudamericana, 2010), se edit\u00f3 cuando pa\u00edses de Am\u00e9rica Latina y el Caribe festejaban el bicentenario de sus independencias. All\u00ed, Oppenheimer insiste en que mejorar la educaci\u00f3n, la ciencia, la tecnolog\u00eda y la innovaci\u00f3n no es tarea imposible pero s\u00ed muy necesaria pues el XXI ser\u00e1 el siglo de la econom\u00eda del conocimiento. Agrega que contrariamente a lo que pregonan presidentes y l\u00edderes populistas latinoamericanos, los pa\u00edses que avanzan no son los que venden materias primas ni productos manufacturados b\u00e1sicos, sino los que producen bienes y servicios de mayor valor agregado.<br \/>\nPero la preocupaci\u00f3n de Oppenheimer es la obsesi\u00f3n de la regi\u00f3n por su pasado. \u201cCuriosamente \u2013dice\u2013 no ocurre lo mismo en China, India y otros pa\u00edses asi\u00e1ticos y de Europa del Este, con historias milenarias. \u00bfEs saludable esta obsesi\u00f3n por el pasado? \u00bfNos ayuda a prepararnos para el futuro? \u00bfO nos distrae de la tarea cada vez m\u00e1s urgente de capacitarnos para competir mejor en la econom\u00eda del conocimiento del siglo XXI?\u201d. Y describe as\u00ed esta obsesi\u00f3n:<br \/>\n<strong>Venezuela<\/strong>: Ch\u00e1vez desenterr\u00f3 a Bol\u00edvar y cre\u00f3 una comisi\u00f3n para hacer una investigaci\u00f3n cient\u00edfica e hist\u00f3rica sobre las causas de su muerte y verificar si cuando se trasladaron sus restos de Colombia no enviaron los despojos de otro mortal; orden\u00f3 la construcci\u00f3n de un sarc\u00f3fago de cristal y oro y habl\u00f3 m\u00e1s de cinco horas en el aniversario 177 de su muerte.<br \/>\n<strong>Ecuador<\/strong>: Correa tuvo contratiempos para trasladar los restos del ex presidente del siglo XIX, Jos\u00e9 Eloy Alfaro, desde Guayaquil hasta Montecristi, pues la hija de Alfaro hab\u00eda dicho que la voluntad de su padre era que estuvieran en Guayaquil. Se desat\u00f3 una discusi\u00f3n nacional, por lo que se decidi\u00f3 que una parte de las cenizas fuera a Guayaquil y otra a Montecristi; el gobierno construy\u00f3 un mausoleo de 350 mil d\u00f3lares en Montecristi.<br \/>\n<strong>Argentina<\/strong>: Kirchner desenterr\u00f3 a Per\u00f3n para trasladarlo a 50 kil\u00f3metros de Buenos Aires, con una caravana de 120 granaderos donde hubo disparos y heridos mientras se cantaba \u201cPer\u00f3n vive\u201d. <strong>Uruguay, Honduras y El Salvador<\/strong>: Sus dirigentes pol\u00edticos discutieron sobre los restos de Artigas y de Moraz\u00e1n. Cardoso, ex presidente de Brasil, lleg\u00f3 a decir: \u201cBol\u00edvar, Per\u00f3n, todos jugaron un rol important\u00edsimo pero por Dios miremos para adelante, pues mirar siempre hacia atr\u00e1s produce muchas limitaciones. La idea de que los vivos est\u00e1n guiados por los muertos est\u00e1 muy viva en la regi\u00f3n. El mundo es otro\u201d.<br \/>\nOppenheimer se lamentaba en un reciente art\u00edculo de que Am\u00e9rica latina, el Caribe y \u00c1frica sean los continentes que menos invierten en investigaci\u00f3n y desarrollo, s\u00f3lo el 2% del total mundial, y que sean los que tienen menos patentes. Un solo pa\u00eds, Corea del Sur, invierte en I+D m\u00e1s que toda nuestra regi\u00f3n, y en 2016 solicit\u00f3 15.560 patentes contra 1400 de estas latitutes. En 1965 los ingresos per c\u00e1pita de M\u00e9xico, Venezuela, la Argentina o Brasil eran de 5 a 10 veces mayores que el de Corea. Hoy Corea es una de las primeras econom\u00edas del mundo.<\/p>\n","protected":false},"excerpt":{"rendered":"<p>Andr\u00e9s Oppenheimer es el periodista latinoamericano que m\u00e1s ha escrito en favor de la econom\u00eda del conocimiento. Nacido en Buenos Aires, columnista de La Naci\u00f3n&#8230;<\/p>\n","protected":false},"author":3,"featured_media":0,"comment_status":"open","ping_status":"open","sticky":false,"template":"","format":"standard","meta":{"_acf_changed":false,"_jetpack_newsletter_access":"","_jetpack_dont_email_post_to_subs":false,"_jetpack_newsletter_tier_id":0,"_jetpack_memberships_contains_paywalled_content":false,"_jetpack_memberships_contains_paid_content":false,"footnotes":""},"categories":[972,3],"tags":[277,270,910,914,2086],"class_list":["post-13760","post","type-post","status-publish","format-standard","hentry","category-economia","category-politica-economia","tag-desarrollo","tag-economia","tag-economia-del-conocimiento","tag-investigacion","tag-oppenheimer"],"acf":[],"jetpack_featured_media_url":"","jetpack_sharing_enabled":true,"jetpack_shortlink":"https:\/\/wp.me\/p6FC4i-3zW","_links":{"self":[{"href":"https:\/\/www.revistacriterio.com.ar\/bloginst_new\/index.php?rest_route=\/wp\/v2\/posts\/13760","targetHints":{"allow":["GET"]}}],"collection":[{"href":"https:\/\/www.revistacriterio.com.ar\/bloginst_new\/index.php?rest_route=\/wp\/v2\/posts"}],"about":[{"href":"https:\/\/www.revistacriterio.com.ar\/bloginst_new\/index.php?rest_route=\/wp\/v2\/types\/post"}],"author":[{"embeddable":true,"href":"https:\/\/www.revistacriterio.com.ar\/bloginst_new\/index.php?rest_route=\/wp\/v2\/users\/3"}],"replies":[{"embeddable":true,"href":"https:\/\/www.revistacriterio.com.ar\/bloginst_new\/index.php?rest_route=%2Fwp%2Fv2%2Fcomments&post=13760"}],"version-history":[{"count":1,"href":"https:\/\/www.revistacriterio.com.ar\/bloginst_new\/index.php?rest_route=\/wp\/v2\/posts\/13760\/revisions"}],"predecessor-version":[{"id":13763,"href":"https:\/\/www.revistacriterio.com.ar\/bloginst_new\/index.php?rest_route=\/wp\/v2\/posts\/13760\/revisions\/13763"}],"wp:attachment":[{"href":"https:\/\/www.revistacriterio.com.ar\/bloginst_new\/index.php?rest_route=%2Fwp%2Fv2%2Fmedia&parent=13760"}],"wp:term":[{"taxonomy":"category","embeddable":true,"href":"https:\/\/www.revistacriterio.com.ar\/bloginst_new\/index.php?rest_route=%2Fwp%2Fv2%2Fcategories&post=13760"},{"taxonomy":"post_tag","embeddable":true,"href":"https:\/\/www.revistacriterio.com.ar\/bloginst_new\/index.php?rest_route=%2Fwp%2Fv2%2Ftags&post=13760"}],"curies":[{"name":"wp","href":"https:\/\/api.w.org\/{rel}","templated":true}]}}