{"id":14159,"date":"2017-11-03T17:42:54","date_gmt":"2017-11-03T20:42:54","guid":{"rendered":"http:\/\/www.revistacriterio.com.ar\/bloginst_new\/?p=14159"},"modified":"2017-11-03T17:42:54","modified_gmt":"2017-11-03T20:42:54","slug":"un-magisterio-alternativo","status":"publish","type":"post","link":"https:\/\/www.revistacriterio.com.ar\/bloginst_new\/?p=14159","title":{"rendered":"\u00bfUn magisterio alternativo?"},"content":{"rendered":"<p>En el a\u00f1o 1987, 134 sacerdotes, pertenecientes a 27 di\u00f3cesis del pa\u00eds, se reunieron durante tres d\u00edas con el loable deseo de profundizar y purificar, en su acci\u00f3n y sus vidas, la opci\u00f3n de la Iglesia por los pobres, con una visi\u00f3n esperanzadora. Su mensaje identificaba en la \u201cimpagable e inmoral deuda externa\u201d la causa del empobrecimiento en la Argentina. Al mismo tiempo, estos sacerdotes renovaban su compromiso con la vida, se\u00f1alaban sus reservas respecto de la ley de obediencia debida y su alarma ante los intentos golpistas, e instaban a la valiente defensa de una democracia convertida en verdadera participaci\u00f3n popular.<br \/>\nComenzaron entonces a llamarse \u201cGrupo de sacerdotes de la opci\u00f3n por los pobres\u201d. Tienen un sitio web donde pueden leerse los documentos emitidos desde entonces; para 2005 el Grupo estaba integrado por 104 sacerdotes cat\u00f3licos de todo el pa\u00eds. En el documento emitido ese a\u00f1o aseguraban contar con la adhesi\u00f3n de m\u00e1s 300 firmas de cat\u00f3licos y comunidades religiosas. Al d\u00eda de la fecha no figuran los nombres de sus integrantes ni las di\u00f3cesis o congregaciones a las que pertenecen. A lo largo de los a\u00f1os, el tenor de los documentos se ha endurecido. En 2015, con ocasi\u00f3n de los 39 a\u00f1os del \u00faltimo golpe, se refirieron a la dictadura \u201cc\u00edvico eclesi\u00e1stico militar\u201d. Reci\u00e9n en julio de este a\u00f1o parecen descubrir \u201cla flagrante complicidad de un poder judicial cooptado\u201d y, en su \u00faltimo documento del mes de septiembre, se afirma que \u201ccomo cristianos y como curas, caminando a la par del pueblo, invitamos a votar contra este gobierno\u201d.<br \/>\nEn un reciente art\u00edculo publicado por el sacerdote Jorge Oesterheld en el diario <em>La Naci\u00f3n<\/em>, se alude a las \u00faltimas manifestaciones del Grupo, que contrastan con recientes declaraciones de signo opuesto expresadas por el arzobispo de La Plata, monse\u00f1or H\u00e9ctor Aguer. Ambos pronunciamientos invaden el terreno de la pol\u00edtica partidaria, que es propio de los laicos. Oesterheld elogia la actitud de la Conferencia Episcopal al no intervenir desde el magisterio en cuestiones que son opinables. Asimismo, se\u00f1ala que es preciso emplear \u201cun di\u00e1logo humilde, con el tono y la ternura de Jes\u00fas\u201d, para acercarse a los m\u00e1s pobres y los j\u00f3venes que se han alejado de la Iglesia.<br \/>\nPara una opini\u00f3n p\u00fablica que puede no estar bien informada sobre las distintas corrientes activas dentro de la Iglesia, importa distinguir la pr\u00e9dica de este colectivo de opci\u00f3n por los pobres de la abnegada acci\u00f3n de los sacerdotes que llevan a cabo su acci\u00f3n pastoral hacia los m\u00e1s necesitados y con no pocos sacrificios, pero sin hacer de ello confusi\u00f3n alguna con actitudes de naturaleza partidaria.<br \/>\nEl principio evang\u00e9lico de dar a Dios lo que es de Dios y al C\u00e9sar lo que es del C\u00e9sar es de valor universal, y al mismo tiempo ha sido le\u00eddo y ense\u00f1ado a lo largo de la historia, seg\u00fan las condiciones propias de cada \u00e9poca.<br \/>\nLa ca\u00edda de los Estados pontificios en 1870 fue sin duda el resultado de una acci\u00f3n militar. Pero la causalidad m\u00e1s importante radicaba en la evoluci\u00f3n de los tiempos, que el papado no hab\u00eda estado en condiciones de leer adecuadamente. Sabido es que en materias que no pertenecen al dogma, el Papa no es \u201cinfalible\u201d. Del mismo modo, resulta evidente que tampoco lo son los obispos, los sacerdotes y los fieles laicos, sea a t\u00edtulo individual o colectivo en cualquier tipo de asociaciones de fieles, tanto si cuentan con las debidas licencias, o si se trata de agrupaciones de facto.<br \/>\nDebido a la complejidad de los asuntos temporales, la Iglesia no puede dar una respuesta \u00fanica; la pluralidad de opiniones es parte de los m\u00e9ritos de la Doctrina Social y del Concilio Vaticano II. Por lo tanto, no corresponde confundir la ense\u00f1anza de la Iglesia con las opciones partidarias. Una cosa es la leg\u00edtima libertad de opini\u00f3n dentro de la instituci\u00f3n y una muy distinta es la predicaci\u00f3n de nociones, como si fueran doctrinales, pero que en realidad no lo son, y que pueden confundir a los fieles y distorsionar el mensaje evang\u00e9lico ante los no creyentes.<br \/>\nTodos los fieles, desde el papa hasta el m\u00e1s modesto de los bautizados, tienen, seg\u00fan la doctrina de la Iglesia, el don y la responsabilidad de la santa libertad de los hijos de Dios. El uso responsable de esta libertad es lo que ha caracterizado a muchos santos. El abuso, en cambio, es aquello en lo que con frecuencia incurrimos los habituales pecadores.<br \/>\nNo nos sorprende que algunos de nuestros sacerdotes se valgan equivocadamente de su ministerio para adoptar actitudes e impartir ense\u00f1anzas y opiniones que est\u00e1n en contradicci\u00f3n con la doctrina que afirman o creen seguir. Pero es preciso manifestar que consideramos que yerran.<br \/>\nEn efecto, hay manifestaciones del denominado Grupo de sacerdotes de opci\u00f3n por los pobres que no son compatibles con la constituci\u00f3n pastoral <em>Gaudium et Spes<\/em>. En particular, ellos parecen desconocer el libre y responsable derecho de los laicos a las opciones en materia pol\u00edtica. El pueblo de Dios y la sociedad tienen derecho a saber que lo que ellos pregonan en esta materia no es lo que la Iglesia propone, sino sus propias ideas.<br \/>\nLos pobres siempre necesitan de nuestra ayuda, nuestro compromiso y nuestro testimonio. Del mismo modo, quienes somos pobres de virtudes pero no de pobreza material necesitamos de la riqueza humana que anida entre los m\u00e1s necesitados.<br \/>\nLa informaci\u00f3n estad\u00edstica que el Observatorio de la Deuda Social de la UCA ha venido proporcionando regularmente en los \u00faltimos lustros da cuenta de la desproporcionada pobreza que afecta a millones de argentinos. Desde la crisis del a\u00f1o 2002 el problema no ha sido resuelto y ya van tres per\u00edodos y medio de gobiernos constitucionales.<br \/>\nLos ciudadanos con su voto han confiado a nuevas autoridades la tarea de dise\u00f1ar y ejecutar pol\u00edticas adecuadas para promover el desarrollo de las potencialidades del pa\u00eds de forma que progresivamente se generen m\u00e1s fuentes de trabajo, se perfeccionen los sistemas educativo, sanitario, de transporte, de vivienda y de cuanto sea necesario para el bienestar de la poblaci\u00f3n del pa\u00eds.<br \/>\nLas soluciones para nuestros problemas no pasan por los <em>slogan <\/em>de \u201cpobreza cero\u201d con que el actual gobierno hizo su campa\u00f1a en 2015, ni por las frases efectistas que profiere este grupo de sacerdotes. Su discurso unidimensional sobre los pobres y la pobreza es, a su vez, pobre. <\/p>\n","protected":false},"excerpt":{"rendered":"<p>En el a\u00f1o 1987, 134 sacerdotes, pertenecientes a 27 di\u00f3cesis del pa\u00eds, se reunieron durante tres d\u00edas con el loable deseo de profundizar y purificar,&#8230;<\/p>\n","protected":false},"author":3,"featured_media":0,"comment_status":"open","ping_status":"open","sticky":false,"template":"","format":"standard","meta":{"_acf_changed":false,"_jetpack_newsletter_access":"","_jetpack_dont_email_post_to_subs":false,"_jetpack_newsletter_tier_id":0,"_jetpack_memberships_contains_paywalled_content":false,"_jetpack_memberships_contains_paid_content":false,"footnotes":""},"categories":[7,6],"tags":[2244,148,14,187,2245],"class_list":["post-14159","post","type-post","status-publish","format-standard","hentry","category-editoriales","category-nota-tapa","tag-creyente","tag-elecciones","tag-iglesia","tag-libertad","tag-sufragio"],"acf":[],"jetpack_featured_media_url":"","jetpack_sharing_enabled":true,"jetpack_shortlink":"https:\/\/wp.me\/p6FC4i-3Gn","_links":{"self":[{"href":"https:\/\/www.revistacriterio.com.ar\/bloginst_new\/index.php?rest_route=\/wp\/v2\/posts\/14159","targetHints":{"allow":["GET"]}}],"collection":[{"href":"https:\/\/www.revistacriterio.com.ar\/bloginst_new\/index.php?rest_route=\/wp\/v2\/posts"}],"about":[{"href":"https:\/\/www.revistacriterio.com.ar\/bloginst_new\/index.php?rest_route=\/wp\/v2\/types\/post"}],"author":[{"embeddable":true,"href":"https:\/\/www.revistacriterio.com.ar\/bloginst_new\/index.php?rest_route=\/wp\/v2\/users\/3"}],"replies":[{"embeddable":true,"href":"https:\/\/www.revistacriterio.com.ar\/bloginst_new\/index.php?rest_route=%2Fwp%2Fv2%2Fcomments&post=14159"}],"version-history":[{"count":1,"href":"https:\/\/www.revistacriterio.com.ar\/bloginst_new\/index.php?rest_route=\/wp\/v2\/posts\/14159\/revisions"}],"predecessor-version":[{"id":14162,"href":"https:\/\/www.revistacriterio.com.ar\/bloginst_new\/index.php?rest_route=\/wp\/v2\/posts\/14159\/revisions\/14162"}],"wp:attachment":[{"href":"https:\/\/www.revistacriterio.com.ar\/bloginst_new\/index.php?rest_route=%2Fwp%2Fv2%2Fmedia&parent=14159"}],"wp:term":[{"taxonomy":"category","embeddable":true,"href":"https:\/\/www.revistacriterio.com.ar\/bloginst_new\/index.php?rest_route=%2Fwp%2Fv2%2Fcategories&post=14159"},{"taxonomy":"post_tag","embeddable":true,"href":"https:\/\/www.revistacriterio.com.ar\/bloginst_new\/index.php?rest_route=%2Fwp%2Fv2%2Ftags&post=14159"}],"curies":[{"name":"wp","href":"https:\/\/api.w.org\/{rel}","templated":true}]}}