{"id":14356,"date":"2018-01-02T09:36:34","date_gmt":"2018-01-02T12:36:34","guid":{"rendered":"http:\/\/www.revistacriterio.com.ar\/bloginst_new\/?p=14356"},"modified":"2018-01-02T09:36:55","modified_gmt":"2018-01-02T12:36:55","slug":"gloria-a-dios-en-el-cielo-y-paz-en-la-tierra-a-los-hombres","status":"publish","type":"post","link":"https:\/\/www.revistacriterio.com.ar\/bloginst_new\/?p=14356","title":{"rendered":"Gloria a Dios en el cielo y paz en la tierra a los hombres"},"content":{"rendered":"<p>El anuncio de los \u00c1ngeles a los pastores es a la vez el reflejo de una realidad admirable: la de la estrecha vinculaci\u00f3n entre Dios y los hombres.<\/p>\n<p>Lo que los ignotos pastores son invitados a reconocer por s\u00ed mismos, es un mensaje universal que llega hasta nuestros d\u00edas y seguir\u00e1 vigente mientras dure el tiempo.<\/p>\n<p>La verdad de Dios en el cielo es la misma verdad del ni\u00f1o en el pesebre.<\/p>\n<p>El fruto de aquel reconocimiento es la paz.<\/p>\n<p>A pesar de que la historia de los hombres se empecina en buscar resultados por la v\u00eda de la violencia, la contracara de la mentira, los pastores de entonces son invitados a reconocer la uni\u00f3n entre la verdad y la paz, igual que lo somos nosotros,en este primer d\u00eda del a\u00f1o.<\/p>\n","protected":false},"excerpt":{"rendered":"<p>El anuncio de los \u00c1ngeles a los pastores es a la vez el reflejo de una realidad admirable: la de la estrecha vinculaci\u00f3n entre Dios&#8230;<\/p>\n","protected":false},"author":3,"featured_media":0,"comment_status":"open","ping_status":"open","sticky":false,"template":"","format":"standard","meta":{"_acf_changed":false,"_jetpack_newsletter_access":"","_jetpack_dont_email_post_to_subs":false,"_jetpack_newsletter_tier_id":0,"_jetpack_memberships_contains_paywalled_content":false,"_jetpack_memberships_contains_paid_content":false,"footnotes":""},"categories":[959],"tags":[],"class_list":["post-14356","post","type-post","status-publish","format-standard","hentry","category-criterio-digital"],"acf":[],"jetpack_featured_media_url":"","jetpack_sharing_enabled":true,"jetpack_shortlink":"https:\/\/wp.me\/p6FC4i-3Jy","_links":{"self":[{"href":"https:\/\/www.revistacriterio.com.ar\/bloginst_new\/index.php?rest_route=\/wp\/v2\/posts\/14356","targetHints":{"allow":["GET"]}}],"collection":[{"href":"https:\/\/www.revistacriterio.com.ar\/bloginst_new\/index.php?rest_route=\/wp\/v2\/posts"}],"about":[{"href":"https:\/\/www.revistacriterio.com.ar\/bloginst_new\/index.php?rest_route=\/wp\/v2\/types\/post"}],"author":[{"embeddable":true,"href":"https:\/\/www.revistacriterio.com.ar\/bloginst_new\/index.php?rest_route=\/wp\/v2\/users\/3"}],"replies":[{"embeddable":true,"href":"https:\/\/www.revistacriterio.com.ar\/bloginst_new\/index.php?rest_route=%2Fwp%2Fv2%2Fcomments&post=14356"}],"version-history":[{"count":1,"href":"https:\/\/www.revistacriterio.com.ar\/bloginst_new\/index.php?rest_route=\/wp\/v2\/posts\/14356\/revisions"}],"predecessor-version":[{"id":14359,"href":"https:\/\/www.revistacriterio.com.ar\/bloginst_new\/index.php?rest_route=\/wp\/v2\/posts\/14356\/revisions\/14359"}],"wp:attachment":[{"href":"https:\/\/www.revistacriterio.com.ar\/bloginst_new\/index.php?rest_route=%2Fwp%2Fv2%2Fmedia&parent=14356"}],"wp:term":[{"taxonomy":"category","embeddable":true,"href":"https:\/\/www.revistacriterio.com.ar\/bloginst_new\/index.php?rest_route=%2Fwp%2Fv2%2Fcategories&post=14356"},{"taxonomy":"post_tag","embeddable":true,"href":"https:\/\/www.revistacriterio.com.ar\/bloginst_new\/index.php?rest_route=%2Fwp%2Fv2%2Ftags&post=14356"}],"curies":[{"name":"wp","href":"https:\/\/api.w.org\/{rel}","templated":true}]}}