{"id":14450,"date":"2018-01-11T09:41:51","date_gmt":"2018-01-11T12:41:51","guid":{"rendered":"http:\/\/www.revistacriterio.com.ar\/bloginst_new\/?p=14450"},"modified":"2018-01-11T09:41:51","modified_gmt":"2018-01-11T12:41:51","slug":"un-voto-inexplicable","status":"publish","type":"post","link":"https:\/\/www.revistacriterio.com.ar\/bloginst_new\/?p=14450","title":{"rendered":"Un voto inexplicable"},"content":{"rendered":"<p>La capacidad de generar confianza es una de las condiciones m\u00e1s significativas en las relaciones entre los Estados. La confianza se cimienta en la razonabilidad as\u00ed como en la coherencia que guardan entre s\u00ed las decisiones que adopta un Estado en la orientaci\u00f3n de su pol\u00edtica exterior. Esto es as\u00ed tanto en las relaciones bilaterales, como en el campo multilateral.<br \/>\nEn este \u00faltimo caso, adem\u00e1s, es preciso tener en cuenta que desde que existen las Naciones Unidas, la confianza guarda relaci\u00f3n con el acatamiento de las disposiciones leg\u00edtimas que han sido adoptadas por el Consejo de Seguridad.<br \/>\nNo son muchas las instancias en las que se alcanzara el consenso un\u00e1nime del Consejo de Seguridad, pero el caso de Jerusal\u00e9n es uno de ellos. Existe en la ciudad santa una situaci\u00f3n de hecho por cuanto el ej\u00e9rcito victorioso ocup\u00f3 en 1967 territorios sin que de ello derivaran derechos. Son m\u00e1s bien obligaciones las que el ocupante por la fuerza debe asumir. Es por tanto ileg\u00edtima la pretensi\u00f3n de declarar a Jerusal\u00e9n la capital del Estado de Israel. Por la misma raz\u00f3n, la inmensa mayor\u00eda de los Estados que tienen relaciones diplom\u00e1ticas con Israel, se han abstenido de instalar sus embajadas en aquella ciudad.<br \/>\nEn este contexto la gran mayor\u00eda de la comunidad internacional reaccion\u00f3 en contra del anuncio del presidente Trump por el que reconoce a Jerusal\u00e9n como capital del Estado de Israel. Un proyecto de resoluci\u00f3n en el Consejo de Seguridad ratificando la doctrina internacional que hasta ahora hab\u00eda sido sostenida por los Estados Unidos, fue vetado el 18 de diciembre \u00faltimo por el delegado norteamericano.<br \/>\nLa Rep\u00fablica Argentina, a lo largo de gobiernos de distinto signo pol\u00edtico, ha mantenido en este punto una posici\u00f3n invariada en coherencia con las decisiones del Consejo de Seguridad respecto del status quo en Jerusal\u00e9n.<br \/>\nLlama por tanto la atenci\u00f3n la abstenci\u00f3n de la delegaci\u00f3n argentina, el 21 de diciembre de 2017, con ocasi\u00f3n del reciente voto en la Asamblea General, sobre el estatuto de la ciudad de Jerusal\u00e9n. Dicha resoluci\u00f3n, redactada en t\u00e9rminos an\u00e1logos al de la antes vetada en el Consejo de Seguridad, fue adoptada por una ampl\u00edsima mayor\u00eda de pa\u00edses, a pesar de las amenazas pol\u00edticas insinuadas por la representante permanente de los Estados Unidos.  A excepci\u00f3n de la Argentina y el Paraguay,  que se abstuvieron, todos nuestros vecinos y Alemania, Corea del Sur, Espa\u00f1a, Francia, Italia, Jap\u00f3n, Per\u00fa, el Reino Unido y Rusia se sumaron a los 128 pa\u00edses que aprobaron la resoluci\u00f3n.<br \/>\nEl pasado 8 de enero, con ocasi\u00f3n del saludo anual del Cuerpo Diplom\u00e1tico acreditado ante la Santa Sede, el papa Francisco hizo un \u201cllamamiento a ponderar toda iniciativa para que se evite exacerbar las contradicciones, e invita a un compromiso por parte de todos para que se respete, en conformidad con las resoluciones pertinentes de las Naciones Unidas, el status quo de Jerusal\u00e9n, ciudad sagrada para cristianos, jud\u00edos y musulmanes\u201d.<br \/>\nNo se est\u00e1 al tanto de las justificaciones que llevaron al gobierno argentino a decidir ese cambio de posici\u00f3n. Lo que en todo caso puede afirmarse, es que en nada se ha contribuido a generar confianza internacional.<\/p>\n","protected":false},"excerpt":{"rendered":"<p>La capacidad de generar confianza es una de las condiciones m\u00e1s significativas en las relaciones entre los Estados. La confianza se cimienta en la razonabilidad&#8230;<\/p>\n","protected":false},"author":3,"featured_media":0,"comment_status":"open","ping_status":"open","sticky":false,"template":"","format":"standard","meta":{"_acf_changed":false,"_jetpack_newsletter_access":"","_jetpack_dont_email_post_to_subs":false,"_jetpack_newsletter_tier_id":0,"_jetpack_memberships_contains_paywalled_content":false,"_jetpack_memberships_contains_paid_content":false,"footnotes":""},"categories":[959,971,986],"tags":[2362,204,643,726,2363,211],"class_list":["post-14450","post","type-post","status-publish","format-standard","hentry","category-criterio-digital","category-internacional","category-politica","tag-abstencion","tag-diplomacia","tag-internacional","tag-jerusalen","tag-naciones-unidas","tag-politica"],"acf":[],"jetpack_featured_media_url":"","jetpack_sharing_enabled":true,"jetpack_shortlink":"https:\/\/wp.me\/p6FC4i-3L4","_links":{"self":[{"href":"https:\/\/www.revistacriterio.com.ar\/bloginst_new\/index.php?rest_route=\/wp\/v2\/posts\/14450","targetHints":{"allow":["GET"]}}],"collection":[{"href":"https:\/\/www.revistacriterio.com.ar\/bloginst_new\/index.php?rest_route=\/wp\/v2\/posts"}],"about":[{"href":"https:\/\/www.revistacriterio.com.ar\/bloginst_new\/index.php?rest_route=\/wp\/v2\/types\/post"}],"author":[{"embeddable":true,"href":"https:\/\/www.revistacriterio.com.ar\/bloginst_new\/index.php?rest_route=\/wp\/v2\/users\/3"}],"replies":[{"embeddable":true,"href":"https:\/\/www.revistacriterio.com.ar\/bloginst_new\/index.php?rest_route=%2Fwp%2Fv2%2Fcomments&post=14450"}],"version-history":[{"count":1,"href":"https:\/\/www.revistacriterio.com.ar\/bloginst_new\/index.php?rest_route=\/wp\/v2\/posts\/14450\/revisions"}],"predecessor-version":[{"id":14454,"href":"https:\/\/www.revistacriterio.com.ar\/bloginst_new\/index.php?rest_route=\/wp\/v2\/posts\/14450\/revisions\/14454"}],"wp:attachment":[{"href":"https:\/\/www.revistacriterio.com.ar\/bloginst_new\/index.php?rest_route=%2Fwp%2Fv2%2Fmedia&parent=14450"}],"wp:term":[{"taxonomy":"category","embeddable":true,"href":"https:\/\/www.revistacriterio.com.ar\/bloginst_new\/index.php?rest_route=%2Fwp%2Fv2%2Fcategories&post=14450"},{"taxonomy":"post_tag","embeddable":true,"href":"https:\/\/www.revistacriterio.com.ar\/bloginst_new\/index.php?rest_route=%2Fwp%2Fv2%2Ftags&post=14450"}],"curies":[{"name":"wp","href":"https:\/\/api.w.org\/{rel}","templated":true}]}}