{"id":14493,"date":"2018-03-16T08:42:59","date_gmt":"2018-03-16T11:42:59","guid":{"rendered":"http:\/\/www.revistacriterio.com.ar\/bloginst_new\/?p=14493"},"modified":"2018-03-16T08:42:59","modified_gmt":"2018-03-16T11:42:59","slug":"equipo-de-curas-villeros-con-los-pobres-abrazamos-la-vida","status":"publish","type":"post","link":"https:\/\/www.revistacriterio.com.ar\/bloginst_new\/?p=14493","title":{"rendered":"Equipo de Curas Villeros: \u00abCon los pobres abrazamos la vida\u00bb"},"content":{"rendered":"<p>1.\tEl Poder Ejecutivo ha propuesto el debate acerca de la despenalizaci\u00f3n del aborto. Este tema no estaba en su plataforma electoral. El Ejecutivo anterior no solo no propici\u00f3 este debate, sino que incluy\u00f3 a las mujeres embarazadas en la Asignaci\u00f3n Universal por Hijo. Eso es un gesto concreto de una pol\u00edtica p\u00fablica a favor de la vida. <\/p>\n<p>2.\tNuestras opciones por \u201cla vida como viene\u201d, sin grises. Especialmente la vida amenazada en cualquiera de sus formas.  Por eso hemos hablado a favor de los inmigrantes, de la lucha por la justicia, de que nadie a ra\u00edz de la desnutrici\u00f3n tenga su futuro hipotecado, que nadie muera por enfermedades que podr\u00edan curarse, como por ejemplo la tuberculosis. Por eso estamos en contra del gatillo f\u00e1cil. Por eso hemos apoyado las manifestaciones de \u201cNi una menos\u201d contra los femicidios. Y a esta opci\u00f3n la confirmamos con acciones comunitarias concretas, que realizamos  en nuestros barrios para que se viva bien, se viva con dignidad.  <\/p>\n<p>3.\tComo curas y religiosas desde la villa y barrios populares, nuestra experiencia de vecinos, fruto de una consagraci\u00f3n, es la de haber aprendido de los villeros a amar y cuidar la vida. La cultura popular de estos barrios nos ha mostrado una manera real de optar por la vida. Muchas veces donde el Estado no llega, donde la sociedad mira para otro lado, la mujer sola o atravesada por la marginalidad encuentra en las redes de amor que se generan en nuestros barrios su ayuda y su esperanza, para ella y sus hijos.<\/p>\n<p>4.\tEn esta l\u00ednea hay muchos ejemplos de mujeres que saben cuidar a los ni\u00f1os como si fueran sus propios hijos. Creemos que deber\u00eda ser m\u00e1s sencillo el camino para adoptar un ni\u00f1o. Somos testigos de que muchos matrimonios de la villa fueron marginados de la posibilidad de adopci\u00f3n porque no ten\u00edan, por ejemplo, t\u00edtulo de su vivienda.<\/p>\n<p>5.\tAlgunos planteos de otros sectores sociales \u2014creemos que este es uno de ellos\u2014 toman a los pobres como justificativo para sus argumentos. Se habla de la tasa de mortalidad por aborto de las mujeres de los barrios m\u00e1s pobres. Lo primero que hay que hacer en nuestros barrios es luchar contra la pobreza con firme determinaci\u00f3n y en esto el Estado tiene las mejores herramientas. Con casi un 30% de pobres \u2014detr\u00e1s de los cuales hay rostros e historias\u2014 hay discusiones que debieran priorizarse. <\/p>\n<p>6.\tMuchas veces miramos a los pa\u00edses poderosos y \u201cdesarrollados\u201d de nuestro mundo. En muchos de ellos est\u00e1 legislado el aborto. Y en muchos casos se descarta as\u00ed a los ni\u00f1os que van a nacer con S\u00edndrome de Down. \u00a1Cu\u00e1nto nos ense\u00f1an estos ni\u00f1os a los que tenemos atrofiada la capacidad de amar! La l\u00f3gica de los poderosos, de los fuertes, que deciden sobre los que menos posibilidades tienen, es la l\u00f3gica dominante. Y esto tambi\u00e9n, de alguna manera, se traslada al tema de la ni\u00f1a o ni\u00f1o por nacer. <\/p>\n<p>7.\tA lo largo de cincuenta a\u00f1os este equipo de sacerdotes de las villas, que se fue ramificando en otros lugares como la provincia de Buenos Aires, ha sido testigo de muchas propuestas de muerte. Han muerto catequistas, religiosos y sacerdotes por la Dictadura. Por el tr\u00e1fico de armas y de drogas contin\u00faan las muertes de adolescentes y j\u00f3venes. No necesitamos agregar m\u00e1s muertes. Nuestros barrios necesitan propuestas de vida digna. Y una sociedad que proteja al m\u00e1s d\u00e9bil.<\/p>\n<p>Que la Virgen de Luj\u00e1n, Madre del Pueblo, nos ense\u00f1e a cuidar de nuestra Patria, comenzando por los m\u00e1s fr\u00e1giles.<br \/>\n16 de marzo de 2018<\/p>\n<p>P. Jos\u00e9 Mar\u00eda Di Paola. Villa La Carcova, 13 de Julio y Villa Curita. Di\u00f3cesis de San Mart\u00edn.<br \/>\nMons. Gustavo Carrara. Obispo auxiliar de la Arquidi\u00f3cesis de Buenos Aires. Vicario para la Pastoral en Villas de CABA<br \/>\nP. Juan Isasmendi, P. Eduardo Casabal, P. Ignacio Bagattini. Villa 1-11-14. Arquidi\u00f3cesis de Buenos Aires.<br \/>\nP. Lorenzo de Vedia, P. Carlos Olivero, P. Gast\u00f3n Colombres. Villa 21-24 y Zavaleta. Arquidi\u00f3cesis de Buenos Aires.<br \/>\nP. Guillermo Torre, P. Jos\u00e9 Luis Lozzia, P. Marco Esp\u00ednola. Villa 31. Arquidi\u00f3cesis de Buenos Aires.<br \/>\nP. Domingo Rehin: Villa Lanzone. Villa Costa Esperanza. Di\u00f3cesis de San Mart\u00edn.<br \/>\nMons.  Jorge Garc\u00eda Cuerva. Obispo auxiliar de la  Di\u00f3cesis de Lomas de Zamora.<br \/>\nP. Basilicio Britez. Villa Palito. Di\u00f3cesis de San Justo.<br \/>\nP. Nicol\u00e1s Angellotti. Puerta de Hierro, San Petesburgo y 17 de Marzo. Di\u00f3cesis de San Justo.<br \/>\nP. Sebasti\u00e1n Sury, P. Dami\u00e1n Reynoso. Villa 15. Arquidi\u00f3cesis de Buenos Aires.<br \/>\nP. Rodrigo Valdez. Villa Play\u00f3n de Chacarita. Arquidi\u00f3cesis de Buenos Aires.<br \/>\nP. Mart\u00edn Carroza y P. Sebasti\u00e1n Risso. Villa Cilda\u00f1ez. Arquidi\u00f3cesis de Buenos Aires.<br \/>\nP. Pedro Baya Casal, P. Adri\u00e1n Bennardis. Villa 3 y del Barrio Ram\u00f3n Carrillo. Arquidi\u00f3cesis de Buenos Aires.<br \/>\n P. Joaqu\u00edn Giangreco. Villa Trujuy. Di\u00f3cesis Merlo-Moreno.<br \/>\nP. Nibaldo Leal. Villa Hidalgo. Di\u00f3cesis de San Martin.<br \/>\nCarlos Morena, Mario Roman\u00edn, Alejandro Le\u00f3n, Juan Carlos Roman\u00edn, Salesianos, Don Bosco. Cecilia Lee, misionera franciscana. Bea GmiItrowicz, misionera franciscana, Villa Itat\u00ed.<br \/>\nP. Antonio Mario Ghisaura. Villa Tranquila. Di\u00f3cesis Avellaneda- Lan\u00fas.<br \/>\nP. Alejandro Seijo: Villa Rodrigo Bueno. Arquidi\u00f3cesis de Buenos Aires.<br \/>\nP. Andr\u00e9s Tocalini. Villa los Piletones. Arquidi\u00f3cesis de Buenos Aires.<br \/>\nP. Dante Delia. Barrio la Loma de Roca. Di\u00f3cesis de San Isidro.<br \/>\nP. Franco Punturo. Villa 20. Arquidi\u00f3cesis de Buenos Aires.<br \/>\nP. Omar Mazza. Villa Inta. Arquidi\u00f3cesis de Buenos Aires.<\/p>\n","protected":false},"excerpt":{"rendered":"<p>1. El Poder Ejecutivo ha propuesto el debate acerca de la despenalizaci\u00f3n del aborto. Este tema no estaba en su plataforma electoral. El Ejecutivo anterior&#8230;<\/p>\n","protected":false},"author":3,"featured_media":0,"comment_status":"open","ping_status":"open","sticky":false,"template":"","format":"standard","meta":{"_acf_changed":false,"_jetpack_newsletter_access":"","_jetpack_dont_email_post_to_subs":false,"_jetpack_newsletter_tier_id":0,"_jetpack_memberships_contains_paywalled_content":false,"_jetpack_memberships_contains_paid_content":false,"footnotes":""},"categories":[958,8],"tags":[93,348,14,587],"class_list":["post-14493","post","type-post","status-publish","format-standard","hentry","category-criterio-digital-2","category-iglesia","tag-aborto","tag-curas-villeros","tag-iglesia","tag-pobres"],"acf":[],"jetpack_featured_media_url":"","jetpack_sharing_enabled":true,"jetpack_shortlink":"https:\/\/wp.me\/p6FC4i-3LL","_links":{"self":[{"href":"https:\/\/www.revistacriterio.com.ar\/bloginst_new\/index.php?rest_route=\/wp\/v2\/posts\/14493","targetHints":{"allow":["GET"]}}],"collection":[{"href":"https:\/\/www.revistacriterio.com.ar\/bloginst_new\/index.php?rest_route=\/wp\/v2\/posts"}],"about":[{"href":"https:\/\/www.revistacriterio.com.ar\/bloginst_new\/index.php?rest_route=\/wp\/v2\/types\/post"}],"author":[{"embeddable":true,"href":"https:\/\/www.revistacriterio.com.ar\/bloginst_new\/index.php?rest_route=\/wp\/v2\/users\/3"}],"replies":[{"embeddable":true,"href":"https:\/\/www.revistacriterio.com.ar\/bloginst_new\/index.php?rest_route=%2Fwp%2Fv2%2Fcomments&post=14493"}],"version-history":[{"count":1,"href":"https:\/\/www.revistacriterio.com.ar\/bloginst_new\/index.php?rest_route=\/wp\/v2\/posts\/14493\/revisions"}],"predecessor-version":[{"id":14494,"href":"https:\/\/www.revistacriterio.com.ar\/bloginst_new\/index.php?rest_route=\/wp\/v2\/posts\/14493\/revisions\/14494"}],"wp:attachment":[{"href":"https:\/\/www.revistacriterio.com.ar\/bloginst_new\/index.php?rest_route=%2Fwp%2Fv2%2Fmedia&parent=14493"}],"wp:term":[{"taxonomy":"category","embeddable":true,"href":"https:\/\/www.revistacriterio.com.ar\/bloginst_new\/index.php?rest_route=%2Fwp%2Fv2%2Fcategories&post=14493"},{"taxonomy":"post_tag","embeddable":true,"href":"https:\/\/www.revistacriterio.com.ar\/bloginst_new\/index.php?rest_route=%2Fwp%2Fv2%2Ftags&post=14493"}],"curies":[{"name":"wp","href":"https:\/\/api.w.org\/{rel}","templated":true}]}}