{"id":14513,"date":"2018-03-26T11:02:22","date_gmt":"2018-03-26T14:02:22","guid":{"rendered":"http:\/\/www.revistacriterio.com.ar\/bloginst_new\/?p=14513"},"modified":"2018-03-26T11:02:22","modified_gmt":"2018-03-26T14:02:22","slug":"la-belleza-para-vivir","status":"publish","type":"post","link":"https:\/\/www.revistacriterio.com.ar\/bloginst_new\/?p=14513","title":{"rendered":"La belleza para vivir"},"content":{"rendered":"<p>\u201cEn un mundo sin belleza, el bien ha perdido tambi\u00e9n su fuerza de atracci\u00f3n, la evidencia de su deber-ser-realizado&#8230; En un mundo que ya no se cree capaz de afirmar lo bello, los argumentos en favor de la verdad han agotado su fuerza de conclusi\u00f3n l\u00f3gica\u201d. Parto de estas palabras de Hans Urs von Balthasar (<em>Gloria. 1. La percezione della forma<\/em>), para reflexionar en voz alta con los lectores de Criterio sobre esta Pascua de 2018. El escenario del tiempo en el que vivimos, as\u00ed como nos lo presenta todos los d\u00edas la informaci\u00f3n, es tan doloroso e inquietante que nos lleva a percibir las palabras sobre la belleza como una suerte de abstracci\u00f3n de la realidad o, en todo caso, como evasi\u00f3n consoladora. \u00bfD\u00f3nde est\u00e1 la belleza en la violencia cotidianamente perpetrada en Tierra Santa? Y \u00bfd\u00f3nde en las numerosas v\u00edctimas del terremoto que ha asolado el ya desgarrado Afganist\u00e1n? \u00bfQu\u00e9 belleza puede haber frente a los estragos terroristas que han ensangrentado Europa o en los asesinatos seriales en los Estados Unidos? Y \u00bfd\u00f3nde en las tantas tensiones sociales y pol\u00edticas de los pa\u00edses latinoamericanos? \u00bfAcaso hay belleza en el descarte de los m\u00e1s d\u00e9biles perpetrado en muchas econom\u00edas del mundo? Sin embargo, no hay palabra que me parezca hoy tan necesaria como esta \u00fanica, noble, fascinante y terrible palabra que es la belleza. \u00bfPor qu\u00e9?<br \/>\nLos latinos denominaban \u201c<em>formosus<\/em>\u201d lo que nosotros llamamos hermoso, bello: la idea subyacente era que fuese la \u201cforma\u201d, o bien la armoniosa composici\u00f3n de las partes, la que mostrara bello lo que es bello. Gracias a la proporci\u00f3n de todos los elementos, la forma bella parec\u00eda reproducir en el fragmento la perfecci\u00f3n del Todo, de tal manera que se reconocieran en la armon\u00eda de lo peque\u00f1o los \u201cn\u00fameros del cielo\u201d. Esta idea de belleza derivaba de la gran cultura griega y sigui\u00f3 ejerciendo su fascinaci\u00f3n por mucho tiempo, tanto que un genio como Agust\u00edn la hizo propia. A ella, empero, se le escapaba inexorablemente un aspecto: si la belleza es armon\u00eda, \u00bfqu\u00e9 sucede con la infinita desarmon\u00eda del mundo y de la vida, con el esc\u00e1ndalo del mal y del dolor, o el insulto a la alegr\u00eda de existir, que siempre ser\u00e1n la muerte y el dolor inocente? Responder a estas preguntas reconociendo en lo negativo s\u00f3lo la sombra respecto de la luz, el contrapunto respecto del canto firme de la belleza, no es respuesta que pueda satisfacer. Hay que recurrir entonces a otra belleza: la que el lat\u00edn medieval aprendi\u00f3 a expresar con el t\u00e9rmino \u201c<em>bonicellum<\/em>\u201d, el \u201cpeque\u00f1o bien\u201d (diminutivo popular de \u201cbonum\u201d). De esta palabra deriva, en las modernas lenguas romances, los t\u00e9rminos como \u201cbello\u201d (el \u201c<em>beau<\/em>\u201d franc\u00e9s, el \u201cbonito\u201d del castellano, el \u201c<em>bello<\/em>\u201d italiano y tambi\u00e9n el \u201c<em>beautiful<\/em>\u201d ingl\u00e9s). \u00bfQu\u00e9 es este \u201cbello\u201d como \u201cpeque\u00f1o bien\u201d?<br \/>\nLa meditaci\u00f3n cristiana nos lleva a reflexionar sobre la belleza. As\u00ed, Tom\u00e1s de Aquino (<em>Summa Theologiae<\/em>) habla de lo bello refiri\u00e9ndose al Verbo encarnado, Jes\u00fas, cuya belleza es otra cosa que la de la \u201cforma\u201d, o bien de la armon\u00eda que todo concilia. \u201cEl m\u00e1s hermoso de los hombres\u201d, del que habla el Salmo 45, es el hombre \u00ababrumado de dolores\u00bb y \u00abante quien se aparta el rostro\u201d, como dice el profeta Isa\u00edas (53,3). La belleza del Hijo no es la de la forma y de la proporci\u00f3n: es la belleza del exceso del amor, de la caridad que impulsa al Dios inmortal a hacerse pobre y prisionero de la muerte para enriquecernos a nosotros, a elegir para s\u00ed la forma del esclavo para darnos a nosotros la condici\u00f3n de hijos. El \u201cpeque\u00f1o bien\u201d es la belleza del amor crucificado, del don de s\u00ed mismo hasta el final. Es esa belleza que habla desde el silencio de la Cruz y se expresa en el grito de abandono del Viernes Santo: la \u00fanica belleza que salvar\u00e1 al mundo. Es la belleza de creer en el bien y en el amor a pesar de todo y contra todo. Es la belleza de perdonar al enemigo, de ofrecer la otra mejilla al violento, de dar la vida por el otro, sobre todo por el que es m\u00e1s d\u00e9bil y m\u00e1s pobre y est\u00e1 m\u00e1s solo que t\u00fa. Es la belleza de quien al terrorismo responde buscando el camino de la justicia para todos, m\u00e1s que la l\u00f3gica de la contraposici\u00f3n violenta. Es la belleza de quien ama incluso a quien no lo ama o a quien no ama a nadie. De este \u201cpeque\u00f1o bien\u201d, de ese bien humilde y cotidiano que se pierde en la noche del servicio al pr\u00f3jimo, m\u00e1s que nunca el mundo tiene necesidad. Pascua es el anuncio inaudito de que ese bien a la medida de todos \u2013porque es a la medida de los peque\u00f1os\u2013 es la belleza que salva, que se nos dio en el Crucificado Resucitado, la \u00fanica esperanza que no enga\u00f1a ni enga\u00f1ar\u00e1 jam\u00e1s. Los deseos de Pascua, de esta Pascua, son entonces que quienes recibamos al Se\u00f1or vivo y quienes vivamos de \u00e9l en la fe y en la caridad podamos ser muchos\u2026<br \/>\n<em><br \/>\n<em>El autor es te\u00f3logo y arzobispo de Chieti &#8211; Vasto<\/em><\/em><\/p>\n","protected":false},"excerpt":{"rendered":"<p>\u201cEn un mundo sin belleza, el bien ha perdido tambi\u00e9n su fuerza de atracci\u00f3n, la evidencia de su deber-ser-realizado&#8230; En un mundo que ya no&#8230;<\/p>\n","protected":false},"author":3,"featured_media":0,"comment_status":"open","ping_status":"open","sticky":false,"template":"","format":"standard","meta":{"_acf_changed":false,"_jetpack_newsletter_access":"","_jetpack_dont_email_post_to_subs":false,"_jetpack_newsletter_tier_id":0,"_jetpack_memberships_contains_paywalled_content":false,"_jetpack_memberships_contains_paid_content":false,"footnotes":""},"categories":[8,6],"tags":[1756,14,65],"class_list":["post-14513","post","type-post","status-publish","format-standard","hentry","category-iglesia","category-nota-tapa","tag-belleza","tag-iglesia","tag-pascua"],"acf":[],"jetpack_featured_media_url":"","jetpack_sharing_enabled":true,"jetpack_shortlink":"https:\/\/wp.me\/p6FC4i-3M5","_links":{"self":[{"href":"https:\/\/www.revistacriterio.com.ar\/bloginst_new\/index.php?rest_route=\/wp\/v2\/posts\/14513","targetHints":{"allow":["GET"]}}],"collection":[{"href":"https:\/\/www.revistacriterio.com.ar\/bloginst_new\/index.php?rest_route=\/wp\/v2\/posts"}],"about":[{"href":"https:\/\/www.revistacriterio.com.ar\/bloginst_new\/index.php?rest_route=\/wp\/v2\/types\/post"}],"author":[{"embeddable":true,"href":"https:\/\/www.revistacriterio.com.ar\/bloginst_new\/index.php?rest_route=\/wp\/v2\/users\/3"}],"replies":[{"embeddable":true,"href":"https:\/\/www.revistacriterio.com.ar\/bloginst_new\/index.php?rest_route=%2Fwp%2Fv2%2Fcomments&post=14513"}],"version-history":[{"count":1,"href":"https:\/\/www.revistacriterio.com.ar\/bloginst_new\/index.php?rest_route=\/wp\/v2\/posts\/14513\/revisions"}],"predecessor-version":[{"id":14516,"href":"https:\/\/www.revistacriterio.com.ar\/bloginst_new\/index.php?rest_route=\/wp\/v2\/posts\/14513\/revisions\/14516"}],"wp:attachment":[{"href":"https:\/\/www.revistacriterio.com.ar\/bloginst_new\/index.php?rest_route=%2Fwp%2Fv2%2Fmedia&parent=14513"}],"wp:term":[{"taxonomy":"category","embeddable":true,"href":"https:\/\/www.revistacriterio.com.ar\/bloginst_new\/index.php?rest_route=%2Fwp%2Fv2%2Fcategories&post=14513"},{"taxonomy":"post_tag","embeddable":true,"href":"https:\/\/www.revistacriterio.com.ar\/bloginst_new\/index.php?rest_route=%2Fwp%2Fv2%2Ftags&post=14513"}],"curies":[{"name":"wp","href":"https:\/\/api.w.org\/{rel}","templated":true}]}}