{"id":14589,"date":"2018-05-22T16:41:51","date_gmt":"2018-05-22T19:41:51","guid":{"rendered":"http:\/\/www.revistacriterio.com.ar\/bloginst_new\/?p=14589"},"modified":"2018-05-22T16:41:51","modified_gmt":"2018-05-22T19:41:51","slug":"la-necesaria-convocatoria-a-los-acuerdos-posibles","status":"publish","type":"post","link":"https:\/\/www.revistacriterio.com.ar\/bloginst_new\/?p=14589","title":{"rendered":"La necesaria convocatoria a los acuerdos posibles"},"content":{"rendered":"<p>El \u00faltimo susto, con la disparada del d\u00f3lar, produjo una devaluaci\u00f3n de magnitud que no hab\u00eda sido programada. En todo momento estuvo claro que el detonante su origin\u00f3 en los Estados Unidos de Trump y que los efectos se propagaron por varios pa\u00edses, adem\u00e1s de la Argentina, donde descollaron por su relevancia. El inesperado recurso al FMI hizo que se tomara conciencia de una fragilidad que estaba all\u00ed, aunque no parec\u00eda haber sido  percibida por las autoridades. El Gobierno entr\u00f3 en un acelerado y razonable proceso de revisi\u00f3n de las l\u00edneas que se ven\u00edan siguiendo. Se modific\u00f3 la copiosa estructura ministerial que se ocupaba de la econom\u00eda y se ampli\u00f3 el marco de las consultas pol\u00edticas.<\/p>\n<p>Algunos comentaristas evocaron las palabras \u00abque se vayan todos\u00bb. Pero la situaci\u00f3n es distinta, aunque subsista el drama injustificable de un tercio de la poblaci\u00f3n pobre en un pa\u00eds rico, con todo lo que la pobreza representa en materia de educaci\u00f3n, salud, ocupaci\u00f3n y perspectivas de futuro. En este contexto cabe mencionar, con esperanza, el complejo proceso por el cual se busca dar un reconocimiento institucional a movimientos populares que hasta ahora se hab\u00edan caracterizado por su esfuerzo por hacerse o\u00edr y ver y los disturbios que paralizan la v\u00eda p\u00fablica, con efectos nocivos e indiscriminados.<\/p>\n<p>Por lo pronto, la autoridad del Estado y su gobierno no est\u00e1n en discusi\u00f3n. Las aspiraciones destituyentes est\u00e1n circunscriptas a personalidades desprestigiadas. El poder pol\u00edtico es compartido por distintos partidos y corrientes de opini\u00f3n, con y sin representaci\u00f3n en el Congreso. Los peronismos, que fueron gobierno tantas veces, tienen, adem\u00e1s, una gran responsabilidad, hoy desde la oposici\u00f3n. M\u00e1s all\u00e1 de quien hoy es \u00fanico y leg\u00edtimo responsable del gobierno, es indudable que del futuro argentino son tambi\u00e9n responsables los empresarios, los banqueros, los sindicalistas, los universitarios e intelectuales y todos los ciudadanos, cada uno en su medida.<\/p>\n<p>El Presidente de la Naci\u00f3n tambi\u00e9n aludi\u00f3 a un acuerdo nacional. Esto es necesario, aun cuando los contornos de una posible convocatoria no hayan sido definidos todav\u00eda. Un acuerdo con perspectivas de solidez y duraci\u00f3n, un acuerdo posible, deber\u00eda tambi\u00e9n involucrar a los que Jos\u00e9 Luis de Imaz llamaba \u201clos que mandan\u201d en la sociedad argentina.<\/p>\n","protected":false},"excerpt":{"rendered":"<p>El \u00faltimo susto, con la disparada del d\u00f3lar, produjo una devaluaci\u00f3n de magnitud que no hab\u00eda sido programada. En todo momento estuvo claro que el&#8230;<\/p>\n","protected":false},"author":3,"featured_media":0,"comment_status":"open","ping_status":"open","sticky":false,"template":"","format":"standard","meta":{"_acf_changed":false,"_jetpack_newsletter_access":"","_jetpack_dont_email_post_to_subs":false,"_jetpack_newsletter_tier_id":0,"_jetpack_memberships_contains_paywalled_content":false,"_jetpack_memberships_contains_paid_content":false,"footnotes":""},"categories":[959,965],"tags":[2403,2404,1083,2402,1485,86],"class_list":["post-14589","post","type-post","status-publish","format-standard","hentry","category-criterio-digital","category-opinion-2","tag-acuerdo","tag-devaluacion","tag-dolar","tag-fmi","tag-opinion","tag-pobreza"],"acf":[],"jetpack_featured_media_url":"","jetpack_sharing_enabled":true,"jetpack_shortlink":"https:\/\/wp.me\/p6FC4i-3Nj","_links":{"self":[{"href":"https:\/\/www.revistacriterio.com.ar\/bloginst_new\/index.php?rest_route=\/wp\/v2\/posts\/14589","targetHints":{"allow":["GET"]}}],"collection":[{"href":"https:\/\/www.revistacriterio.com.ar\/bloginst_new\/index.php?rest_route=\/wp\/v2\/posts"}],"about":[{"href":"https:\/\/www.revistacriterio.com.ar\/bloginst_new\/index.php?rest_route=\/wp\/v2\/types\/post"}],"author":[{"embeddable":true,"href":"https:\/\/www.revistacriterio.com.ar\/bloginst_new\/index.php?rest_route=\/wp\/v2\/users\/3"}],"replies":[{"embeddable":true,"href":"https:\/\/www.revistacriterio.com.ar\/bloginst_new\/index.php?rest_route=%2Fwp%2Fv2%2Fcomments&post=14589"}],"version-history":[{"count":1,"href":"https:\/\/www.revistacriterio.com.ar\/bloginst_new\/index.php?rest_route=\/wp\/v2\/posts\/14589\/revisions"}],"predecessor-version":[{"id":14592,"href":"https:\/\/www.revistacriterio.com.ar\/bloginst_new\/index.php?rest_route=\/wp\/v2\/posts\/14589\/revisions\/14592"}],"wp:attachment":[{"href":"https:\/\/www.revistacriterio.com.ar\/bloginst_new\/index.php?rest_route=%2Fwp%2Fv2%2Fmedia&parent=14589"}],"wp:term":[{"taxonomy":"category","embeddable":true,"href":"https:\/\/www.revistacriterio.com.ar\/bloginst_new\/index.php?rest_route=%2Fwp%2Fv2%2Fcategories&post=14589"},{"taxonomy":"post_tag","embeddable":true,"href":"https:\/\/www.revistacriterio.com.ar\/bloginst_new\/index.php?rest_route=%2Fwp%2Fv2%2Ftags&post=14589"}],"curies":[{"name":"wp","href":"https:\/\/api.w.org\/{rel}","templated":true}]}}