{"id":15372,"date":"2018-09-03T19:15:47","date_gmt":"2018-09-03T22:15:47","guid":{"rendered":"https:\/\/www.revistacriterio.com.ar\/bloginst_new\/?p=15372"},"modified":"2018-10-03T19:21:06","modified_gmt":"2018-10-03T22:21:06","slug":"teatro-almacenados","status":"publish","type":"post","link":"https:\/\/www.revistacriterio.com.ar\/bloginst_new\/?p=15372","title":{"rendered":"Teatro: Almacenados"},"content":{"rendered":"<p>Comentario de la obra <em>Almacenados<\/em>,\u00a0de David Desola (Teatro La Carpinter\u00eda)<\/p>\n<p>El catal\u00e1n David Desola, \u00aba quien se le da bien el contar historias\u00bb, viene recorriendo, desde 1999, un camino jalonado por importantes reconocimientos teatrales, no solo en Espa\u00f1a sino tambi\u00e9n en M\u00e9xico. Cr\u00edtico y realizador cinematogr\u00e1fico, ingres\u00f3 al mundo del teatro, sin saber demasiado de este g\u00e9nero, con <em>Baldosas<\/em>, pieza escrita para presentarse al Premio Marqu\u00e9s de Bradom\u00edn que termin\u00f3 obteniendo. En ella ya asoman algunas constantes de su ulterior producci\u00f3n: una cr\u00edtica a la deshumanizaci\u00f3n que surge de los modelos econ\u00f3micos vigentes, abordando cuestiones problem\u00e1ticas del momento &#8211; la aspiraci\u00f3n por la vivienda propia en la \u00e9poca de la \u00abburbuja inmobiliaria\u00bb en este texto- mediante el humor y el absurdo. El humor, porque aligera lo tremendo de las historias planteadas y el absurdo porque es parte de la vida misma, en opini\u00f3n del autor. Un par de a\u00f1os m\u00e1s tarde, en plena crisis espa\u00f1ola de desempleo, surgir\u00e1 <em>Estamos, estamos<\/em> &#8211; retitulada luego <em>Almacenados<\/em> (2002)- que recibi\u00f3 el premio Hermanos Machado 2003 y desde su estreno en Madrid ha sido montada en numerosos pa\u00edses, adem\u00e1s de ser trasladada al cine, con gui\u00f3n del propio autor, por el cual se le concedi\u00f3 el Premio Ariel de M\u00e9xico.<br \/>\nLa b\u00fasqueda laboral desesperada, el trabajo como un sinsentido y una rutina vacua, la soledad, el choque generacional y los efectos de la desvinculaci\u00f3n laboral por la jubilaci\u00f3n son temas sobre los que Desola procura hacernos reflexionar sin bajar l\u00ednea y procurando atraer al espectador de manera amable. Para ello coloca a dos personajes en un \u00fanico espacio a lo largo de cinco d\u00edas consecutivos, tiempo que dura el entrenamiento del joven Nin a cargo del Sr. Lino que se jubila despu\u00e9s de 38 a\u00f1os en la empresa. Un espectador atento descubrir\u00e1 puntos de contacto con Beckett y Kafka &#8211; la eterna espera de los protagonistas y la deshumanizaci\u00f3n laboral- y tambi\u00e9n con Cervantes,en ese af\u00e1n \u00abquijotesco\u00bb del protagonista por forjarse una realidad alternativa para sobrellevar la propia. La tensi\u00f3n de los opuestos, generada por el contraste inicial de los personajes, va disminuyendo a medida que la relaci\u00f3n entre ambos va acerc\u00e1ndolos afectivamente, para culminar con la inversi\u00f3n de roles con que se clausura el texto pero asumidos con una mirada emp\u00e1tica y comprensiva.<br \/>\nLa puesta en escena de la espa\u00f1ola Susana Hornos hace un uso eficaz de la m\u00fasica y el sonido para subrayar el ominoso paso del tiempo al que est\u00e1n sujetos los protagonistas en su jornada laboral. Una escenograf\u00eda muy despojada enfatiza el vac\u00edo de actividad y sentido al que se enfrentan el empleado y su aprendiz. El experimentado Horacio Pe\u00f1a encarna al Sr. Lino con la sutileza de matices que lo caracteriza y que exige la evoluci\u00f3n de su personaje, el m\u00e1s complejo de los dos. Juan Luppi logra una destacable interpretaci\u00f3n como el inexperto pero pujante joven que viene a trastocar el orden del Sr. Lino para finalmente lograr integrarlo al suyo.<br \/>\nEs esta una propuesta que merece extender sus funciones a m\u00e1s d\u00edas por semana \u2013s\u00f3lo va los domingos por la tarde- o a m\u00e1s meses.<\/p>\n","protected":false},"excerpt":{"rendered":"<p>Comentario de la obra Almacenados,\u00a0de David Desola (Teatro La Carpinter\u00eda) El catal\u00e1n David Desola, \u00aba quien se le da bien el contar historias\u00bb, viene recorriendo,&#8230;<\/p>\n","protected":false},"author":3,"featured_media":0,"comment_status":"open","ping_status":"open","sticky":false,"template":"","format":"standard","meta":{"_acf_changed":false,"_jetpack_newsletter_access":"","_jetpack_dont_email_post_to_subs":false,"_jetpack_newsletter_tier_id":0,"_jetpack_memberships_contains_paywalled_content":false,"_jetpack_memberships_contains_paid_content":false,"footnotes":""},"categories":[4],"tags":[2452,1462,2453,24],"class_list":["post-15372","post","type-post","status-publish","format-standard","hentry","category-cultura","tag-almacenados","tag-cultura","tag-david-desola","tag-teatro"],"acf":[],"jetpack_featured_media_url":"","jetpack_sharing_enabled":true,"jetpack_shortlink":"https:\/\/wp.me\/p6FC4i-3ZW","_links":{"self":[{"href":"https:\/\/www.revistacriterio.com.ar\/bloginst_new\/index.php?rest_route=\/wp\/v2\/posts\/15372","targetHints":{"allow":["GET"]}}],"collection":[{"href":"https:\/\/www.revistacriterio.com.ar\/bloginst_new\/index.php?rest_route=\/wp\/v2\/posts"}],"about":[{"href":"https:\/\/www.revistacriterio.com.ar\/bloginst_new\/index.php?rest_route=\/wp\/v2\/types\/post"}],"author":[{"embeddable":true,"href":"https:\/\/www.revistacriterio.com.ar\/bloginst_new\/index.php?rest_route=\/wp\/v2\/users\/3"}],"replies":[{"embeddable":true,"href":"https:\/\/www.revistacriterio.com.ar\/bloginst_new\/index.php?rest_route=%2Fwp%2Fv2%2Fcomments&post=15372"}],"version-history":[{"count":1,"href":"https:\/\/www.revistacriterio.com.ar\/bloginst_new\/index.php?rest_route=\/wp\/v2\/posts\/15372\/revisions"}],"predecessor-version":[{"id":15377,"href":"https:\/\/www.revistacriterio.com.ar\/bloginst_new\/index.php?rest_route=\/wp\/v2\/posts\/15372\/revisions\/15377"}],"wp:attachment":[{"href":"https:\/\/www.revistacriterio.com.ar\/bloginst_new\/index.php?rest_route=%2Fwp%2Fv2%2Fmedia&parent=15372"}],"wp:term":[{"taxonomy":"category","embeddable":true,"href":"https:\/\/www.revistacriterio.com.ar\/bloginst_new\/index.php?rest_route=%2Fwp%2Fv2%2Fcategories&post=15372"},{"taxonomy":"post_tag","embeddable":true,"href":"https:\/\/www.revistacriterio.com.ar\/bloginst_new\/index.php?rest_route=%2Fwp%2Fv2%2Ftags&post=15372"}],"curies":[{"name":"wp","href":"https:\/\/api.w.org\/{rel}","templated":true}]}}