{"id":15393,"date":"2018-10-25T18:44:16","date_gmt":"2018-10-25T21:44:16","guid":{"rendered":"https:\/\/www.revistacriterio.com.ar\/bloginst_new\/?p=15393"},"modified":"2018-10-25T18:47:56","modified_gmt":"2018-10-25T21:47:56","slug":"la-opcion-preferencial-por-el-poder","status":"publish","type":"post","link":"https:\/\/www.revistacriterio.com.ar\/bloginst_new\/?p=15393","title":{"rendered":"La opci\u00f3n preferencial por el poder"},"content":{"rendered":"<p>Varios obispos est\u00e1n actuando <em>como si<\/em> fueran opositores. Y muchos otros guardan silencio como si estuvieran de acuerdo. Pero si es realmente as\u00ed o no, carece de importancia. Las conductas no se definen s\u00f3lo por nuestras intenciones rec\u00f3nditas, sino sobre todo por lo que efectivamente <em>hacemos<\/em>. En el plano de las intenciones, unos y otros pueden pensar sinceramente que est\u00e1n ejerciendo la opci\u00f3n preferencial por los pobres. Pero en el plano de la pr\u00e1ctica, lo que est\u00e1n haciendo es una opci\u00f3n preferencial por el poder, es decir, por un determinado proyecto pol\u00edtico cuyo fin es conquistar y mantener el <em>poder<\/em>. Por supuesto que si desean influir en el poder es con el fin de favorecer a los pobres, no hay por qu\u00e9 dudarlo. Pero el poder no es una herramienta que se toma y se deja. Una Iglesia del poder (presente o ambicionado) aun con las mejores intenciones es muy distinta a la Iglesia del Evangelio, como ense\u00f1\u00f3 Jes\u00fas en el episodio de las tentaciones del desierto.<br \/>\nEn buena medida el problema puede reconducirse a las confusiones que se generan en torno al principio de la opci\u00f3n preferencial por los pobres. Este principio tiene sentido en el plano de las motivaciones y los fines: consiste en participar de la caridad de Jes\u00fas hacia los pobres, lo cual en el Evangelio no significa la opci\u00f3n por una determinada clase social, sino la caridad hacia <em>todos <\/em>sin exclusiones. Pero este principio no tiene ning\u00fan contenido material, es decir, no indica <em>qu\u00e9 <\/em>es lo que hay que hacer para efectivizar dicha opci\u00f3n, y por lo tanto, no se identifica con ninguna opci\u00f3n pol\u00edtico-partidaria. Los obispos, que en estos tiempos alegan de modo incansable su propia inocencia, no deber\u00edan tener dificultad en presumir a su vez la buena voluntad de los restantes sectores de la sociedad y de la pol\u00edtica cuando expresan su preocupaci\u00f3n por los pobres, aunque los caminos que postulan sean diversos. Y como ministros de la unidad no deben pretender \u201cungir\u201d una propuesta sobre las restantes.<br \/>\nLos obispos pueden intentar convencer a la sociedad que no es esto lo que est\u00e1n haciendo, y que las apariencias enga\u00f1an. Puede ser. Pero las apariencias no pueden enga\u00f1ar <em>todo<\/em> el tiempo, y no se puede desafiar por siempre el sentido com\u00fan de la mayor\u00eda, que terminar\u00e1 aceptando la explicaci\u00f3n m\u00e1s simple, sea cierta o no: que la Iglesia est\u00e1 teniendo un comportamiento opaco e intrigante, al estilo del que tira la piedra y esconde la mano.<br \/>\nDe nuevo: no se trata de juzgar intenciones, sino de evaluar la objetividad de las conductas. Y lo que la Iglesia argentina <em>est\u00e1 haciendo<\/em> es prestarse a un juego que est\u00e1 muy por debajo de ella misma, que compromete su autoridad y su integridad moral, a cambio de una dudosa relevancia. Y a pesar de su buena voluntad, en vez de contribuir a la reconciliaci\u00f3n de una sociedad lacerada como la nuestra, profundiza la grieta y la internaliza, abriendo nuevas heridas en el tejido social y eclesial que costar\u00e1 mucho tiempo resta\u00f1ar.<\/p>\n<p><em>El autor es Doctor en Teolog\u00eda Moral.<\/em><\/p>\n","protected":false},"excerpt":{"rendered":"<p>Varios obispos est\u00e1n actuando como si fueran opositores. Y muchos otros guardan silencio como si estuvieran de acuerdo. Pero si es realmente as\u00ed o no,&#8230;<\/p>\n","protected":false},"author":3,"featured_media":0,"comment_status":"open","ping_status":"open","sticky":false,"template":"","format":"standard","meta":{"_acf_changed":false,"_jetpack_newsletter_access":"","_jetpack_dont_email_post_to_subs":false,"_jetpack_newsletter_tier_id":0,"_jetpack_memberships_contains_paywalled_content":false,"_jetpack_memberships_contains_paid_content":false,"footnotes":""},"categories":[959,965],"tags":[1463,14,1485,1176,211],"class_list":["post-15393","post","type-post","status-publish","format-standard","hentry","category-criterio-digital","category-opinion-2","tag-autoridad","tag-iglesia","tag-opinion","tag-partidos","tag-politica"],"acf":[],"jetpack_featured_media_url":"","jetpack_sharing_enabled":true,"jetpack_shortlink":"https:\/\/wp.me\/p6FC4i-40h","_links":{"self":[{"href":"https:\/\/www.revistacriterio.com.ar\/bloginst_new\/index.php?rest_route=\/wp\/v2\/posts\/15393","targetHints":{"allow":["GET"]}}],"collection":[{"href":"https:\/\/www.revistacriterio.com.ar\/bloginst_new\/index.php?rest_route=\/wp\/v2\/posts"}],"about":[{"href":"https:\/\/www.revistacriterio.com.ar\/bloginst_new\/index.php?rest_route=\/wp\/v2\/types\/post"}],"author":[{"embeddable":true,"href":"https:\/\/www.revistacriterio.com.ar\/bloginst_new\/index.php?rest_route=\/wp\/v2\/users\/3"}],"replies":[{"embeddable":true,"href":"https:\/\/www.revistacriterio.com.ar\/bloginst_new\/index.php?rest_route=%2Fwp%2Fv2%2Fcomments&post=15393"}],"version-history":[{"count":1,"href":"https:\/\/www.revistacriterio.com.ar\/bloginst_new\/index.php?rest_route=\/wp\/v2\/posts\/15393\/revisions"}],"predecessor-version":[{"id":15394,"href":"https:\/\/www.revistacriterio.com.ar\/bloginst_new\/index.php?rest_route=\/wp\/v2\/posts\/15393\/revisions\/15394"}],"wp:attachment":[{"href":"https:\/\/www.revistacriterio.com.ar\/bloginst_new\/index.php?rest_route=%2Fwp%2Fv2%2Fmedia&parent=15393"}],"wp:term":[{"taxonomy":"category","embeddable":true,"href":"https:\/\/www.revistacriterio.com.ar\/bloginst_new\/index.php?rest_route=%2Fwp%2Fv2%2Fcategories&post=15393"},{"taxonomy":"post_tag","embeddable":true,"href":"https:\/\/www.revistacriterio.com.ar\/bloginst_new\/index.php?rest_route=%2Fwp%2Fv2%2Ftags&post=15393"}],"curies":[{"name":"wp","href":"https:\/\/api.w.org\/{rel}","templated":true}]}}