{"id":15465,"date":"2019-01-29T17:16:49","date_gmt":"2019-01-29T20:16:49","guid":{"rendered":"https:\/\/www.revistacriterio.com.ar\/bloginst_new\/?p=15465"},"modified":"2019-01-29T20:14:03","modified_gmt":"2019-01-29T23:14:03","slug":"la-nueva-derecha-y-la-republica","status":"publish","type":"post","link":"https:\/\/www.revistacriterio.com.ar\/bloginst_new\/?p=15465","title":{"rendered":"La nueva derecha y la Rep\u00fablica"},"content":{"rendered":"<p>Casi en forma atropellada se suceden en el mundo noticias que generan desconcierto y, en no pocos casos, tambi\u00e9n temor. Cambios profundos hacen emerger l\u00edderes pol\u00edticos desconcertantes en pa\u00edses de relieve por su influencia regional y global. Sangrientos conflictos se prolongan, con la participaci\u00f3n directa o embozada de grandes potencias. Hist\u00f3ricos procesos regionales de integraci\u00f3n muestran se\u00f1ales de haber llegado a un punto de regresi\u00f3n. Iniciativas secesionistas convulsionan tradicionales Estados europeos. Movimientos extremistas subsisten agazapados en espera de una oportunidad.<br \/>\nQuiz\u00e1s el signo m\u00e1s claro del advenimiento de un nuevo tiempo pol\u00edtico fue la controvertida llegada a la presidencia de los Estados Unidos de Donald Trump en 2017. Pero tambi\u00e9n en varios pa\u00edses se manifest\u00f3 el debilitamiento de los partidos que podr\u00edan considerarse de centro o moderados y el correlativo fortalecimiento o triunfo de partidos radicales m\u00e1s bien reaccionarios, en algunos casos tambi\u00e9n populistas, permitiendo el acceso al poder de pol\u00edticos como Matteo Salvini en Italia, Victor Orban en Hungr\u00eda, y recientemente, Jair Bolsonaro en Brasil.<br \/>\nSe ha dicho que hubo un fuerte voto castigo a los dem\u00f3cratas en general y en particular a Hillary Clinton en las elecciones de los Estados Unidos, y a la corrupci\u00f3n del Partido de los Trabajadores en el caso de Brasil. Ciertamente queda en evidencia un alejamiento de la pol\u00edtica tradicional y se intuye una cierta regresi\u00f3n a la ilusi\u00f3n del \u201chombre fuerte\u201d que elude los mecanismos institucionales, probablemente porque no los considera lo suficientemente valiosos. En efecto, es posible postular, sin negar sensibles diferencias, la presencia de rasgos comunes en estos casos. Por ejemplo, se trata de liderazgos personalistas, a veces en fuerte tensi\u00f3n con sectores de sus propios partidos (como sucede con Trump y los republicanos), que aspiran a un contacto directo con los ciudadanos. Tienen mala relaci\u00f3n con los l\u00edmites institucionales, el pluralismo y la libertad de prensa. Adem\u00e1s, muestran una orientaci\u00f3n nacionalista, antiglobalizadora, proteccionista, fuertemente restrictiva respecto de la inmigraci\u00f3n, explotando pol\u00edticamente los miedos de la ciudadan\u00eda, por ejemplo, el tema de la seguridad en Brasil. Por otro lado, a trav\u00e9s de discursos y gestos transgresores, estos l\u00edderes y sus manifestaciones reflejan pensamientos y sentimientos reprimidos de amplios sectores de la ciudadan\u00eda. Y por supuesto tambi\u00e9n hacen visible la desilusi\u00f3n con el sistema pol\u00edtico tradicional. L\u00edderes que, como observa Enrique Krauze, pretenden afirmar: \u00abEl pueblo soy yo\u00bb.<br \/>\nUno de los mayores peligros de estos excesos histri\u00f3nicos y hasta la verborragia chabacana e imprudente es exacerbar pasiones antisociales. Por lo pronto, este estilo pol\u00edtico fuertemente confrontativo ya tiene efectos que debilitan los v\u00ednculos de solidaridad, tanto en el \u00e1mbito internacional (sucede en la Uni\u00f3n Europea y el Brexit) como en el plano interno.<br \/>\nAlgunos analistas interpretan estos nuevos liderazgos como fen\u00f3menos especulares de los populismos de izquierda que se extendieron desde los primeros a\u00f1os del nuevo milenio en Latinoam\u00e9rica, a\u00fan cuando se trate de reg\u00edmenes que suelen ser considerados de derecha. Pero sorprende la fuerza que adquieren incluso en pa\u00edses caracterizados tradicionalmente por instituciones y econom\u00edas m\u00e1s s\u00f3lidas.<br \/>\nEn esta instancia cabe preguntarse si estamos ante un punto de inflexi\u00f3n pol\u00edtico y cultural: \u00bfdebemos entenderlo como uno de los tantos vaivenes del juego democr\u00e1tico o como un proceso que pone en peligro la subsistencia de la democracia republicana?<br \/>\nCabe se\u00f1alar en este punto que el contexto tambi\u00e9n ha cambiado aceleradamente. Las sociedades de las democracias asentadas como las que trabajosamente emergieron primero del proceso de descolonizaci\u00f3n y luego del colapso de la Uni\u00f3n Sovi\u00e9tica, se encuentran ante nuevos desaf\u00edos en la cultura y la gesti\u00f3n de la polis, la econom\u00eda, la ciencia, la tecnolog\u00eda y la seguridad. La cultura contempor\u00e1nea ya no est\u00e1 anclada solamente en cada sociedad y sus tradiciones propias, sino que se difunde r\u00e1pidamente por oleadas con componentes comerciales, intelectuales, valorativos e ideol\u00f3gicos que ejercen su influencia en juventudes naturalmente proclives a lo nuevo, a lo que representa una posibilidad de cambio de todo lo que se percibe como insuficiente, negativo, nocivo o amenazante. De esta manera, un fen\u00f3meno como el de las migraciones internacionales representa un drama tanto como un s\u00edntoma de un mundo que no tiene gobierno. El mismo contexto que impulsa a unos a emigrar, a otros los lleva a retraerse en el \u00e1mbito de lo propio en un af\u00e1n de seguridad y certeza que ya no existe.<br \/>\nCuando el clima contempor\u00e1neo genera incertidumbre y con ella inquietud, miedo y reacciones de cerraz\u00f3n y desconfianza, se minan las relaciones entre las personas, las sociedades y los pa\u00edses. La corrupci\u00f3n es un elemento insoslayable a la hora de explicar el descreimiento de la pol\u00edtica y el predominio de la relaci\u00f3n directa de los l\u00edderes con la multitud, sobre todo gracias a la creciente incidencia de las nuevas tecnolog\u00edas de la comunicaci\u00f3n.<br \/>\nEn este contexto, cabe preguntarse por la forma en que funciona la Rep\u00fablica y las posibilidades de la agenda pol\u00edtica de interpretar los reclamos y las necesidades de la sociedad de hoy. Como en tantos otros momentos de la historia, es oportuno apelar a los moderados para que puedan hacer o\u00edr su voz, logren dar con las respuestas adecuadas y recuperen la entidad pol\u00edtica de la que adolecen.<br \/>\nLa Argentina cierra su a\u00f1o preelectoral con una econom\u00eda empobrecida e incierta, y al mismo tiempo una visibilidad internacional inusitada. \u00bfQu\u00e9 conciencia existe en nuestros dirigentes sobre la manera m\u00e1s adecuada de responder a estos desaf\u00edos en funci\u00f3n del bien com\u00fan de los argentinos? \u00bfQu\u00e9 respuestas, qu\u00e9 medidas, que acuerdos y propuestas se ofrecen a los ciudadanos?<br \/>\nMientras el Gobierno ata su suerte al m\u00e1stil del FMI, el peronismo ensaya nuevas configuraciones entre sus m\u00faltiples corrientes internas. En el conjunto de la dirigencia argentina, \u00ablos que mandan\u00bb, falta tal vez la convicci\u00f3n de que es necesario imaginar un futuro posible en este mundo din\u00e1mico, riesgoso e impredecible, donde las cargas est\u00e9n mejor repartidas y los beneficios sean distribuidos m\u00e1s equitativamente, donde la justicia sea verdaderamente independiente, donde el Estado sea gestionado por personas m\u00e1s id\u00f3neas que amigas, donde el federalismo no sirva de pantalla para disimular sultanatos.<br \/>\nHacer pol\u00edtica en estos tiempos no es un desaf\u00edo f\u00e1cil de asumir, pero es tanto m\u00e1s necesario. Timothy Snyder, en sus \u00ablecciones sobre la tiran\u00eda\u00bb, dirigi\u00e9ndose al ciudadano com\u00fan, sostiene que \u00ablas m\u00ednimas decisiones que tomamos son en s\u00ed una especie de voto, y hacen m\u00e1s o menos probable que se celebren elecciones libres y justas en el futuro. En la pol\u00edtica de lo cotidiano, nuestras palabras y nuestros gestos, o su ausencia, son muy importantes\u00bb.<\/p>\n","protected":false},"excerpt":{"rendered":"<p>Casi en forma atropellada se suceden en el mundo noticias que generan desconcierto y, en no pocos casos, tambi\u00e9n temor. Cambios profundos hacen emerger l\u00edderes&#8230;<\/p>\n","protected":false},"author":3,"featured_media":0,"comment_status":"open","ping_status":"open","sticky":false,"template":"","format":"standard","meta":{"_acf_changed":false,"_jetpack_newsletter_access":"","_jetpack_dont_email_post_to_subs":false,"_jetpack_newsletter_tier_id":0,"_jetpack_memberships_contains_paywalled_content":false,"_jetpack_memberships_contains_paid_content":false,"footnotes":""},"categories":[7,6],"tags":[2461,1123,1110,2472,211,2473,1666],"class_list":["post-15465","post","type-post","status-publish","format-standard","hentry","category-editoriales","category-nota-tapa","tag-bolsonaro","tag-editorial","tag-inmigracion","tag-lideres","tag-politica","tag-salvini","tag-trump"],"acf":[],"jetpack_featured_media_url":"","jetpack_sharing_enabled":true,"jetpack_shortlink":"https:\/\/wp.me\/p6FC4i-41r","_links":{"self":[{"href":"https:\/\/www.revistacriterio.com.ar\/bloginst_new\/index.php?rest_route=\/wp\/v2\/posts\/15465","targetHints":{"allow":["GET"]}}],"collection":[{"href":"https:\/\/www.revistacriterio.com.ar\/bloginst_new\/index.php?rest_route=\/wp\/v2\/posts"}],"about":[{"href":"https:\/\/www.revistacriterio.com.ar\/bloginst_new\/index.php?rest_route=\/wp\/v2\/types\/post"}],"author":[{"embeddable":true,"href":"https:\/\/www.revistacriterio.com.ar\/bloginst_new\/index.php?rest_route=\/wp\/v2\/users\/3"}],"replies":[{"embeddable":true,"href":"https:\/\/www.revistacriterio.com.ar\/bloginst_new\/index.php?rest_route=%2Fwp%2Fv2%2Fcomments&post=15465"}],"version-history":[{"count":1,"href":"https:\/\/www.revistacriterio.com.ar\/bloginst_new\/index.php?rest_route=\/wp\/v2\/posts\/15465\/revisions"}],"predecessor-version":[{"id":15469,"href":"https:\/\/www.revistacriterio.com.ar\/bloginst_new\/index.php?rest_route=\/wp\/v2\/posts\/15465\/revisions\/15469"}],"wp:attachment":[{"href":"https:\/\/www.revistacriterio.com.ar\/bloginst_new\/index.php?rest_route=%2Fwp%2Fv2%2Fmedia&parent=15465"}],"wp:term":[{"taxonomy":"category","embeddable":true,"href":"https:\/\/www.revistacriterio.com.ar\/bloginst_new\/index.php?rest_route=%2Fwp%2Fv2%2Fcategories&post=15465"},{"taxonomy":"post_tag","embeddable":true,"href":"https:\/\/www.revistacriterio.com.ar\/bloginst_new\/index.php?rest_route=%2Fwp%2Fv2%2Ftags&post=15465"}],"curies":[{"name":"wp","href":"https:\/\/api.w.org\/{rel}","templated":true}]}}