{"id":15551,"date":"2019-04-20T11:03:08","date_gmt":"2019-04-20T14:03:08","guid":{"rendered":"https:\/\/www.revistacriterio.com.ar\/bloginst_new\/?p=15551"},"modified":"2019-04-20T11:03:08","modified_gmt":"2019-04-20T14:03:08","slug":"descendio-a-los-infiernos","status":"publish","type":"post","link":"https:\/\/www.revistacriterio.com.ar\/bloginst_new\/?p=15551","title":{"rendered":"Descendi\u00f3 a los infiernos"},"content":{"rendered":"<p>Las mujeres lloran y la gente mueve la cabeza.<\/p>\n<p>Jes\u00fas acaba de ser ajusticiado<\/p>\n<p>Poco m\u00e1s y La tumba ser\u00e1 ocupada por su cuerpo inerte.<\/p>\n<p>En el espejismo del tiempo, Jes\u00fas fracas\u00f3.<\/p>\n<p>Igual que cualquiera, como tantas veces.<\/p>\n<p>Jes\u00fas descendi\u00f3 a los infiernos.<\/p>\n<p>En la historia  de los hombres,<\/p>\n<p>Jes\u00fas volver\u00e1  a ser crucificado,<\/p>\n<p>Una y otra vez.<\/p>\n<p>Pero  hay un tercer d\u00eda,<\/p>\n<p>que ya no acaba,<\/p>\n<p>Y est\u00e1 despuntando el alba\u2026<\/p>\n<p><em>Vicente Espeche Gil<\/em><\/p>\n","protected":false},"excerpt":{"rendered":"<p>Las mujeres lloran y la gente mueve la cabeza. Jes\u00fas acaba de ser ajusticiado Poco m\u00e1s y La tumba ser\u00e1 ocupada por su cuerpo inerte&#8230;.<\/p>\n","protected":false},"author":3,"featured_media":0,"comment_status":"open","ping_status":"open","sticky":false,"template":"","format":"standard","meta":{"_acf_changed":false,"_jetpack_newsletter_access":"","_jetpack_dont_email_post_to_subs":false,"_jetpack_newsletter_tier_id":0,"_jetpack_memberships_contains_paywalled_content":false,"_jetpack_memberships_contains_paid_content":false,"footnotes":""},"categories":[959,1403],"tags":[14,2492],"class_list":["post-15551","post","type-post","status-publish","format-standard","hentry","category-criterio-digital","category-testimonios","tag-iglesia","tag-viernes-santo"],"acf":[],"jetpack_featured_media_url":"","jetpack_sharing_enabled":true,"jetpack_shortlink":"https:\/\/wp.me\/p6FC4i-42P","_links":{"self":[{"href":"https:\/\/www.revistacriterio.com.ar\/bloginst_new\/index.php?rest_route=\/wp\/v2\/posts\/15551","targetHints":{"allow":["GET"]}}],"collection":[{"href":"https:\/\/www.revistacriterio.com.ar\/bloginst_new\/index.php?rest_route=\/wp\/v2\/posts"}],"about":[{"href":"https:\/\/www.revistacriterio.com.ar\/bloginst_new\/index.php?rest_route=\/wp\/v2\/types\/post"}],"author":[{"embeddable":true,"href":"https:\/\/www.revistacriterio.com.ar\/bloginst_new\/index.php?rest_route=\/wp\/v2\/users\/3"}],"replies":[{"embeddable":true,"href":"https:\/\/www.revistacriterio.com.ar\/bloginst_new\/index.php?rest_route=%2Fwp%2Fv2%2Fcomments&post=15551"}],"version-history":[{"count":1,"href":"https:\/\/www.revistacriterio.com.ar\/bloginst_new\/index.php?rest_route=\/wp\/v2\/posts\/15551\/revisions"}],"predecessor-version":[{"id":15552,"href":"https:\/\/www.revistacriterio.com.ar\/bloginst_new\/index.php?rest_route=\/wp\/v2\/posts\/15551\/revisions\/15552"}],"wp:attachment":[{"href":"https:\/\/www.revistacriterio.com.ar\/bloginst_new\/index.php?rest_route=%2Fwp%2Fv2%2Fmedia&parent=15551"}],"wp:term":[{"taxonomy":"category","embeddable":true,"href":"https:\/\/www.revistacriterio.com.ar\/bloginst_new\/index.php?rest_route=%2Fwp%2Fv2%2Fcategories&post=15551"},{"taxonomy":"post_tag","embeddable":true,"href":"https:\/\/www.revistacriterio.com.ar\/bloginst_new\/index.php?rest_route=%2Fwp%2Fv2%2Ftags&post=15551"}],"curies":[{"name":"wp","href":"https:\/\/api.w.org\/{rel}","templated":true}]}}