{"id":15690,"date":"2019-10-29T17:07:24","date_gmt":"2019-10-29T20:07:24","guid":{"rendered":"http:\/\/www.revistacriterio.com.ar\/bloginst_new\/?p=15690"},"modified":"2019-10-29T17:07:27","modified_gmt":"2019-10-29T20:07:27","slug":"el-dia-despues-una-reflexion-muy-personal","status":"publish","type":"post","link":"https:\/\/www.revistacriterio.com.ar\/bloginst_new\/?p=15690","title":{"rendered":"El d\u00eda despu\u00e9s. (Una reflexi\u00f3n muy personal)"},"content":{"rendered":"<p>Lunes 28 de octubre de 2019. Un d\u00eda pesado y gris. H\u00famedo y pegajoso. Dif\u00edcil de enfrentar en todo sentido, tambi\u00e9n en lo pol\u00edtico. SI Roland Barthes opinaba que el lenguaje era fascista qu\u00e9 decir de este \u201cfasciobook\u201d lleno de pensamiento binario y cargado de frivolidades y banalidades expresivas. Qu\u00e9 dir\u00eda Foucault de estos intentos de disciplinaci\u00f3n y \u201cnormalizaci\u00f3n\u201d de la opini\u00f3n pol\u00edtica. Todos disciplinando a todos,  atent\u00edsimos al pan\u00f3ptico horizontal que son las redes sociales. Expresi\u00f3n y deseo de dominaci\u00f3n y control. Goce del pensamiento \u00fanico, de la definici\u00f3n descalificante, de la pl\u00e9tora de palabras vac\u00edas (y vueltas a vaciar una y otra vez) que pretenden ser ocurrentes, ofensivas o brillantes o todo junto al mismo tiempo.<br \/>\nA lo Kafka, desear\u00eda metamorfosearme en molusco, encerrarme en mi caparaz\u00f3n, aislarme y tratar de no afectarme. Es in\u00fatil intentar la discusi\u00f3n. Manifestar que lo que queda claro, ac\u00e1 y en muchas otras partes del planeta, es la exclusi\u00f3n, el silenciamiento, el desplazamiento de las minor\u00edas. La democracia resulta ser una herramienta necesaria, pero no suficiente. Los factores de poder no escuchan razones ni atienden a la realidad y eso parte a las comunidades, las enfrenta internamente. Tal como nos viene pasando desde la Restauraci\u00f3n Conservadora (y su famoso \u201cfraude patri\u00f3tico\u201d) de 1930.<br \/>\nUn pa\u00eds partido en dos (el nuestro) porque los actores son sordos, s\u00f3lo escuchan las realidades \u201cdistintas\u201d cuando \u00e9stas se manifiestan con violencia, toman la calle o se rebelan pol\u00edticamente. Pero si no suceden esas manifestaciones nada de lo que pasa o se sufre es registrado. S\u00f3lo interesa lo que expresa el selecto grupo de asesores (que usualmente obtienen beneficios econ\u00f3micos y\/o de poder efectivo) y este por lo general est\u00e1 tan enfrascado en sus propias miserias inmediatas que no reacciona hasta que la derrota se vuelve evidente o la rebeli\u00f3n inevitable. Mientras que las minor\u00edas que podr\u00edan exponer la realidad de las situaciones no atendidas son barridas directamente afuera, ni siquiera bajo la alfombra.<br \/>\nEl 93% de la C\u00e1mara de Diputados de la Naci\u00f3n qued\u00f3 en manos de dos facciones, ni siquiera son partidos\u2026 Eso es exclusi\u00f3n. Esa es la barbarie que se ha construido desde el discurso pol\u00edtico y social imperante. La polarizaci\u00f3n, como la inseguridad, es funcional al juego de reparto de poder en pocas manos., entre los siempre mismos actores. La verdadera representaci\u00f3n es una ficci\u00f3n, una figura casi ret\u00f3rica, que no interesa a nadie, basta pasear por el \u201cfasciobook\u201d para verificarlo.<br \/>\nEn estos d\u00edas tambi\u00e9n vendr\u00eda bien mirar (y meditar) un poco lo que est\u00e1 pasando del otro lado de la cordillera.<\/p>\n","protected":false},"excerpt":{"rendered":"<p>Lunes 28 de octubre de 2019. Un d\u00eda pesado y gris. H\u00famedo y pegajoso. Dif\u00edcil de enfrentar en todo sentido, tambi\u00e9n en lo pol\u00edtico. SI&#8230;<\/p>\n","protected":false},"author":8,"featured_media":0,"comment_status":"open","ping_status":"open","sticky":false,"template":"","format":"standard","meta":{"_acf_changed":false,"_jetpack_newsletter_access":"","_jetpack_dont_email_post_to_subs":false,"_jetpack_newsletter_tier_id":0,"_jetpack_memberships_contains_paywalled_content":false,"_jetpack_memberships_contains_paid_content":false,"footnotes":""},"categories":[959,965],"tags":[148,1176],"class_list":["post-15690","post","type-post","status-publish","format-standard","hentry","category-criterio-digital","category-opinion-2","tag-elecciones","tag-partidos"],"acf":[],"jetpack_featured_media_url":"","jetpack_sharing_enabled":true,"jetpack_shortlink":"https:\/\/wp.me\/p6FC4i-454","_links":{"self":[{"href":"https:\/\/www.revistacriterio.com.ar\/bloginst_new\/index.php?rest_route=\/wp\/v2\/posts\/15690","targetHints":{"allow":["GET"]}}],"collection":[{"href":"https:\/\/www.revistacriterio.com.ar\/bloginst_new\/index.php?rest_route=\/wp\/v2\/posts"}],"about":[{"href":"https:\/\/www.revistacriterio.com.ar\/bloginst_new\/index.php?rest_route=\/wp\/v2\/types\/post"}],"author":[{"embeddable":true,"href":"https:\/\/www.revistacriterio.com.ar\/bloginst_new\/index.php?rest_route=\/wp\/v2\/users\/8"}],"replies":[{"embeddable":true,"href":"https:\/\/www.revistacriterio.com.ar\/bloginst_new\/index.php?rest_route=%2Fwp%2Fv2%2Fcomments&post=15690"}],"version-history":[{"count":2,"href":"https:\/\/www.revistacriterio.com.ar\/bloginst_new\/index.php?rest_route=\/wp\/v2\/posts\/15690\/revisions"}],"predecessor-version":[{"id":15692,"href":"https:\/\/www.revistacriterio.com.ar\/bloginst_new\/index.php?rest_route=\/wp\/v2\/posts\/15690\/revisions\/15692"}],"wp:attachment":[{"href":"https:\/\/www.revistacriterio.com.ar\/bloginst_new\/index.php?rest_route=%2Fwp%2Fv2%2Fmedia&parent=15690"}],"wp:term":[{"taxonomy":"category","embeddable":true,"href":"https:\/\/www.revistacriterio.com.ar\/bloginst_new\/index.php?rest_route=%2Fwp%2Fv2%2Fcategories&post=15690"},{"taxonomy":"post_tag","embeddable":true,"href":"https:\/\/www.revistacriterio.com.ar\/bloginst_new\/index.php?rest_route=%2Fwp%2Fv2%2Ftags&post=15690"}],"curies":[{"name":"wp","href":"https:\/\/api.w.org\/{rel}","templated":true}]}}