{"id":15746,"date":"2020-01-28T18:47:12","date_gmt":"2020-01-28T21:47:12","guid":{"rendered":"http:\/\/www.revistacriterio.com.ar\/bloginst_new\/?p=15746"},"modified":"2020-01-28T18:47:14","modified_gmt":"2020-01-28T21:47:14","slug":"el-papado-segun-el-cine","status":"publish","type":"post","link":"https:\/\/www.revistacriterio.com.ar\/bloginst_new\/?p=15746","title":{"rendered":"El Papado seg\u00fan el cine"},"content":{"rendered":"<p>M\u00e1s o menos respetuosamente, o no tanto, varias veces el cine ha reproducido la figura papal. Algunas de modo fantasioso, como <em>La papisa Juana<\/em>, la cinta de esp\u00edas <em>Muerte en el Vaticano<\/em> y el gracioso <em>Habemus Papam<\/em> de Nanni Moretti, donde un Pont\u00edfice reci\u00e9n consagrado tiene un ataque de miedo esc\u00e9nico, no sale al balc\u00f3n y se escapa a la calle, al menos por unos d\u00edas. En el extremo, con gozoso anarquismo, Luis Bu\u00f1uel imagin\u00f3 al Papa convertido en un esqueleto con la tiara puesta en <em>La edad de oro<\/em>, y fusilado contra un pared\u00f3n en <em>La V\u00eda L\u00e1ctea<\/em>. M\u00e1s amable, Lelouch lo hace apenas secuestrar por unos p\u00edcaros en <em>La aventura es la aventura<\/em>. Y Renato Pozzetto, cardenal inquisidor en la comedia <em>Mi mujer es una bruja<\/em>, consigue la \u201cconfesi\u00f3n\u201d de una joven prometi\u00e9ndole que \u201cma\u00f1ana ser\u00e9 clemente\u201d y luego la manda quemar, aclarando \u201cser\u00e9 Clemente X, Papa\u201d. De hecho, este prelado, y Alejandro VI, cabeza de los Borgia, figuran en unas cuantas pel\u00edculas italianas de \u00e9poca como capitostes de la perversi\u00f3n bajo el Renacimiento.<br \/>\nMejor imagen tienen, dentro de todo, Julio II discutiendo con Michelangelo la pintura de la Capilla Sixtina en <em>La agon\u00eda y el \u00e9xtasis<\/em>, Inocente III recibiendo al joven Francisco de As\u00eds en <em>Hermano sol, hermana luna<\/em> y, por supuesto, Juan XXIII, bien conocido como \u201cel Papa bueno\u201d. \u00c9l inspir\u00f3 dos valiosos acercamientos: <em>E venne un uomo<\/em>, de Ermanno Olmi, y <em>Portrait: a man whose name was John<\/em>, de Buzz Kulik, centrado en el valor con que, cuando era arzobispo, supo proteger a los perseguidos por el nazismo.<br \/>\nTras los aires de renovaci\u00f3n impulsados justamente por Juan XXIII, Las sandalias del pescador, sobre una novela de Morris West, anticipa en 1968 la llegada de un Papa proveniente de un pa\u00eds comunista, que propone amplias reformas e incluso se anima a dialogar con quienes piensan y creen de un modo distinto al suyo. Apenas diez a\u00f1os m\u00e1s tarde, el anticipo se hace realidad con la llegada del cardenal Karol Wojtyla desde la sometida Polonia. Su vida y su lucha antes de convertirse en Juan Pablo II, y la lucha de Solidaridad contra el r\u00e9gimen comunista, se ven bien representadas en el film de Krzysztof Zanussi <em>De un pa\u00eds lejano<\/em>. Sobre Juan Pablo II tambi\u00e9n hay un telefilm italiano, <em>Karol, un uomo diventato Papa<\/em>, y una miniserie norteamericana. \u00c9sta fue la primera miniserie sobre un Papa. La siguiente ser\u00eda <em>Chiamatemi Francesco<\/em>, aqu\u00ed conocida como Ll\u00e1mame Francisco, de Daniele Luchetti, con libreto del argentino Mart\u00edn Solinas, sobre la trayectoria de Jorge Bergoglio hasta ser consagrado Papa en abril del 2013.<br \/>\nDe Bergoglio tambi\u00e9n hay un biopic bastante hagiogr\u00e1fico, <em>Francisco. El padre Jorge<\/em>, firmado por Docampo Feij\u00f3o, y varios documentales, incluyendo uno de Wim Wenders. Pero lo m\u00e1s interesante, hasta ahora, es la comedia estrenada el pasado diciembre, <em>Los dos Papas<\/em>, de Fernando Meirelles. En ella se encuentran a conversar el entonces arzobispo de Buenos Aires y el papa Benedicto XVI, justo cuando cada uno estaba pensando en abandonar su puesto, y no s\u00f3lo por razones de edad, sino por algo m\u00e1s \u00edntimo: el cansancio de comprobar diariamente que las cosas no son como uno quisiera, y la duda de no saber si se est\u00e1 haciendo realmente lo mejor para la Iglesia, y, m\u00e1s a\u00fan, si es el hombre indicado para ello. Detalle singular: al comienzo cada uno sospecha que el otro es todav\u00eda menos indicado. Pero en sucesivas charlas ambos van pasando del recelo y el distanciamiento a la comprensi\u00f3n, la mutua simpat\u00eda, las confesiones, nimias y graves, el perd\u00f3n que viene con el trato, y el posterior y amable compa\u00f1erismo, cuando ambos se encuentran ya en el mismo rango.<br \/>\nAnthony Hopkins encarna al m\u00e1s anciano, el que sabe y escucha, recelando inicialmente del otro, que es vehemente, de gustos populares, menos viejo, papel a cargo de Jonathan Pryce. Sorprende el parecido de los actores con las figuras reales. Fascina su capacidad para expresarse a veces s\u00f3lo con las miradas. Y divierte, con altura, la forma en que dialogan. Tal vez esos di\u00e1logos pudieron ser m\u00e1s profundos, m\u00e1s parejos, y m\u00e1s espirituales. Probablemente no era tan necesario poner el acento en ciertos recuerdos de los a\u00f1os \u201970, pero esa es, quiz\u00e1, la \u00fanica parte que a muchos interesa, sobre todo a los ajenos al catolicismo. Lo mismo, cuando por plantear el drama de la pederastia quedan de lado otros problemas igualmente importantes de la Iglesia, y de la fe. Pero en el balance la pel\u00edcula deja un sabor agradable, agradecido, y algunas buenas lecciones.<br \/>\nEl libretista es Anthony McCarten, autor de buenos guiones sobre la vida de Stephen Hawking, Winston Churchill y Freddie Mercury. Director, ya lo dijimos, Fernando Meirelles, el de <em>Ciudad de Dios<\/em>, <em>El jardinero fiel<\/em> y, m\u00e1s recientemente, la serie documental brasile\u00f1a <em>O sentido da vida<\/em>, que alterna entrevistas a gente de diverso peso p\u00fablico, y j\u00f3venes que siguen adelante aun teniendo una enfermedad incurable. Ojal\u00e1 tambi\u00e9n podamos ver esta serie en alg\u00fan momento.<\/p>\n","protected":false},"excerpt":{"rendered":"<p>M\u00e1s o menos respetuosamente, o no tanto, varias veces el cine ha reproducido la figura papal. Algunas de modo fantasioso, como La papisa Juana, la&#8230;<\/p>\n","protected":false},"author":3,"featured_media":0,"comment_status":"open","ping_status":"open","sticky":false,"template":"","format":"standard","meta":{"_acf_changed":false,"_jetpack_newsletter_access":"","_jetpack_dont_email_post_to_subs":false,"_jetpack_newsletter_tier_id":0,"_jetpack_memberships_contains_paywalled_content":false,"_jetpack_memberships_contains_paid_content":false,"footnotes":""},"categories":[4,6],"tags":[605,1462,2512,1057],"class_list":["post-15746","post","type-post","status-publish","format-standard","hentry","category-cultura","category-nota-tapa","tag-bergolgio","tag-cultura","tag-los-dos-papas","tag-ratzinger"],"acf":[],"jetpack_featured_media_url":"","jetpack_sharing_enabled":true,"jetpack_shortlink":"https:\/\/wp.me\/p6FC4i-45Y","_links":{"self":[{"href":"https:\/\/www.revistacriterio.com.ar\/bloginst_new\/index.php?rest_route=\/wp\/v2\/posts\/15746","targetHints":{"allow":["GET"]}}],"collection":[{"href":"https:\/\/www.revistacriterio.com.ar\/bloginst_new\/index.php?rest_route=\/wp\/v2\/posts"}],"about":[{"href":"https:\/\/www.revistacriterio.com.ar\/bloginst_new\/index.php?rest_route=\/wp\/v2\/types\/post"}],"author":[{"embeddable":true,"href":"https:\/\/www.revistacriterio.com.ar\/bloginst_new\/index.php?rest_route=\/wp\/v2\/users\/3"}],"replies":[{"embeddable":true,"href":"https:\/\/www.revistacriterio.com.ar\/bloginst_new\/index.php?rest_route=%2Fwp%2Fv2%2Fcomments&post=15746"}],"version-history":[{"count":1,"href":"https:\/\/www.revistacriterio.com.ar\/bloginst_new\/index.php?rest_route=\/wp\/v2\/posts\/15746\/revisions"}],"predecessor-version":[{"id":15748,"href":"https:\/\/www.revistacriterio.com.ar\/bloginst_new\/index.php?rest_route=\/wp\/v2\/posts\/15746\/revisions\/15748"}],"wp:attachment":[{"href":"https:\/\/www.revistacriterio.com.ar\/bloginst_new\/index.php?rest_route=%2Fwp%2Fv2%2Fmedia&parent=15746"}],"wp:term":[{"taxonomy":"category","embeddable":true,"href":"https:\/\/www.revistacriterio.com.ar\/bloginst_new\/index.php?rest_route=%2Fwp%2Fv2%2Fcategories&post=15746"},{"taxonomy":"post_tag","embeddable":true,"href":"https:\/\/www.revistacriterio.com.ar\/bloginst_new\/index.php?rest_route=%2Fwp%2Fv2%2Ftags&post=15746"}],"curies":[{"name":"wp","href":"https:\/\/api.w.org\/{rel}","templated":true}]}}