{"id":15873,"date":"2020-03-27T20:20:44","date_gmt":"2020-03-27T23:20:44","guid":{"rendered":"http:\/\/www.revistacriterio.com.ar\/bloginst_new\/?p=15873"},"modified":"2020-03-27T20:23:42","modified_gmt":"2020-03-27T23:23:42","slug":"las-palabras-que-faltaban","status":"publish","type":"post","link":"https:\/\/www.revistacriterio.com.ar\/bloginst_new\/?p=15873","title":{"rendered":"Las palabras que faltaban"},"content":{"rendered":"<p><em><a href=\"https:\/\/www.youtube.com\/watch?v=E3qapLOcP1g\">La Voz de la Pibada<\/a> es un cortometraje que busca posicionar a la ni\u00f1ez en la agenda pol\u00edtica argentina, apelando a acortar las distancias entre las generaciones, los barrios y los diferentes sectores de la sociedad.<\/em><\/p>\n<p>Los chicos necesitan ser protagonistas de su propia historia. Conocer sus derechos para poder ejercerlos. Entablar relaciones con los distintos \u00e1mbitos de los poderes econ\u00f3mico, pol\u00edtico y cultural y hacerse oir. Pero solos les cuesta mucho. A veces s\u00f3lo se escucha el llanto, la desaz\u00f3n, la impotencia; pero otras veces, sobre todo cuando est\u00e1n con sus amigos, los sue\u00f1os se convierten en buenas ideas y esas ideas transforman la realidad. El cortometraje La Voz de la Pibada, estrenado en octubre de 2019, naci\u00f3 como una expresi\u00f3n capaz de amplificar las palabras de las chicas y los chicos de los barrios, que en general no tienen posibilidad de acceder a los medios masivos ni a ser escuchados por interlocutores con poder de decisi\u00f3n para mejorar distintos aspectos que determinar su vida y su futuro.<br \/>\nLa Asamblea de Organizaciones de la Ni\u00f1ez de La Plata, Berisso y Ensenada organiz\u00f3 en 2017 la Marcha \u201cEl hambre es un crimen\u201d, el lema de los Chicos del Pueblo, y partir del texto que leyeron en esa oportunidad, Dami\u00e1n Demaro convoc\u00f3 a un equipo de colaboradores para producir el audiovisual que se film\u00f3 en catorce barrios: El Futuro, Malvinas, El Rinc\u00f3n, San Carlos, Villa Arg\u00fcello, Villa Elvira, Villa Elisa, Olmos, Aeropuerto, Villa Garibaldi, El Molino, Villa Progreso, El Churrasco, El Retiro. La m\u00fasica fue grabada por la Orquesta Barrial en Movimiento en el auditorio de Bellas Artes.<br \/>\n\u201cRecorriendo las calles de tierra, relacion\u00e1ndonos con los chicos y las organizaciones que los acompa\u00f1an y los apoyan, ganando su confianza e invit\u00e1ndolos a reflexionar sobre sus problem\u00e1ticas, buscamos que este material audiovisual sea un punto de partida para un intercambio que perdure en el tiempo. Que los chicos de unos y otros barrios descubran que no son tan distintos, que los interpelan las mismas situaciones cotidianas, que comparten intereses pero tambi\u00e9n preocupaciones, y que pueden hacer que su mundo sea m\u00e1s justo\u201d, explica Ivana Romano, tambi\u00e9n realizadora del proyecto.<br \/>\nEl punto de encuentro para invitarlos a participar fueron las organizaciones en las que las chicas y chicos participan habitualmente: talleres de lectura y escritura, futbol mixto, murga, festejos patrios\u2026 \u201cLe\u00edamos con ellos la carta, convers\u00e1bamos, escuch\u00e1bamos sus ideas y con qu\u00e9 fragmentos se identificaban m\u00e1s. Despu\u00e9s eleg\u00edan qui\u00e9nes los iban a representar en el corto y empez\u00e1bamos a grabar. Incluso ellos propon\u00edan la locaci\u00f3n, por ejemplo, la esquina en la que se juntan\u201d, cont\u00f3 Juan Catullo, uno de los camar\u00f3grafos participantes.<br \/>\nPara Ivana Romano uno de los aspectos m\u00e1s positivos de la experiencia fue trabajar con los chicos en los lugares en los que ellos se sienten c\u00f3modos, su lugar en el mundo: \u201cLos hace muy felices contar qu\u00e9 cosas saben hacer, lo que han aprendido, lo que tienen para mostrar y para aportar a la sociedad. Por eso el proyecto continuar\u00e1 en 2020 con la exhibici\u00f3n del corto en cada uno de los barrios, para que puedan verse y ver a otros que, como ellos, tienen derechos y sue\u00f1os por cumplir\u201d.<br \/>\nLa Voz de la Pibada se present\u00f3 en octubre en el Senado de la provincia de Buenos Aires, con la participaci\u00f3n de una enorme cantidad de chicas y chicos, esta vez como p\u00fablico. Luego realizaron una marcha por la ciudad de La Plata que culmin\u00f3 en la Plaza San Mart\u00edn. Completaron el equipo de filmaci\u00f3n y edici\u00f3n Salvador Morera, Marco Catullo, Pedro Nales, Juan Zaldua, Mar\u00eda E. Molinero, Jaime Tabares Rueda, Octavio Yain Romero, Laura In\u00e9s Salda\u00f1a, Nahuel Zabalza, Rosario Triana, Alexis Londero, Lucas P\u00e9rez u Vanesa Espinoza. Se sumaron y acompa\u00f1aron algunos organismos dependientes de la Universidad Nacional de La Plata (Secretar\u00eda de Extensi\u00f3n de la Facultad de Bellas Artes y la Prosecretar\u00eda de Pol\u00edticas Sociales y Centros Comunitarios de Extensi\u00f3n Universitaria) y la Comisi\u00f3n Provincial por la Memoria.<br \/>\nImpl\u00edcitamente, La Voz de la Pibada tambi\u00e9n pretende ser un aporte en el camino de la desestigmatizaci\u00f3n de las comunidades que viven en los barrios alejados de las avenidas y las luminarias. \u201cA diferencia de lo que muchas veces se piensa, tanto los ni\u00f1os como los adolescentes nos recibieron con los brazos abiertos, contentos de que estuvi\u00e9ramos ah\u00ed para escucharlos y proponerles ser protagonistas. Saben que merecen otra cosa pero no est\u00e1n resentidos por no tener los recursos econ\u00f3micos o materiales. Tienen sus felicidades e intentamos que tambi\u00e9n se vieran reflejadas en el documental\u201d, agrega Catullo.<\/p>\n<p><strong>El hambre es un crimen<\/strong><\/p>\n<p>Retomando la consigna \u201cEl hambre es un crimen\u201d que convoc\u00f3 en los a\u00f1os \u201990 Alberto Morlachetti, Coordinador Nacional del Movimiento de los Chicos del Pueblo, y el padre Carlos Cajade en los a\u00f1os \u201990, el corto retoma esos reclamos pero en la voz de los chicos, exigiendo el cumplimiento de sus derechos. El texto fue le\u00eddo por primera vez en una jornada realizada en 2017 en la Plaza San Mart\u00edn de La Plata.<\/p>\n<p><em>\u201cEn nuestros barrios falta m\u00e1s y mejor trabajo, porque los servicios p\u00fablicos funcionan mal, porque aumentan los precios de los alimentos y, con eso, nuestra pobreza y la desigualdad.<\/em><br \/>\n<em>La polic\u00eda abusa de su poder y nos etiqueta, y no queremos que nos saque de nuestras esquinas. En los barrios se consume mucha droga. Y los que se benefician a costa nuestra est\u00e1n arriba y son unos pocos.<\/em><br \/>\n<em>Que haya mejor salud: mejor atenci\u00f3n en los hospitales y las salitas.<\/em><br \/>\n<em>En nuestro barrio muchas de nuestras casas est\u00e1n a medio terminar, somos varias personas en un mismo lugar, no nos llega el gas, faltan cloacas y agua para tomar. Nos gustar\u00eda tener una casa con un patio bien grande, para juntarnos con amigos y amigas.<\/em><br \/>\n<em>\u00a1Queremos vivir en un barrio sin basura!<\/em><br \/>\n<em>Nos faltan m\u00e1s plazas para encontrarnos y canchitas para jugar, son esos los lugares donde nos sentimos c\u00f3modos y c\u00f3modas. \u00bfSaben por qu\u00e9 nos damos cuenta que no se interesan por nuestros barrios? Porque las plazas del centro est\u00e1n mejor cuidadas que las nuestras. Y en el centro siempre hay ferias y cosas para hacer.<\/em><br \/>\n<em>Entiendan que necesitamos que haya m\u00e1s trabajo para nuestras familias. No trabajo en negro: que es sin contrato, donde el patr\u00f3n paga lo que quiere, sin obra social, sin sueldo fijo y sin tener vacaciones. \u00a1Un trabajo piola!<\/em><br \/>\n<em>Que nos reconozcan a los chicos y chicas que adem\u00e1s de estudiar, salimos a trabajar para llevar un plato de comida a casa. Queremos que la escuela se adapte a nuestros horarios y a nuestra realidad.<\/em><br \/>\n<em>Hay muchos pibes y pibas que no vamos a la escuela, a veces porque no tenemos zapatillas. Las escuelas est\u00e1n en mal estado y con fr\u00edo no podemos pensar. La escuela es un lugar de contenci\u00f3n zarpada, a muchos y muchas nos encanta nuestra escuela, pero algunas veces sentimos que no tenemos los aprendizajes que m\u00e1s nos gustan y disfrutamos m\u00e1s la educaci\u00f3n que tenemos en nuestras organizaciones.<\/em><br \/>\n<em>En nuestros comedores queremos recibir mercader\u00eda de calidad, y porque adem\u00e1s necesitamos productos frescos.<\/em><br \/>\n<em>Queremos lo que todo el mundo quiere: una mesa siempre llena, y tambi\u00e9n mucho m\u00e1s postre.<\/em><br \/>\n<em>Los medios de comunicaci\u00f3n muestran una realidad que no es, nos etiquetan, nos discriminan, nos muestran vagos, malos o delincuentes. Por eso despu\u00e9s la gente te ve pasando en moto y dice \u2018ese pibe va a robar\u2019. O a los pibes grandes los ven fumando un cigarro y ya piensan \u2018esos pibes se est\u00e1n drogando\u2019.<\/em><br \/>\n<em>\u00a1Queremos que nuestras voces se escuchen tambi\u00e9n en los medios de comunicaci\u00f3n!<\/em><br \/>\n<em>Nadie nos tiene que decir c\u00f3mo nos tenemos que vestir. Nos vestimos como queremos. A ustedes les molesta que seamos de barrio y que usemos visera, pero cada ropa pertenece a una \u00e9poca, la ropa es parte de nosotros y nosotras, y nos identifica.<\/em><br \/>\n<em>Los grandes nos ense\u00f1an a competir desde muy temprano, sobre todo en la escuela y tambi\u00e9n en los juegos. Pero nosotros y nosotras descubrimos que podemos cambiar las reglas de los juegos. Los juegos no tienen g\u00e9nero ni colores.<\/em><br \/>\n<em>Basta de juegos para nenes y juegos para nenas. Un chico puede jugar a las mu\u00f1ecas y una chica a la pelota. Un chico puede usar el rosa y una chica el azul. Elegimos los colores que nos gustan.<\/em><br \/>\n<em>Todas estas cosas que venimos a contar nos afectan, nos hacen sentir olvidados y olvidadas, inservibles, sin valor. A veces, nos sentimos con las manos atadas, sentimos que nos manipulan y nos usan. Todo esto nos da bronca y odio. Afecta nuestros v\u00ednculos, y a veces juntamos tanta rabia que nos maltratamos entre nosotros y nosotras, y hasta dejamos de valorar la vida. Pero hoy, no.<\/em><br \/>\n<em>Todos y todas participamos en la pol\u00edtica y nos gusta saber de qu\u00e9 se trata. Nos gusta hablar de qu\u00e9 vamos a hacer con los gobiernos que gobiernan para que estemos peor. Porque los gobiernos dicen que, como somos chiquitas y chiquitos, no tenemos derecho a saber de pol\u00edtica. Y cuando vamos a los municipios a pedir para que hagan una plaza en el barrio, no nos dan bolilla.<\/em><br \/>\n<em>Por eso es importante romper eso y defendernos resistiendo. Primero hablando y escuchando, que es como resolvemos los problemas. No a los golpes. Y si tenemos un problema nos tenemos que juntar, no tenemos que ir solos ni solas. Y si despu\u00e9s de hablar no nos escuchan, tenemos que ir a hacer quilombo.<\/em><br \/>\n<em>No queremos que nos manejen la vida ni que nos elijan el futuro. No queremos que los adultos nos culpen por todo, no queremos que nos encierren ni castiguen. Queremos que no nos griten, que no nos insulten, que no nos reten, que no nos juzguen y que no se enojen. Porque cuando hacemos las cosas bien, tampoco lo reconocen. Que nadie nos quiera explicar nada, mejor que nos pregunten, que nos escuchen, que nos apoyen, que nos alienten. Queremos que nos acompa\u00f1en y que nos cuiden.<\/em><br \/>\n<em>Si no abr\u00eds la cabeza, no te crece el coraz\u00f3n. El hambre es un crimen\u201d.<\/em><\/p>\n","protected":false},"excerpt":{"rendered":"<p>La Voz de la Pibada es un cortometraje que busca posicionar a la ni\u00f1ez en la agenda pol\u00edtica argentina, apelando a acortar las distancias entre&#8230;<\/p>\n","protected":false},"author":8,"featured_media":0,"comment_status":"open","ping_status":"open","sticky":false,"template":"","format":"standard","meta":{"_acf_changed":false,"_jetpack_newsletter_access":"","_jetpack_dont_email_post_to_subs":false,"_jetpack_newsletter_tier_id":0,"_jetpack_memberships_contains_paywalled_content":false,"_jetpack_memberships_contains_paid_content":false,"footnotes":""},"categories":[5],"tags":[1092],"class_list":["post-15873","post","type-post","status-publish","format-standard","hentry","category-sociedad","tag-la-plata"],"acf":[],"jetpack_featured_media_url":"","jetpack_sharing_enabled":true,"jetpack_shortlink":"https:\/\/wp.me\/p6FC4i-481","_links":{"self":[{"href":"https:\/\/www.revistacriterio.com.ar\/bloginst_new\/index.php?rest_route=\/wp\/v2\/posts\/15873","targetHints":{"allow":["GET"]}}],"collection":[{"href":"https:\/\/www.revistacriterio.com.ar\/bloginst_new\/index.php?rest_route=\/wp\/v2\/posts"}],"about":[{"href":"https:\/\/www.revistacriterio.com.ar\/bloginst_new\/index.php?rest_route=\/wp\/v2\/types\/post"}],"author":[{"embeddable":true,"href":"https:\/\/www.revistacriterio.com.ar\/bloginst_new\/index.php?rest_route=\/wp\/v2\/users\/8"}],"replies":[{"embeddable":true,"href":"https:\/\/www.revistacriterio.com.ar\/bloginst_new\/index.php?rest_route=%2Fwp%2Fv2%2Fcomments&post=15873"}],"version-history":[{"count":3,"href":"https:\/\/www.revistacriterio.com.ar\/bloginst_new\/index.php?rest_route=\/wp\/v2\/posts\/15873\/revisions"}],"predecessor-version":[{"id":15877,"href":"https:\/\/www.revistacriterio.com.ar\/bloginst_new\/index.php?rest_route=\/wp\/v2\/posts\/15873\/revisions\/15877"}],"wp:attachment":[{"href":"https:\/\/www.revistacriterio.com.ar\/bloginst_new\/index.php?rest_route=%2Fwp%2Fv2%2Fmedia&parent=15873"}],"wp:term":[{"taxonomy":"category","embeddable":true,"href":"https:\/\/www.revistacriterio.com.ar\/bloginst_new\/index.php?rest_route=%2Fwp%2Fv2%2Fcategories&post=15873"},{"taxonomy":"post_tag","embeddable":true,"href":"https:\/\/www.revistacriterio.com.ar\/bloginst_new\/index.php?rest_route=%2Fwp%2Fv2%2Ftags&post=15873"}],"curies":[{"name":"wp","href":"https:\/\/api.w.org\/{rel}","templated":true}]}}