{"id":15957,"date":"2020-04-30T13:10:40","date_gmt":"2020-04-30T16:10:40","guid":{"rendered":"http:\/\/www.revistacriterio.com.ar\/bloginst_new\/?p=15957"},"modified":"2020-04-30T13:10:42","modified_gmt":"2020-04-30T16:10:42","slug":"mercosur-mucho-mas-que-comercio","status":"publish","type":"post","link":"https:\/\/www.revistacriterio.com.ar\/bloginst_new\/?p=15957","title":{"rendered":"Mercosur, mucho m\u00e1s que comercio"},"content":{"rendered":"<p>El anuncio sorpresivo sobre lo que est\u00e1 ocurriendo en el marco del Mercosur, ha dado lugar a una serie de declaraciones, confusiones y aclaraciones y los medios han estado dando buena cuenta en los \u00faltimos d\u00edas.<br \/>\nLa cuesti\u00f3n ha sido analizada atendiendo a tres variables: la ideol\u00f3gica, la de las personalidades en juego y la econ\u00f3mica comercial.<br \/>\nEl primer hecho de relevancia a tener en cuenta es que hay una nueva mayor\u00eda ideol\u00f3gica en el Mercosur. La orientaci\u00f3n prevaleciente en \u00e9poca de Lula da Silva en Brasil ha dado un giro de 180 grados, dejando al Gobierno argentino en minor\u00eda.<br \/>\nEn segundo lugar, no hace falta entrar en detalles para comprender que las personalidades de los actuales jefes de Estado de la regi\u00f3n difieren considerablemente entre s\u00ed.<br \/>\nEl tercer hecho a considerar es que la pandemia pone en potencial revisi\u00f3n al  complejo entramado de acuerdos bilaterales o multilaterales existentes en todo el mundo. Los tratados deben ser respetados hasta que nuevos acuerdos los reemplacen. No ha llegado todav\u00eda el momento de tomar decisiones dr\u00e1sticas hasta tanto se despeje la polvareda que dejar\u00e1 el Coronavirus.<br \/>\nLos pa\u00edses de Sudam\u00e9rica se encontrar\u00e1n entonces ante el enorme desaf\u00edo de redise\u00f1ar y construir una estructura productiva en funci\u00f3n del mercado regional y un mercado global de incierta evoluci\u00f3n.<br \/>\nFinalmente, desde su comienzo, el Mercosur naci\u00f3 de un entendimiento hist\u00f3rico y visionario desde los valores de la democracia, la cooperaci\u00f3n internacional, la definitiva superaci\u00f3n de insensatas rivalidades y la paz. El cap\u00edtulo nuclear sigue siendo parte esencial de aquel entendimiento trascendente entre los dos pa\u00edses m\u00e1s importantes de la regi\u00f3n. Nada de ello debe olvidarse al momento de abordar las importantes cuestiones comerciales.<\/p>\n","protected":false},"excerpt":{"rendered":"<p>El anuncio sorpresivo sobre lo que est\u00e1 ocurriendo en el marco del Mercosur, ha dado lugar a una serie de declaraciones, confusiones y aclaraciones y&#8230;<\/p>\n","protected":false},"author":8,"featured_media":0,"comment_status":"open","ping_status":"open","sticky":false,"template":"","format":"standard","meta":{"_acf_changed":false,"_jetpack_newsletter_access":"","_jetpack_dont_email_post_to_subs":false,"_jetpack_newsletter_tier_id":0,"_jetpack_memberships_contains_paywalled_content":false,"_jetpack_memberships_contains_paid_content":false,"footnotes":""},"categories":[959,986],"tags":[2537,270,211],"class_list":["post-15957","post","type-post","status-publish","format-standard","hentry","category-criterio-digital","category-politica","tag-coronavirus","tag-economia","tag-politica"],"acf":[],"jetpack_featured_media_url":"","jetpack_sharing_enabled":true,"jetpack_shortlink":"https:\/\/wp.me\/p6FC4i-49n","_links":{"self":[{"href":"https:\/\/www.revistacriterio.com.ar\/bloginst_new\/index.php?rest_route=\/wp\/v2\/posts\/15957","targetHints":{"allow":["GET"]}}],"collection":[{"href":"https:\/\/www.revistacriterio.com.ar\/bloginst_new\/index.php?rest_route=\/wp\/v2\/posts"}],"about":[{"href":"https:\/\/www.revistacriterio.com.ar\/bloginst_new\/index.php?rest_route=\/wp\/v2\/types\/post"}],"author":[{"embeddable":true,"href":"https:\/\/www.revistacriterio.com.ar\/bloginst_new\/index.php?rest_route=\/wp\/v2\/users\/8"}],"replies":[{"embeddable":true,"href":"https:\/\/www.revistacriterio.com.ar\/bloginst_new\/index.php?rest_route=%2Fwp%2Fv2%2Fcomments&post=15957"}],"version-history":[{"count":1,"href":"https:\/\/www.revistacriterio.com.ar\/bloginst_new\/index.php?rest_route=\/wp\/v2\/posts\/15957\/revisions"}],"predecessor-version":[{"id":15959,"href":"https:\/\/www.revistacriterio.com.ar\/bloginst_new\/index.php?rest_route=\/wp\/v2\/posts\/15957\/revisions\/15959"}],"wp:attachment":[{"href":"https:\/\/www.revistacriterio.com.ar\/bloginst_new\/index.php?rest_route=%2Fwp%2Fv2%2Fmedia&parent=15957"}],"wp:term":[{"taxonomy":"category","embeddable":true,"href":"https:\/\/www.revistacriterio.com.ar\/bloginst_new\/index.php?rest_route=%2Fwp%2Fv2%2Fcategories&post=15957"},{"taxonomy":"post_tag","embeddable":true,"href":"https:\/\/www.revistacriterio.com.ar\/bloginst_new\/index.php?rest_route=%2Fwp%2Fv2%2Ftags&post=15957"}],"curies":[{"name":"wp","href":"https:\/\/api.w.org\/{rel}","templated":true}]}}