{"id":16010,"date":"2020-03-25T16:28:00","date_gmt":"2020-03-25T19:28:00","guid":{"rendered":"http:\/\/www.revistacriterio.com.ar\/bloginst_new\/?p=16010"},"modified":"2020-05-25T16:42:25","modified_gmt":"2020-05-25T19:42:25","slug":"libro-no-se-turbe-vuestro-corazon","status":"publish","type":"post","link":"https:\/\/www.revistacriterio.com.ar\/bloginst_new\/?p=16010","title":{"rendered":"Libro: No se turbe vuestro coraz\u00f3n"},"content":{"rendered":"<p><a href=\"https:\/\/www.revistacriterio.com.ar\/bloginst_new\/wp-content\/uploads\/2020\/05\/belgrano.jpg\"><img loading=\"lazy\" decoding=\"async\" class=\"size-full wp-image-16011 alignleft\" src=\"https:\/\/www.revistacriterio.com.ar\/bloginst_new\/wp-content\/uploads\/2020\/05\/belgrano.jpg\" alt=\"\" width=\"149\" height=\"223\"><\/a><strong>Rese\u00f1a de <em>No se turbe vuestro coraz\u00f3n<\/em>, de Eduardo Belgrano Rawson (Buenos Aires, 2019, Fiordo).<\/strong><\/p>\n<p>La editorial argentina Fiordo reedit\u00f3 la primera novela de Eduardo Belgrano Rawson (el t\u00edtulo recupera el vers\u00edculo de Juan 14,1), escrita en 1974, cuando el escritor puntano trabajaba en La Opini\u00f3n. Gracias a su oficio de periodista consigue sumar el hechizo de los detalles a una historia encarnada por d\u00e9cadas convulsionadas y pol\u00edtica de apellidos.<br \/>\nHasta el amor es violento en tiempos de guerras civiles. Evaristo Pedregosa est\u00e1 enamorado de su prima Isabel y su presencia real o imaginaria lo acompa\u00f1ar\u00e1 en todas las vicisitudes de los tiempos de paz y de combate. Ella se convertir\u00e1 casi por casualidad en la mujer de su primo y adversario pol\u00edtico, Adri\u00e1n Mondrag\u00f3n, quien tendr\u00e1 que esperar la muerte de su t\u00edo \u2013de tanto en tanto gobernador\u2013 para regresar a Pajaritos, un pueblo anillado al hambre, la tierra, el desconcierto y el olvido (como otros sitios aleda\u00f1os: Gastado, Desabrido, Desempe\u00f1o y Oratorio).<br \/>\nLa picard\u00eda de algunos personajes y situaciones aliviana el peso de tanta muerte. Como el cura que entierra una virgencita de terracota en las barrancas de Ni\u00f1o Perdido: \u201cAlg\u00fan d\u00eda la descubrir\u00e1 la lluvia y vendr\u00e1 gente a venerarla. La fe de los buenos cat\u00f3licos debe premiarse con hechos\u201d, dir\u00e1. O las fiestas patrias, cuando llegan la amnist\u00eda y el asado con cuero. \u201cNo hay problemas con la gente; somos suavecitos, tentados a la risa y dispuestos a amanecernos en nuestros dos lugares favoritos, el Club Social y el quilombo de Tadea Armero\u201d. Una novela atrapante a la que siguieron otras como <em>El n\u00e1ufrago de las estrellas<\/em> y <em>Fuegia<\/em> y los libros de cuentos <em>El mundo se derrumba y nosotros nos enamoramos<\/em> y <em>Vamos fusilando mientras llega la orden<\/em>.<\/p>\n","protected":false},"excerpt":{"rendered":"<p>Rese\u00f1a de No se turbe vuestro coraz\u00f3n, de Eduardo Belgrano Rawson (Buenos Aires, 2019, Fiordo). La editorial argentina Fiordo reedit\u00f3 la primera novela de Eduardo&#8230;<\/p>\n","protected":false},"author":8,"featured_media":0,"comment_status":"open","ping_status":"open","sticky":false,"template":"","format":"standard","meta":{"_acf_changed":false,"_jetpack_newsletter_access":"","_jetpack_dont_email_post_to_subs":false,"_jetpack_newsletter_tier_id":0,"_jetpack_memberships_contains_paywalled_content":false,"_jetpack_memberships_contains_paid_content":false,"footnotes":""},"categories":[4],"tags":[2549,1462,31,2548],"class_list":["post-16010","post","type-post","status-publish","format-standard","hentry","category-cultura","tag-belgrano-rawson","tag-cultura","tag-libros","tag-no-se-turbe-vuestro-corazon"],"acf":[],"jetpack_featured_media_url":"","jetpack_sharing_enabled":true,"jetpack_shortlink":"https:\/\/wp.me\/p6FC4i-4ae","_links":{"self":[{"href":"https:\/\/www.revistacriterio.com.ar\/bloginst_new\/index.php?rest_route=\/wp\/v2\/posts\/16010","targetHints":{"allow":["GET"]}}],"collection":[{"href":"https:\/\/www.revistacriterio.com.ar\/bloginst_new\/index.php?rest_route=\/wp\/v2\/posts"}],"about":[{"href":"https:\/\/www.revistacriterio.com.ar\/bloginst_new\/index.php?rest_route=\/wp\/v2\/types\/post"}],"author":[{"embeddable":true,"href":"https:\/\/www.revistacriterio.com.ar\/bloginst_new\/index.php?rest_route=\/wp\/v2\/users\/8"}],"replies":[{"embeddable":true,"href":"https:\/\/www.revistacriterio.com.ar\/bloginst_new\/index.php?rest_route=%2Fwp%2Fv2%2Fcomments&post=16010"}],"version-history":[{"count":2,"href":"https:\/\/www.revistacriterio.com.ar\/bloginst_new\/index.php?rest_route=\/wp\/v2\/posts\/16010\/revisions"}],"predecessor-version":[{"id":16021,"href":"https:\/\/www.revistacriterio.com.ar\/bloginst_new\/index.php?rest_route=\/wp\/v2\/posts\/16010\/revisions\/16021"}],"wp:attachment":[{"href":"https:\/\/www.revistacriterio.com.ar\/bloginst_new\/index.php?rest_route=%2Fwp%2Fv2%2Fmedia&parent=16010"}],"wp:term":[{"taxonomy":"category","embeddable":true,"href":"https:\/\/www.revistacriterio.com.ar\/bloginst_new\/index.php?rest_route=%2Fwp%2Fv2%2Fcategories&post=16010"},{"taxonomy":"post_tag","embeddable":true,"href":"https:\/\/www.revistacriterio.com.ar\/bloginst_new\/index.php?rest_route=%2Fwp%2Fv2%2Ftags&post=16010"}],"curies":[{"name":"wp","href":"https:\/\/api.w.org\/{rel}","templated":true}]}}