{"id":16047,"date":"2020-06-16T18:29:18","date_gmt":"2020-06-16T21:29:18","guid":{"rendered":"http:\/\/www.revistacriterio.com.ar\/bloginst_new\/?p=16047"},"modified":"2020-06-16T18:29:23","modified_gmt":"2020-06-16T21:29:23","slug":"argentina-futura-una-vision-del-pais-o-de-este-gobierno","status":"publish","type":"post","link":"https:\/\/www.revistacriterio.com.ar\/bloginst_new\/?p=16047","title":{"rendered":"Argentina Futura: \u00bfuna visi\u00f3n del pa\u00eds o de este gobierno?"},"content":{"rendered":"<p>En el portal oficial en Internet de la Jefatura de Gobierno puede encontrarse el sitio de Argentina Futura, una iniciativa creada por medio de la Resoluci\u00f3n N\u00ba 10 del 29 de enero de 2020.<br \/>\nSe trata de una \u201cUnidad Ejecutora Especial Temporaria\u201d que deber\u00e1 \u201cdelinear una visi\u00f3n de la Rep\u00fablica Argentina a largo plazo, que promueva di\u00e1logos y debates como insumos de la programaci\u00f3n de las pol\u00edticas p\u00fablicas\u201d y \u201ccoordinar acciones, a solicitud del Jefe de Gabinete de Ministros, frente a situaciones de crisis que puedan afectar la seguridad nacional, con las \u00e1reas con competencia en la materia\u201d.<br \/>\nEn su portal, Argentina Futura se define como \u201cun espacio de pensamiento para estimular un debate colectivo, federal e inclusivo, que integre a la ciudadan\u00eda en la construcci\u00f3n de un horizonte democr\u00e1tico y plural\u201d.<br \/>\nAll\u00ed se propone una amplia gama de acciones que van desde \u201cDi\u00e1logos del Futuro\u201d, con encuentros con distintos referentes de trayectoria, colectivos y organizaciones de la sociedad civil que enriquezcan y discutan los contenidos del Congreso del Futuro; un \u201cMundo abierto\u201d, con conversaciones con pensadores de todo el planeta, una \u201cAsamblea Futura\u201d, camino para construir nuevos horizontes comunes, y una \u201cRed Futura Federal\u201d para amplificar y visibilizar nuevas voces del pa\u00eds.<br \/>\nAquellos prop\u00f3sitos ser\u00edan alcanzados trabajando sobre once amplios ejes que van desde el trabajo y la tecnolog\u00eda a la integraci\u00f3n regional y la inserci\u00f3n en el mundo, pasando por la pobreza, la inclusi\u00f3n, la igualdad de g\u00e9nero, el acceso al agua, el crecimiento econ\u00f3mico, la democracia, el federalismo y el cambio clim\u00e1tico<br \/>\nEn los considerandos de la Resoluci\u00f3n se dice que \u201cque nuestro pa\u00eds, la regi\u00f3n y el mundo atraviesan m\u00faltiples desaf\u00edos y cambios en los patrones productivos, tecnol\u00f3gicos, culturales y demogr\u00e1ficos que influyen en la composici\u00f3n de los mercados, la distribuci\u00f3n del ingreso, los horizontes de sentido y en nuevas demandas sociales\u201d. Agrega que \u201cpara delinear una visi\u00f3n de pa\u00eds a largo plazo y sostener el desarrollo con justicia social, resulta esencial la posibilidad de anticipar tendencias y retos y de incorporar aportes, di\u00e1logos y acuerdos plurales y multisectoriales\u201d.<br \/>\nArgentina Futura tiene por tanto el prop\u00f3sito de \u201cgenerar una plataforma de pensamiento, plural y diversa, con perspectiva federal y local\u201d, previendo la \u201cconvocatoria de destacados referentes que representen diversidad de intereses y orientaciones\u201d. Buscar\u00e1 contribuir a una visi\u00f3n de largo plazo, con plena vigencia de la democracia y los derechos humanos. Aportar\u00e1 tambi\u00e9n \u201ca la construcci\u00f3n de diversos cap\u00edtulos de nuevos acuerdos sociales, nuevos contratos ciudadanos y \u201cnuevos horizontes de sentido\u201d.<br \/>\nLa ambiciosa agenda de trabajo tiene un l\u00edmite temporal: seg\u00fan la Resoluci\u00f3n que la crea, su cometido deber\u00e1 haber sido satisfecho a fin de diciembre del a\u00f1o que viene.<br \/>\nLa direcci\u00f3n de la Unidad ha sido confiada a Alejandro Grimson, Doctor en Antrolpolog\u00eda, a quien se le ha asignado rango y jerarqu\u00eda de subsecretario. En el portal no se consignan los nombres de las personas que integran su equipo de trabajo.<br \/>\n<a href=\"https:\/\/www.revistacriterio.com.ar\/bloginst_new\/wp-content\/uploads\/2020\/06\/el_futuro_despues_del_covid-19-1-web.png\"><img loading=\"lazy\" decoding=\"async\" class=\"wp-image-16048 alignleft\" src=\"https:\/\/www.revistacriterio.com.ar\/bloginst_new\/wp-content\/uploads\/2020\/06\/el_futuro_despues_del_covid-19-1-web.png\" alt=\"\" width=\"223\" height=\"315\" srcset=\"https:\/\/www.revistacriterio.com.ar\/bloginst_new\/wp-content\/uploads\/2020\/06\/el_futuro_despues_del_covid-19-1-web.png 300w, https:\/\/www.revistacriterio.com.ar\/bloginst_new\/wp-content\/uploads\/2020\/06\/el_futuro_despues_del_covid-19-1-web-212x300.png 212w, https:\/\/www.revistacriterio.com.ar\/bloginst_new\/wp-content\/uploads\/2020\/06\/el_futuro_despues_del_covid-19-1-web-100x140.png 100w\" sizes=\"auto, (max-width: 223px) 100vw, 223px\" \/><\/a>Por el momento, lo que ha trascendido del trabajo de Argentina Futura es un libro digital, <em>El futuro despu\u00e9s el Covid 19<\/em>, subido en la red a fines de febrero \u00faltimo. Recoge en 211 p\u00e1ginas los ensayos de 28 autores*, varios de ellos docentes o investigadores, con mayor\u00eda de soci\u00f3logos y tambi\u00e9n polit\u00f3logos, fil\u00f3sofos, periodistas y de otras disciplinas como la Historia, la Semiolog\u00eda, la Psicolog\u00eda y la Antropolog\u00eda.<br \/>\nEl hilo conductor de los ensayos es la pandemia y sus efectos, as\u00ed como la orientaci\u00f3n de los cambios a que puede dar lugar en la sociedad y su cultura, la econom\u00eda y la pol\u00edtica.<br \/>\nEl libro se caracteriza por su cr\u00edtica de la ideolog\u00eda neoliberal a la que se le asigna una parte significativa del atraso argentino, sin que se encuentre una reafirmaci\u00f3n de la vigencia de las instituciones republicanas y las libertades p\u00fablicas que garantiza nuestra Constituci\u00f3n. Adem\u00e1s, omite otras causas concurrentes de nuestro descalabro. Entre ellas la corrupci\u00f3n, la codicia pol\u00edtica y la falta de grandeza que ha caracterizado a una porci\u00f3n importante de \u201clos que mandan\u201d, al decir de Jos\u00e9 Luis de Imaz. Algo que podr\u00eda decirse en particular de los que durante m\u00e1s tiempo han mandado en la pol\u00edtica argentina desde 1945.<br \/>\nRespecto de la situaci\u00f3n que enfrentaremos cuando haya pasado la pandemia, entre los autores del libro las opiniones se dividen. Uno de ellos afirma que \u201ccuando disminuya el sentimiento de riesgo y urgencia actual, es imaginable una reversi\u00f3n al estado pre-pandemia\u201d. Otro considera que \u201casistimos, en realidad, a un colapso de las estructuras que sostuvieron la normalidad\u201d, como sostiene Henry Kissinger, a quien cita.<br \/>\nUn tercero considera que \u201ces muy dif\u00edcil pensar que, a partir de esta pandemia, se vaya a producir necesariamente un colapso del capitalismo\u201d y agrega que \u201dqueda por ver c\u00f3mo los pa\u00edses emergentes, los \u00fanicos a\u00fan capaces de una invenci\u00f3n pol\u00edtica distinta, son capaces de reinventar un justicialismo del siglo XXI\u201d.<br \/>\nEn las \u00faltimas p\u00e1ginas del libro se vuelcan dos di\u00e1logos, de Diego Kling y del equipo de Argentina Futura con Diego Alem\u00e1n, a quien se presenta como \u201cConsejero Cultural de la Embajada Argentina en Espa\u00f1a desde 2004\u201d. Cabe inferir que las citas que siguen son afines con las ideas que animan el proyecto.<br \/>\n\u201cHay l\u00edderes pol\u00edticos que no conciben otra vida que lo que hasta ahora ofreci\u00f3 el Capitalismo, y hay otros que no desean sacrificar a sus pueblos a las exigencias del Capital. Para estos \u00faltimos, y ya que se ha apelado a la met\u00e1fora b\u00e9lica, la que reclama siempre un estado de movilizaci\u00f3n general, no basta con la inevitable cuarentena\u2026 Se impone una nueva relaci\u00f3n entre los movimientos sociales, las organizaciones militantes y las fuerzas armadas y de seguridad coordinadas desde el Estado en un nuevo proyecto de soberan\u00eda popular. No existir\u00e1 control de la pandemia en los lugares donde no se puede cumplir con la cuarentena sin unas fuerzas armadas integradas al gobierno popular. A su vez, es casi seguro que habr\u00e1 un nuevo reordenamiento mundial entre los pa\u00edses que eligen a la comunidad frente a los imperativos del Mercado\u201d.<br \/>\n\u201cAsistimos a la tercera guerra mundial, por cap\u00edtulos. Es del papa Francisco esta expresi\u00f3n, estoy de acuerdo, actualmente ninguna guerra se declara, ninguna guerra tiene ni principio ni final, ninguna guerra tiene armisticio, no hay banderas blancas, no se firman m\u00e1s los tratados de paz, la guerra forma parte del movimiento circular del capitalismo, y como no tiene ni comienzo ni fin, es muy similar a esta pandemia, en el sentido de que no va a tener un final expl\u00edcito\u201d.<br \/>\n\u201cLa pandemia luego, a posteriori, va a ser reutilizada y reimplementada por los grandes bloques de poder para que la paguen los que siempre pagan el pato, y ah\u00ed s\u00ed pienso que evidentemente contin\u00faa esta guerra, esta tercera guerra mundial por partes. Que no es otra guerra que la de los ricos contra los pobres, una guerra de los propietarios contra el mundo de los pobres, pero tambi\u00e9n es una guerra entre propietarios. Y estoy seguro de que va a ser muy dif\u00edcil, y habr\u00e1 que pensar a los que nos interesa un proyecto emancipatorio, c\u00f3mo se hace para que esta vez no sean los pobres los que paguen los costos de esta pandemia\u201d.<br \/>\nDif\u00edcilmente el papa Francisco identificar\u00eda su frase sobre la tercera guerra mundial por cap\u00edtulos, con una \u201cde los ricos contra los pobres \u201c.<br \/>\nFinalmente, entre las colaboraciones se habla de la pandemia como una \u201coportunidad para construir nuevas reglas\u201d; porque \u201cson tiempos en los que se derriban las formas jur\u00eddicas, pol\u00edticas y religiosas, art\u00edsticas o filos\u00f3ficas con que las personas nos explicamos los conflictos\u201d.<br \/>\nLas nuevas reglas surgir\u00edan de \u201cla discusi\u00f3n y definici\u00f3n de una \u00e9tica espec\u00edficamente estatal\u201d. Ser\u00eda una forma de \u00e9tica sectorial o de parte, funcional a un poder que ostentara un libreto proclive a la hegemon\u00eda pol\u00edtica y recursos para imponer un modelo de cambio no necesariamente democr\u00e1tico.<br \/>\nEl relativismo \u00e9tico que se profesa en el discurso presidencial, (\u201cla verdad es relativa\u201d) tanto como sus dicciones y contradicciones, variables seg\u00fan la conveniencia que sugieran los momentos pol\u00edticos, ser\u00eda funcional para las nuevas reglas a que se alude en \u201cArgentina Futura\u201d.<\/p>\n<p>* <em>Los autores del libro, cuyas opiniones \u201cno necesariamente representan la posici\u00f3n de Argentina Futura\u201d, son Alejandro Grimson, Roberto Follari, Paula Canelo, Diego Sztulwark, Vicente Palermo, Horacio Gonz\u00e1lez, Juan Gabriel Tokatlian, Ricardo Forster, Eduardo Fidanza, Atilio Boron, Rita Laura Segato, Juli\u00e1n Reb\u00f3n, Maristella Svampa y Enrique Viale, Helena Carreiras y Andr\u00e9s Malamud , Beatriz Sarlo, Dora Barrancos, Silvio Waisbord, Mar\u00eda Esperanza Casullo, Walter D. Mignolo, Sandra Valdettaro, Cristian Alarc\u00f3n, Mar\u00eda P\u00eda L\u00f3pez, Mar\u00eda Moreno, Diana Maff\u00eda, Andrea Giunta , Gabriela Cabez\u00f3n C\u00e1mara y Jorge Alem\u00e1n.<\/em><\/p>\n","protected":false},"excerpt":{"rendered":"<p>En el portal oficial en Internet de la Jefatura de Gobierno puede encontrarse el sitio de Argentina Futura, una iniciativa creada por medio de la&#8230;<\/p>\n","protected":false},"author":8,"featured_media":0,"comment_status":"open","ping_status":"open","sticky":false,"template":"","format":"standard","meta":{"_acf_changed":false,"_jetpack_newsletter_access":"","_jetpack_dont_email_post_to_subs":false,"_jetpack_newsletter_tier_id":0,"_jetpack_memberships_contains_paywalled_content":false,"_jetpack_memberships_contains_paid_content":false,"footnotes":""},"categories":[959,986],"tags":[2557,2540],"class_list":["post-16047","post","type-post","status-publish","format-standard","hentry","category-criterio-digital","category-politica","tag-grimson","tag-pandemia"],"acf":[],"jetpack_featured_media_url":"","jetpack_sharing_enabled":true,"jetpack_shortlink":"https:\/\/wp.me\/p6FC4i-4aP","_links":{"self":[{"href":"https:\/\/www.revistacriterio.com.ar\/bloginst_new\/index.php?rest_route=\/wp\/v2\/posts\/16047","targetHints":{"allow":["GET"]}}],"collection":[{"href":"https:\/\/www.revistacriterio.com.ar\/bloginst_new\/index.php?rest_route=\/wp\/v2\/posts"}],"about":[{"href":"https:\/\/www.revistacriterio.com.ar\/bloginst_new\/index.php?rest_route=\/wp\/v2\/types\/post"}],"author":[{"embeddable":true,"href":"https:\/\/www.revistacriterio.com.ar\/bloginst_new\/index.php?rest_route=\/wp\/v2\/users\/8"}],"replies":[{"embeddable":true,"href":"https:\/\/www.revistacriterio.com.ar\/bloginst_new\/index.php?rest_route=%2Fwp%2Fv2%2Fcomments&post=16047"}],"version-history":[{"count":1,"href":"https:\/\/www.revistacriterio.com.ar\/bloginst_new\/index.php?rest_route=\/wp\/v2\/posts\/16047\/revisions"}],"predecessor-version":[{"id":16049,"href":"https:\/\/www.revistacriterio.com.ar\/bloginst_new\/index.php?rest_route=\/wp\/v2\/posts\/16047\/revisions\/16049"}],"wp:attachment":[{"href":"https:\/\/www.revistacriterio.com.ar\/bloginst_new\/index.php?rest_route=%2Fwp%2Fv2%2Fmedia&parent=16047"}],"wp:term":[{"taxonomy":"category","embeddable":true,"href":"https:\/\/www.revistacriterio.com.ar\/bloginst_new\/index.php?rest_route=%2Fwp%2Fv2%2Fcategories&post=16047"},{"taxonomy":"post_tag","embeddable":true,"href":"https:\/\/www.revistacriterio.com.ar\/bloginst_new\/index.php?rest_route=%2Fwp%2Fv2%2Ftags&post=16047"}],"curies":[{"name":"wp","href":"https:\/\/api.w.org\/{rel}","templated":true}]}}