{"id":16104,"date":"2020-07-23T09:59:02","date_gmt":"2020-07-23T12:59:02","guid":{"rendered":"http:\/\/www.revistacriterio.com.ar\/bloginst_new\/?p=16104"},"modified":"2020-07-24T10:03:47","modified_gmt":"2020-07-24T13:03:47","slug":"la-cuestion-de-fondo","status":"publish","type":"post","link":"https:\/\/www.revistacriterio.com.ar\/bloginst_new\/?p=16104","title":{"rendered":"La cuesti\u00f3n de fondo"},"content":{"rendered":"<p><em>La sentencia en el crimen de Fernando B\u00e1ez no servir\u00e1 para evitar otros asesinatos similares si no se toma conciencia de que se trata de una \u201ctragedia\u201d social.<\/em><\/p>\n<p>Casi sin lugar a dudas, la noticia del verano pasado fue la tremenda muerte de Fernando B\u00e1ez Sosa en la ciudad balnearia de Villa Gesell a manos de un grupo de j\u00f3venes de su misma edad.<br \/>\nPero trascendiendo su situaci\u00f3n judicial y los alcances sociales que este hecho ha significado en nuestra vida cotidiana, la realidad de fondo, que es la diversi\u00f3n de los j\u00f3venes, no ha sido replanteada de manera profunda. Para aquellos que estamos permanentemente en contacto con ellos, en mi caso como madre y como docente \u2013y que tratamos de comprender cu\u00e1l es el sentido de la violencia en esta diversi\u00f3n, casi siempre nocturna o en la madrugada\u2013, nos remite a los adultos. \u00bfPor qu\u00e9? Porque la manera en que nuestra sociedad ha construido el \u201centretenimiento\u201d, el <em>enjoyment<\/em>, ha sido esta vida nocturna de alcohol y sustancias energizantes (en el mejor de los casos) para mantenerse despiertos y \u201cpasados de rosca\u201d conforme a lo que las circunstancias lo demandan\u2026 As\u00ed pueden continuar hasta altas horas en condiciones f\u00edsicas y ps\u00edquicas dudosamente \u00f3ptimas. Pero \u00bfesto es lo que ellos llaman \u201cdivertirse\u201d o \u201cpasarla bien\u201d cuando no saben en qu\u00e9 puede terminar la aventura nocturna?<br \/>\n\u00bfQui\u00e9n organiza esta forma de diversi\u00f3n? \u00bfQui\u00e9nes los inducen y permiten que funcione de este modo? \u00bfEllos mismos? La ley considera actualmente \u201cmayor\u201d a un joven de 18 a\u00f1os. \u00bfPero es realmente un adulto? \u00bfEst\u00e1 en condiciones de hacerse cargo de su propia vida a esta edad? A poco que miremos a la realidad nos damos cuenta de que la gran mayor\u00eda todav\u00eda no tiene la madurez suficiente para enfrentar y resolver solo las situaciones m\u00e1s triviales.<\/p>\n<p><strong>Un verdadero drama social<\/strong><br \/>\nM\u00e1s all\u00e1 de un asesinato, lo sucedido es tambi\u00e9n una verdadera tragedia para la sociedad: demuestra hasta d\u00f3nde puede llegar la diversi\u00f3n de nuestros j\u00f3venes de todas las clases sociales y de todos los niveles de educaci\u00f3n. Y aunque condenen a los victimarios, el problema de fondo contin\u00faa. No se trata s\u00f3lo de un castigo; lo que hay detr\u00e1s es un grav\u00edsimo problema social: la manera en que nuestros j\u00f3venes conciben la diversi\u00f3n y el entretenimiento. Y eso es responsabilidad de los adultos en cuanto ponemos las condiciones para que eso se lleve a cabo.<br \/>\nSi no tomamos conciencia de esta \u201ctragedia\u201d social no servir\u00e1 la sentencia de la justicia, ser\u00e1 s\u00f3lo un \u201cojo por ojo y diente por diente\u201d que. La venganza no es la verdadera justicia. Deben cambiar definitivamente muchas cosas. Los boliches, el alcohol, las drogas, la violencia, los horarios nocturnos y los descontroles son armas letales en manos de j\u00f3venes que han crecido en una sociedad que les muestra que esa es la manera de pasarlo bien.<br \/>\nDif\u00edcilmente los padres, en soledad, puedan ocuparse de esta transformaci\u00f3n. Es necesario que las autoridades tomen medidas para acompa\u00f1ar este cambio radical que puede mejorar sustancialmente la lucha contra la violencia. No nos limitemos a juzgar y acusar, pidamos y compromet\u00e1monos en una verdadera transformaci\u00f3n social para que este asesinato no se repita.<br \/>\nParece que el municipio de Villa Gesell ha tomado conciencia de esta situaci\u00f3n, como otros lo han hecho. Sigamos en esa direcci\u00f3n.<\/p>\n<p><em>Dulce Mar\u00eda Santiago es Doctora en Filosof\u00eda y profesora en la UCA<\/em><\/p>\n","protected":false},"excerpt":{"rendered":"<p>La sentencia en el crimen de Fernando B\u00e1ez no servir\u00e1 para evitar otros asesinatos similares si no se toma conciencia de que se trata de&#8230;<\/p>\n","protected":false},"author":8,"featured_media":0,"comment_status":"open","ping_status":"open","sticky":false,"template":"","format":"standard","meta":{"_acf_changed":false,"_jetpack_newsletter_access":"","_jetpack_dont_email_post_to_subs":false,"_jetpack_newsletter_tier_id":0,"_jetpack_memberships_contains_paywalled_content":false,"_jetpack_memberships_contains_paid_content":false,"footnotes":""},"categories":[965,5],"tags":[2577,1485,758],"class_list":["post-16104","post","type-post","status-publish","format-standard","hentry","category-opinion-2","category-sociedad","tag-diversion","tag-opinion","tag-sociedad"],"acf":[],"jetpack_featured_media_url":"","jetpack_sharing_enabled":true,"jetpack_shortlink":"https:\/\/wp.me\/p6FC4i-4bK","_links":{"self":[{"href":"https:\/\/www.revistacriterio.com.ar\/bloginst_new\/index.php?rest_route=\/wp\/v2\/posts\/16104","targetHints":{"allow":["GET"]}}],"collection":[{"href":"https:\/\/www.revistacriterio.com.ar\/bloginst_new\/index.php?rest_route=\/wp\/v2\/posts"}],"about":[{"href":"https:\/\/www.revistacriterio.com.ar\/bloginst_new\/index.php?rest_route=\/wp\/v2\/types\/post"}],"author":[{"embeddable":true,"href":"https:\/\/www.revistacriterio.com.ar\/bloginst_new\/index.php?rest_route=\/wp\/v2\/users\/8"}],"replies":[{"embeddable":true,"href":"https:\/\/www.revistacriterio.com.ar\/bloginst_new\/index.php?rest_route=%2Fwp%2Fv2%2Fcomments&post=16104"}],"version-history":[{"count":1,"href":"https:\/\/www.revistacriterio.com.ar\/bloginst_new\/index.php?rest_route=\/wp\/v2\/posts\/16104\/revisions"}],"predecessor-version":[{"id":16106,"href":"https:\/\/www.revistacriterio.com.ar\/bloginst_new\/index.php?rest_route=\/wp\/v2\/posts\/16104\/revisions\/16106"}],"wp:attachment":[{"href":"https:\/\/www.revistacriterio.com.ar\/bloginst_new\/index.php?rest_route=%2Fwp%2Fv2%2Fmedia&parent=16104"}],"wp:term":[{"taxonomy":"category","embeddable":true,"href":"https:\/\/www.revistacriterio.com.ar\/bloginst_new\/index.php?rest_route=%2Fwp%2Fv2%2Fcategories&post=16104"},{"taxonomy":"post_tag","embeddable":true,"href":"https:\/\/www.revistacriterio.com.ar\/bloginst_new\/index.php?rest_route=%2Fwp%2Fv2%2Ftags&post=16104"}],"curies":[{"name":"wp","href":"https:\/\/api.w.org\/{rel}","templated":true}]}}