{"id":16276,"date":"2020-10-28T08:44:03","date_gmt":"2020-10-28T11:44:03","guid":{"rendered":"http:\/\/www.revistacriterio.com.ar\/bloginst_new\/?p=16276"},"modified":"2020-10-28T08:44:04","modified_gmt":"2020-10-28T11:44:04","slug":"conferencia-el-desafio-de-la-productividad-inclusiva-y-el-rol-de-los-intangibles","status":"publish","type":"post","link":"https:\/\/www.revistacriterio.com.ar\/bloginst_new\/?p=16276","title":{"rendered":"Conferencia: \u201cEl desaf\u00edo de la productividad inclusiva y el rol de los intangibles\u201d"},"content":{"rendered":"<p>El Centro de Estudios de Hermen\u00e9utica de la UNSAM invita a participar del pr\u00f3ximo encuentro del Ciclo de Conferencias titulado: \u201cEl desaf\u00edo de la productividad inclusiva y el rol de los intangibles\u201d. La presentaci\u00f3n estar\u00e1 a cargo del ex ministro de Educaci\u00f3n Lic. Juan Jos\u00e9 Llach. Se realizar\u00e1 el mi\u00e9rcoles 28 de octubre a las 15 hs. v\u00eda zoom.<br \/>Ya antes de la pandemia, y ahora con m\u00e1s raz\u00f3n, eran muchos los pa\u00edses necesitados de mayor productividad y m\u00e1s y mejor inclusi\u00f3n. Ambas se necesitan mutuamente porque, sin inclusi\u00f3n, la pol\u00edtica o la sociedad no pueden sostener la productividad y, sin esta, la econom\u00eda no puede financiar la inclusi\u00f3n. Esta necesidad resalta en Am\u00e9rica Latina \u2013la regi\u00f3n con menor crecimiento del ingreso por habitante- y de modo especial en la Argentina \u2013cuyo estancamiento lleva ya una d\u00e9cada. Por cierto, la necesidad de la productividad inclusiva (PI) se ha intensificado con la COVID-19,<\/p>\n<p>El trabajo sintetiza los primeros avances de una investigaci\u00f3n en marcha en el IAEBusiness School y en la Facultad de Ciencias Empresariales de la Universidad Austral. En la primera parte se revisa extensamente la literatura diagn\u00f3stica sobre la productividad y la inclusi\u00f3n. Esta \u00faltima incluye, en esta etapa, los desaf\u00edos de la creaci\u00f3n de empleo formal, la pobreza, la distribuci\u00f3n del ingreso y el acceso a la educaci\u00f3n y la salud de calidad. En la segunda parte se enumeran pol\u00edticas que podr\u00edan contribuir a lograr la hoy esquiva PI. En ambas partes se incluyen o destacan los nuevos desaf\u00edos y las posibles soluciones que podr\u00edan contribuir a superar los efectos de la pandemia. El n\u00facleo de las propuestas se puede sintetizar en un tr\u00edpode que integran la inversi\u00f3n para la creaci\u00f3n de empleo formal, como principales instrumentos para reducir la pobreza y hacer m\u00e1s equitativa la distribuci\u00f3n del ingreso. Una particularidad del trabajo es subrayar el rol de las \u201cvariables blandas\u201d y los intangibles en el logro de la PI.<\/p>\n<p>Juan J. Llach es Licenciado en sociolog\u00eda (UCA) y en econom\u00eda (UBA). Profesor em\u00e9rito del IAE-Universidad Austral, donde dirige el proyecto Productividad Inclusiva. Director de la carrera de Econom\u00eda Empresarial-Universidad Austral. Miembro de las Academias Nacionales de Ciencias Econ\u00f3micas y de Educaci\u00f3n. Fue miembro de la Academia Pontificia de Ciencias Sociales (1994 \u2013 2019) y del Consejo de la misma (2004-2019). Autor de 11 libros y 55 trabajos acad\u00e9micos sobre desarrollo econ\u00f3mico, educaci\u00f3n, historia econ\u00f3mica, pa\u00edses emergentes, trabajo y empleo e impuestos. Fue secretario de Programaci\u00f3n Econ\u00f3mica de la Naci\u00f3n (1991-1996) y Ministro de Educaci\u00f3n de la Naci\u00f3n (1999-2000).<\/p>\n<p><strong>Para inscribirse, escribir a: hermeneutica@unsam.edu.ar<\/strong><\/p><\/p>\n","protected":false},"excerpt":{"rendered":"<p>El Centro de Estudios de Hermen\u00e9utica de la UNSAM invita a participar del pr\u00f3ximo encuentro del Ciclo de Conferencias titulado: \u201cEl desaf\u00edo de la productividad&#8230;<\/p>\n","protected":false},"author":8,"featured_media":0,"comment_status":"open","ping_status":"open","sticky":false,"template":"","format":"standard","meta":{"_acf_changed":false,"_jetpack_newsletter_access":"","_jetpack_dont_email_post_to_subs":false,"_jetpack_newsletter_tier_id":0,"_jetpack_memberships_contains_paywalled_content":false,"_jetpack_memberships_contains_paid_content":false,"footnotes":""},"categories":[959],"tags":[1764,2613,2429,2612],"class_list":["post-16276","post","type-post","status-publish","format-standard","hentry","category-criterio-digital","tag-conferencia","tag-intangibles","tag-llach","tag-productividad"],"acf":[],"jetpack_featured_media_url":"","jetpack_sharing_enabled":true,"jetpack_shortlink":"https:\/\/wp.me\/p6FC4i-4ew","_links":{"self":[{"href":"https:\/\/www.revistacriterio.com.ar\/bloginst_new\/index.php?rest_route=\/wp\/v2\/posts\/16276","targetHints":{"allow":["GET"]}}],"collection":[{"href":"https:\/\/www.revistacriterio.com.ar\/bloginst_new\/index.php?rest_route=\/wp\/v2\/posts"}],"about":[{"href":"https:\/\/www.revistacriterio.com.ar\/bloginst_new\/index.php?rest_route=\/wp\/v2\/types\/post"}],"author":[{"embeddable":true,"href":"https:\/\/www.revistacriterio.com.ar\/bloginst_new\/index.php?rest_route=\/wp\/v2\/users\/8"}],"replies":[{"embeddable":true,"href":"https:\/\/www.revistacriterio.com.ar\/bloginst_new\/index.php?rest_route=%2Fwp%2Fv2%2Fcomments&post=16276"}],"version-history":[{"count":1,"href":"https:\/\/www.revistacriterio.com.ar\/bloginst_new\/index.php?rest_route=\/wp\/v2\/posts\/16276\/revisions"}],"predecessor-version":[{"id":16277,"href":"https:\/\/www.revistacriterio.com.ar\/bloginst_new\/index.php?rest_route=\/wp\/v2\/posts\/16276\/revisions\/16277"}],"wp:attachment":[{"href":"https:\/\/www.revistacriterio.com.ar\/bloginst_new\/index.php?rest_route=%2Fwp%2Fv2%2Fmedia&parent=16276"}],"wp:term":[{"taxonomy":"category","embeddable":true,"href":"https:\/\/www.revistacriterio.com.ar\/bloginst_new\/index.php?rest_route=%2Fwp%2Fv2%2Fcategories&post=16276"},{"taxonomy":"post_tag","embeddable":true,"href":"https:\/\/www.revistacriterio.com.ar\/bloginst_new\/index.php?rest_route=%2Fwp%2Fv2%2Ftags&post=16276"}],"curies":[{"name":"wp","href":"https:\/\/api.w.org\/{rel}","templated":true}]}}