{"id":16710,"date":"2021-04-07T23:11:49","date_gmt":"2021-04-08T02:11:49","guid":{"rendered":"http:\/\/www.revistacriterio.com.ar\/bloginst_new\/?p=16710"},"modified":"2021-04-08T23:16:50","modified_gmt":"2021-04-09T02:16:50","slug":"libro-los-amnesicos","status":"publish","type":"post","link":"https:\/\/www.revistacriterio.com.ar\/bloginst_new\/?p=16710","title":{"rendered":"Libro: Los amn\u00e9sicos"},"content":{"rendered":"<p><em>Rese\u00f1a de \u00abLos amn\u00e9sicos\u00bb, de Geraldine Schwarz (Buenos Aires, 2020, Tusquets)<\/em><\/p>\n<p>Geraldine Schwarz es hija de un alem\u00e1n y una francesa, de profesi\u00f3n periodista. A una cierta edad se interes\u00f3 no s\u00f3lo por indagar sus or\u00edgenes gen\u00e9ticos, sino tambi\u00e9n los estilos de vida de sus antepasados bajo el nazismo.<br \/>\nElla naci\u00f3 muchos a\u00f1os despu\u00e9s de terminada la segunda guerra mundial en la que Alemania y Francia tuvieron tanto que ver. Y se hace preguntas muy oportunas: \u00bfc\u00f3mo hab\u00edan actuado sus abuelos? \u00bfHab\u00edan padecido la dictadura o hab\u00edan sido colaboracionistas? En la b\u00fasqueda de respuestas, la autora hace un extraordinario tr\u00e1nsito de la memoria personal a la colectiva, mostrando la capacidad o incapacidad de los pueblos de reconstruir su pasado.<br \/>\nEs un libro atrapante, de f\u00e1cil lectura para quienes estamos interesados en esta tem\u00e1tica y, a mi entender, original en las distintas interpretaciones de la dif\u00edcil misi\u00f3n de saber \u201chacer memoria\u201d. Le\u00eddo con sentido cr\u00edtico, algunas tesis son discutibles, pero la virtud principal de la obra es \u201chacer pensar\u201d.<br \/>\nCreo que hay algunas ideas subyacentes realmente interesantes. La primera es que los pueblos que no pueden objetivar su memoria dif\u00edcilmente alcancen la posibilidad de desarrollar sistemas de vida m\u00e1s humanos. Otra importante es lo que yo llamar\u00eda \u201cuna ecuaci\u00f3n b\u00e1sica\u201d: a menor carga ideol\u00f3gica, mayor posibilidad de una memoria colectiva basada en la verdad.<br \/>\nLa autora extiende su an\u00e1lisis a casi todos los pa\u00edses europeos y muestra que a medida que las democracias se fortalecieron, las memorias se enriquecieron y objetivaron. En cambio las dictaduras, o como dec\u00edamos antes, las sociedades con mayor carga ideol\u00f3gica, dif\u00edcilmente pueden concretar memorias valederas y caen con facilidad en relatos hist\u00f3ricos.<br \/>\nComo la autora excluye de su an\u00e1lisis a Espa\u00f1a, el libro cuenta con un ep\u00edlogo de Jos\u00e9 \u00c1lvarez Junco, quien adem\u00e1s de aportar su cr\u00edtica positiva sobre toda la obra, analiza la problem\u00e1tica espa\u00f1ola.<br \/>\nPor supuesto que el lector encontrar\u00e1 algunas visiones discutibles. Pero quiz\u00e1s el mayor logro pueda ser facilitar nuestra propia memoria del pasado que vivimos. En mi caso concreto, de mi Iglesia y mi pa\u00eds. Y me ha ayudado a repensar la posible subjetividad de mis respuestas.<br \/>\nEn s\u00edntesis, un libro muy logrado sobre una tem\u00e1tica pocas veces abordada con tanta intensidad.<\/p>\n","protected":false},"excerpt":{"rendered":"<p>Rese\u00f1a de \u00abLos amn\u00e9sicos\u00bb, de Geraldine Schwarz (Buenos Aires, 2020, Tusquets) Geraldine Schwarz es hija de un alem\u00e1n y una francesa, de profesi\u00f3n periodista. A&#8230;<\/p>\n","protected":false},"author":8,"featured_media":0,"comment_status":"open","ping_status":"open","sticky":false,"template":"","format":"standard","meta":{"_acf_changed":false,"_jetpack_newsletter_access":"","_jetpack_dont_email_post_to_subs":false,"_jetpack_newsletter_tier_id":0,"_jetpack_memberships_contains_paywalled_content":false,"_jetpack_memberships_contains_paid_content":false,"footnotes":""},"categories":[4],"tags":[31,2767],"class_list":["post-16710","post","type-post","status-publish","format-standard","hentry","category-cultura","tag-libros","tag-schwartz"],"acf":[],"jetpack_featured_media_url":"","jetpack_sharing_enabled":true,"jetpack_shortlink":"https:\/\/wp.me\/p6FC4i-4lw","_links":{"self":[{"href":"https:\/\/www.revistacriterio.com.ar\/bloginst_new\/index.php?rest_route=\/wp\/v2\/posts\/16710","targetHints":{"allow":["GET"]}}],"collection":[{"href":"https:\/\/www.revistacriterio.com.ar\/bloginst_new\/index.php?rest_route=\/wp\/v2\/posts"}],"about":[{"href":"https:\/\/www.revistacriterio.com.ar\/bloginst_new\/index.php?rest_route=\/wp\/v2\/types\/post"}],"author":[{"embeddable":true,"href":"https:\/\/www.revistacriterio.com.ar\/bloginst_new\/index.php?rest_route=\/wp\/v2\/users\/8"}],"replies":[{"embeddable":true,"href":"https:\/\/www.revistacriterio.com.ar\/bloginst_new\/index.php?rest_route=%2Fwp%2Fv2%2Fcomments&post=16710"}],"version-history":[{"count":1,"href":"https:\/\/www.revistacriterio.com.ar\/bloginst_new\/index.php?rest_route=\/wp\/v2\/posts\/16710\/revisions"}],"predecessor-version":[{"id":16712,"href":"https:\/\/www.revistacriterio.com.ar\/bloginst_new\/index.php?rest_route=\/wp\/v2\/posts\/16710\/revisions\/16712"}],"wp:attachment":[{"href":"https:\/\/www.revistacriterio.com.ar\/bloginst_new\/index.php?rest_route=%2Fwp%2Fv2%2Fmedia&parent=16710"}],"wp:term":[{"taxonomy":"category","embeddable":true,"href":"https:\/\/www.revistacriterio.com.ar\/bloginst_new\/index.php?rest_route=%2Fwp%2Fv2%2Fcategories&post=16710"},{"taxonomy":"post_tag","embeddable":true,"href":"https:\/\/www.revistacriterio.com.ar\/bloginst_new\/index.php?rest_route=%2Fwp%2Fv2%2Ftags&post=16710"}],"curies":[{"name":"wp","href":"https:\/\/api.w.org\/{rel}","templated":true}]}}