{"id":16955,"date":"2021-08-02T11:28:59","date_gmt":"2021-08-02T14:28:59","guid":{"rendered":"https:\/\/www.revistacriterio.com.ar\/bloginst_new\/?p=16955"},"modified":"2021-08-02T11:29:02","modified_gmt":"2021-08-02T14:29:02","slug":"quienes-somos-en-el-orden-internacional","status":"publish","type":"post","link":"https:\/\/www.revistacriterio.com.ar\/bloginst_new\/?p=16955","title":{"rendered":"\u00bfQui\u00e9nes somos en el orden internacional?"},"content":{"rendered":"<p>El curioso e incierto experimento de la pol\u00edtica argentina, donde el Poder Ejecutivo decisor reside en la Vicepresidente, ha invadido tambi\u00e9n el \u00e1rea de las relaciones exteriores. De alguna manera, lo ilustran recientes infelices expresiones presidenciales (con las cuales fastidiamos con absurda suficiencia y marcado sesgo ignorante y racista) referidas a pa\u00edses como M\u00e9xico y Brasil, adem\u00e1s de disgustar a Espa\u00f1a. Tambi\u00e9n torpezas cometidas con Per\u00fa y desafortunadas votaciones en organismos internacionales sobre aspectos internacionales, inclusive en decisiones en torno de las vacunas.<\/p>\n<p>Por citar algunos ejemplos, llam\u00f3 la atenci\u00f3n el voto de la delegaci\u00f3n argentina en una comisi\u00f3n de las Naciones Unidas en la que se debat\u00eda y votaba una investigaci\u00f3n sobre los ataques de Hamas a Israel desde Gaza, la represalia israel\u00ed y el desigual n\u00famero de las v\u00edctimas provocadas entre ambos actores. Otro tanto ocurri\u00f3 con el reciente voto argentino de apoyo a Daniel Ortega, el dictador nicarag\u00fcense, en la OEA. M\u00e1s all\u00e1 de la relativa trascendencia y eficacia de este organismo regional, se trata del valor simb\u00f3lico del abandono de la orientaci\u00f3n prodemocr\u00e1tica que inspir\u00f3 la pol\u00edtica exterior argentina desde 1983.<\/p>\n<p>Quiz\u00e1s es tiempo de admitir que existe una pol\u00edtica exterior definida, y de marcada consistencia, a partir de los votos obtenidos por el gobierno en las \u00faltimas elecciones y que le permiten sostener una entidad ideol\u00f3gica propia. Las se\u00f1ales de nuestra pol\u00edtica exterior muestran hoy un Gobierno con afinidades anti republicanas y hacia reg\u00edmenes autoritarios. Con todo, el nombre y la orientaci\u00f3n pol\u00edtica de los pa\u00edses junto a los cuales la delegaci\u00f3n argentina emite sus votos no parecer\u00edan ser la cuesti\u00f3n de fondo; porque en pol\u00edtica exterior lo importante no es con qui\u00e9n se relaciona uno, sino qui\u00e9n es y qui\u00e9n quiere ser. Una pregunta sin respuesta que hace tiempo nos debemos los argentinos a nosotros mismos y a quienes nos lo preguntan.<\/p>\n<p>La pol\u00edtica internacional es un entramado de negociaciones entre poderes relativos con plena conciencia sobre lo que son sus intereses muy concretos. All\u00ed prevalecen los que tienen sus casas en orden, m\u00e1s all\u00e1 del peso demogr\u00e1fico, geogr\u00e1fico y econ\u00f3mico, y las dificultades que enfrentan y deben resolver. La Santa Sede, por ejemplo, si bien se trata de un Estado at\u00edpico y original, que no tiene ninguna de las potencialidades citadas, aspira a relacionarse con todos, m\u00e1s all\u00e1 de los reg\u00edmenes que los gobiernen. No tiene dudas sobre su identidad. Tampoco la tienen los pa\u00edses que, aun con altibajos, logran mantener largos per\u00edodos de coherencia en sus pol\u00edticas exteriores. En nuestra regi\u00f3n son ejemplos de ello Brasil, Chile y Uruguay, sin ir m\u00e1s lejos.<\/p>\n<p>Es evidente que la pol\u00edtica exterior argentina no puede ser abstra\u00edda del angustioso empobrecimiento y el estancamiento de nuestro aparato productivo. Tampoco puede ser desvinculada de &nbsp;la incapacidad de responder adecuadamente a los desaf\u00edos originados por la pandemia, que muestran el sesgo de pol\u00edtica exterior que pareciera haber orientado la elecci\u00f3n de las vacunas. En efecto, el <em>affaire <\/em>de las vacunas pone de manifiesto que no se trata simplemente de una falla estructural de nuestra convivencia ciudadana, que reparte la culpa equitativamente entre todos. El gobierno monopoliz\u00f3 la gesti\u00f3n de las vacunas y es el responsable principal del fracaso en el plan de inoculaci\u00f3n a nivel nacional; impuso criterios proselitistas y venales, que no se pueden imputar de igual manera al conjunto de la sociedad. Al mismo tiempo ha puesto en evidencia las fallas estructurales de nuestra convivencia ciudadana y de nuestra pol\u00edtica exterior.<\/p>\n<p>Ya en 2014, en un editorial titulado \u201cLa necesidad de una pol\u00edtica exterior\u201d, Criterio sosten\u00eda que las grandes l\u00edneas al respecto deber\u00edan ser el resultado de un consenso entre las principales corrientes pol\u00edticas del pa\u00eds. En este sentido, no es posible soslayar la importancia y la necesidad de preservar y fortalecer el Mercosur. M\u00e1s all\u00e1 de las dificultades objetivas que derivan de los marcados cambios y diferencias que existen en las respectivas orientaciones pol\u00edticas de sus socios, sigue siendo un marco necesario para el desarrollo de los pa\u00edses miembros en democracia y armon\u00eda.<\/p>\n<p>No es este el lugar ni el momento para contabilizar detalladamente los distintos grados de responsabilidad que cabe imputar a quienes tienen y han tenido el poder a lo largo de los a\u00f1os que nos preceden. Podr\u00eda debatirse si lo que se ha dado en llamar \u201cla grieta\u201d invade tambi\u00e9n el campo de la pol\u00edtica exterior. En todo caso, ser\u00eda aconsejable que el di\u00e1logo hacia dentro y hacia afuera de cada agrupaci\u00f3n pol\u00edtica reemplazara la puja entre intereses y ambiciones personales, disfrazados de enfoques ideologizados, por un di\u00e1logo racional que incluyera el lugar que la Argentina desea y puede ocupar en el escenario internacional. Todo ello lamentablemente hoy parecer\u00eda ausente.<\/p>\n<p>Los argentinos todav\u00eda no hemos acordado c\u00f3mo queremos ser, tampoco en el orden internacional. Hasta que, siguiendo los valores que consagra nuestra Constituci\u00f3n, no consensuemos qu\u00e9 sociedad, qu\u00e9 pol\u00edtica y qu\u00e9 econom\u00eda elegimos para nosotros mismos, &nbsp;el sufrimiento de muchos no conocer\u00e1 horizontes esperanzados y nuestra relaci\u00f3n con el mundo seguir\u00e1 siendo impredecible.<\/p>\n","protected":false},"excerpt":{"rendered":"<p>El curioso e incierto experimento de la pol\u00edtica argentina, donde el Poder Ejecutivo decisor reside en la Vicepresidente, ha invadido tambi\u00e9n el \u00e1rea de las&#8230;<\/p>\n","protected":false},"author":8,"featured_media":0,"comment_status":"open","ping_status":"open","sticky":false,"template":"","format":"standard","meta":{"_acf_changed":false,"_jetpack_newsletter_access":"","_jetpack_dont_email_post_to_subs":false,"_jetpack_newsletter_tier_id":0,"_jetpack_memberships_contains_paywalled_content":false,"_jetpack_memberships_contains_paid_content":false,"footnotes":""},"categories":[7,6],"tags":[673,1123,643,645],"class_list":["post-16955","post","type-post","status-publish","format-standard","hentry","category-editoriales","category-nota-tapa","tag-cancilleria","tag-editorial","tag-internacional","tag-relaciones-exteriores"],"acf":[],"jetpack_featured_media_url":"","jetpack_sharing_enabled":true,"jetpack_shortlink":"https:\/\/wp.me\/p6FC4i-4pt","_links":{"self":[{"href":"https:\/\/www.revistacriterio.com.ar\/bloginst_new\/index.php?rest_route=\/wp\/v2\/posts\/16955","targetHints":{"allow":["GET"]}}],"collection":[{"href":"https:\/\/www.revistacriterio.com.ar\/bloginst_new\/index.php?rest_route=\/wp\/v2\/posts"}],"about":[{"href":"https:\/\/www.revistacriterio.com.ar\/bloginst_new\/index.php?rest_route=\/wp\/v2\/types\/post"}],"author":[{"embeddable":true,"href":"https:\/\/www.revistacriterio.com.ar\/bloginst_new\/index.php?rest_route=\/wp\/v2\/users\/8"}],"replies":[{"embeddable":true,"href":"https:\/\/www.revistacriterio.com.ar\/bloginst_new\/index.php?rest_route=%2Fwp%2Fv2%2Fcomments&post=16955"}],"version-history":[{"count":1,"href":"https:\/\/www.revistacriterio.com.ar\/bloginst_new\/index.php?rest_route=\/wp\/v2\/posts\/16955\/revisions"}],"predecessor-version":[{"id":16957,"href":"https:\/\/www.revistacriterio.com.ar\/bloginst_new\/index.php?rest_route=\/wp\/v2\/posts\/16955\/revisions\/16957"}],"wp:attachment":[{"href":"https:\/\/www.revistacriterio.com.ar\/bloginst_new\/index.php?rest_route=%2Fwp%2Fv2%2Fmedia&parent=16955"}],"wp:term":[{"taxonomy":"category","embeddable":true,"href":"https:\/\/www.revistacriterio.com.ar\/bloginst_new\/index.php?rest_route=%2Fwp%2Fv2%2Fcategories&post=16955"},{"taxonomy":"post_tag","embeddable":true,"href":"https:\/\/www.revistacriterio.com.ar\/bloginst_new\/index.php?rest_route=%2Fwp%2Fv2%2Ftags&post=16955"}],"curies":[{"name":"wp","href":"https:\/\/api.w.org\/{rel}","templated":true}]}}