{"id":17152,"date":"2022-01-31T10:07:59","date_gmt":"2022-01-31T13:07:59","guid":{"rendered":"https:\/\/www.revistacriterio.com.ar\/bloginst_new\/?p=17152"},"modified":"2022-01-31T10:08:04","modified_gmt":"2022-01-31T13:08:04","slug":"testimonios-sobre-el-intelectual-cubano-gustavo-andujar-1947-2021","status":"publish","type":"post","link":"https:\/\/www.revistacriterio.com.ar\/bloginst_new\/?p=17152","title":{"rendered":"Testimonios sobre el intelectual cubano Gustavo And\u00fajar (1947-2021)"},"content":{"rendered":"<p><strong>Un hombre de la comunicaci\u00f3n audiovisual<\/strong><\/p>\n<p>Nos dej\u00f3 Gustavo And\u00fajar, por a\u00f1os presidente internacional de Signis (ex OCIC), la Asociaci\u00f3n Cat\u00f3lica Mundial para la Comunicaci\u00f3n, un cubano cat\u00f3lico por entero. La pandemia de COVID-19 ha sido la causa para que fuera al encuentro del Padre en su Casa.<\/p>\n<p>En momentos en que Cuba vive un momento tan cr\u00edtico, cabe recordar al buen amigo que comparti\u00f3 la generosa y pertinente nota de Signis Cuba en relaci\u00f3n con los eventos en esta isla. Su insistencia constante en que la soluci\u00f3n de los conflictos no puede provenir del enfrentamiento sino del acuerdo y la comprensi\u00f3n, fue su honda convicci\u00f3n. Esta certeza marc\u00f3 toda su vida dedicada a la comunicaci\u00f3n tanto a trav\u00e9s de la palabra como la imagen, para \u00e9l casi sin\u00f3nimos. El cine y los medios audiovisuales no eran m\u00e1s que un instrumento que supo cultivar en toda su labor, en Signis, en Espacio Laical o como director del Centro F\u00e9lix Varela. Verdadero \u201cpont\u00edfice\u201d, constructor de puentes, supo siempre estar al servicio de los dem\u00e1s y de la Iglesia. Con im\u00e1genes y palabras ha marcado la presencia de los cat\u00f3licos inclusive en iniciativas oficiales, en un pa\u00eds donde s\u00f3lo \u00e9stas est\u00e1n permitidas. Tal ha sido el caso del Festival de La Habana, celebrado todos los a\u00f1os, donde Signis (Ocic) otorga el premio de la Iglesia en funci\u00f3n de los valores \u00e9ticos que la producci\u00f3n presente. Y el Gobierno cubano, en este sentido, le fue grato a la Iglesia porque en el momento en que muchos negaban apoyo al Festival, Signis (Ocic) nunca dej\u00f3 de estar presente, cumpliendo su papel de destacar en el cine de valores a\u00fan en un contexto tan adverso.<\/p>\n<p>Compartimos im\u00e1genes de Youtube donde se puede apreciar el valor y calibre de este periodista cubano que, a pesar de las ocasiones que se le presentaron en sus muchos viajes, nunca quiso abandonar su querida patria, a la que dedic\u00f3 su vida.<\/p>\n<p>El video se puede buscar en youtube como \u201cGustavo And\u00fajar, historia de vida\u201d o ver desde el link:&nbsp; www.youtube.com\/watch?v=cRQY9uQRnvo<\/p>\n<p><em>Ekke Bingemer (R\u00edo de Janeiro) fue coordinador de los programas de Porticus para Am\u00e9rica Latina<\/em><\/p>\n<\/p>\n<p><strong>Un laico cubano de amplio perfil&nbsp;&nbsp;&nbsp;&nbsp;&nbsp;&nbsp;&nbsp; &nbsp;&nbsp;&nbsp;&nbsp;&nbsp;&nbsp;&nbsp;&nbsp;&nbsp;&nbsp;&nbsp;&nbsp;&nbsp;&nbsp;&nbsp;&nbsp;&nbsp;&nbsp;&nbsp;&nbsp;&nbsp;&nbsp;&nbsp;<\/strong><\/p>\n<p>Gustavo fue uno de esos laicos que decidi\u00f3 permanecer en su pa\u00eds para servir a su Iglesia y a su pueblo. Al conocer que ten\u00eda COVID-19 y que su estado de salud no era bueno, exclam\u00e9: \u201c\u00a1Caray, un hombre que ech\u00f3 pie en tierra desechando ofertas tentadoras en sus viajes al extranjero, mira lo que le pasa!&nbsp;<\/p>\n<p>Lo conoc\u00ed cuando cursaba el ingreso al Bachillerato en el colegio de los Maristas (1959); tengo su foto en la Memoria de ese a\u00f1o. A principios de los sesenta imparti\u00f3 clases en vivo por televisi\u00f3n.<\/p>\n<p>Graduado de la licenciatura en Bioqu\u00edmica trabaj\u00f3 en el Ministerio de Industria Alimentaria (MINAL), en los c\u00e1rnicos en el Wajay (barrio de la ciudad de La Habana), donde se distingui\u00f3 por sus aportes en la elaboraci\u00f3n de la famosa hamburguesa. Tuve durante un tiempo un reportaje que le hicieron en aquellos a\u00f1os y se public\u00f3 en el peri\u00f3dico <em>Trabajadores<\/em>.<\/p>\n<p>Vinculado a su Capilla del Loreto, en la barriada de Buena Vista, particip\u00f3 en la vida lit\u00fargica y pastoral de la comunidad junto a su esposa Chelita y su hija Patricia. Estuvo vinculado a la Vicar\u00eda Playa-Marianao con multioficios, es decir, haciendo lo que hiciera falta, como era costumbre en esos tiempos. Un dato importante fue su formaci\u00f3n en religi\u00f3n y en cuestiones eclesiales, adem\u00e1s de su cultura general. Particip\u00f3, por ejemplo, de los estudios en la Escuela de la Fe impartida para laicos en el antiguo seminario de la Avenida del Puerto y en el Instituto Teol\u00f3gico a Distancia.<\/p>\n<p>La Reflexi\u00f3n Eclesial Cubana (REC), la comunidad, la vicar\u00eda y hasta la asamblea diocesana reconoci\u00f3 su trabajo en el equipo que redact\u00f3 el documento de trabajo del Encuentro Nacional Eclesial Cubano (ENEC), en febrero de 1986, del que particip\u00f3 como delegado. Semanas antes nos encontramos para precisar algunas ideas a exponer en el evento. Ya en estos a\u00f1os se hab\u00eda vinculado a la OCIC y en el post ENEC particip\u00f3 en la formaci\u00f3n de las Organizaciones Laicales Cat\u00f3licas (OLAC).&nbsp;<\/p>\n<p>Mantuvo la relaci\u00f3n con el Consejo Diocesano de Laicos, el Movimiento de Trabajadores Cristianos (MTC) y el apoyo a actividades nacionales de los laicos. En noviembre de 1997 fue uno de los invitados a recibir al subsecretario del Pontificio Consejo para los Laicos, el profesor Guzm\u00e1n Carriquiry.<\/p>\n<p>La visita del papa Juan Pablo II fue la ocasi\u00f3n para que el cardenal Jaime Ortega le encargara la direcci\u00f3n de la Oficina de Preparaci\u00f3n del viaje del Santo Padre, un trabajo complejo al cual tuvo que dedicarse por completo.<\/p>\n<p><em>Lourdes Morales, jefa de la Sala Cubana en La Habana<\/em><\/p>\n<p><strong>Amor y servicio por la Iglesia y la sociedad<\/strong><\/p>\n<p>Presidente de OCIC-Cuba desde 1994, de SIGNIS-Cuba, y presidente mundial de SIGNIS desde 2014 hasta 2017, cabe destacar la buena relaci\u00f3n de trabajo de Gustavo And\u00fajar con una gran mujer, apasionada del apostolado cinematogr\u00e1fico, como fue Gina Preval.<\/p>\n<p>Tambi\u00e9n fue muy relevante su papel como jurado en varias ocasiones del Festival Internacional del Nuevo Cine Latinoamericano de La Habana, tanto en tiempo de OCIC como posteriormente de SIGNIS. En varias ocasiones lo convocaron como jurado SIGNIS de distintos festivales internacionales de cine como los de Venecia,&nbsp;&nbsp; Washington, Miami, Santo Domingo, Zimbabue, San Sebasti\u00e1n y Mar del Plata.<\/p>\n<p>Cre\u00f3 y dirigi\u00f3 la revista <em>Ecos<\/em>, cuyo lema era \u201cuna mirada cristiana al mundo del audiovisual\u201d, desde 1998 hasta su partida. Tambi\u00e9n fue director de la revista <em>Espacio laical<\/em> y del Centro Cultural Padre F\u00e9lix Varela. Una actividad quiz\u00e1s menos conocida fue su participaci\u00f3n en Cine-Clubs presentando nuevas pel\u00edculas, acompa\u00f1adas de sus precisos y claros comentarios.<\/p>\n<p>Cre\u00f3, junto a la Fundaci\u00f3n del Nuevo Cine Latinoamericano, el Taller \u201cTalento para el Futuro\u201d, que se realiza anualmente desde 2003, algunos d\u00edas previos a la Muestra de J\u00f3venes Talentos organizada por el Instituto&nbsp;<em>Cubano<\/em>&nbsp;del Arte e Industria Cinematogr\u00e1ficos (ICAIC). Para los comunicadores cat\u00f3licos del s\u00e9ptimo arte tambi\u00e9n impuls\u00f3 el Concurso Caracol de la Uni\u00f3n de Escritores y Artistas de Cuba (UNEAC), con un jurado cat\u00f3lico, al igual que en la Muestra de J\u00f3venes Realizadores, esta \u00faltima desde 2004.<\/p>\n<p>En el programa \u201cTri\u00e1ngulo de la Confianza\u201d del canal Habana particip\u00f3 en el debate sobre la fe, en el cual se destac\u00f3 por la precisi\u00f3n y claridad de sus explicaciones.<\/p>\n<p>Result\u00f3 honrado por el papa Benedicto XVI con la Cruz <em>Pro Ecclesia et Pont\u00edfice<\/em> y tambi\u00e9n por el papa Francisco, que lo nombr\u00f3 <em>Caballero de la Orden de San Silvestre<\/em> en 2017.<\/p>\n<p>Dar a conocer la vida y obra de Gustavo And\u00fajar es un deber de los laicos que hemos compartido el rico servicio que prest\u00f3 durante tantos a\u00f1os. Si tuviera que caracterizar su personalidad dir\u00eda que fue esposo-padre-abuelo dedicado, afable, con una sonrisa a flor de labios hasta cuando un tema le era adverso; trabajador silencioso, no se hac\u00eda notar pero s\u00ed su obra; era estudioso, siempre estaba actualiz\u00e1ndose; martiano (por Jos\u00e9 Mart\u00ed) y vareliano (por F\u00e9lix Varela) convencido, amigo y camarada.<\/p>\n<p>Supo conjugar su amor y servicio a la Iglesia con su amor y servicio a la sociedad como especialista en alimentos y como promotor de la cultura cinematogr\u00e1fica y de los medios de comunicaci\u00f3n.<\/p>\n<p>Gustavo para unos, And\u00fajar para otros, a los longevos nos recuerda etapas pasadas del quehacer eclesial y social. Es importante que las nuevas generaciones lo reconozcan como un laico que asumi\u00f3 el arraigo patrio como compromiso serio y profundo durante toda su vida.<\/p>\n<p><em>Jorge Villa, periodista cubano y cr\u00edtico cinematogr\u00e1fico&nbsp;&nbsp;&nbsp;&nbsp;&nbsp;&nbsp;&nbsp;&nbsp;&nbsp;&nbsp;&nbsp;&nbsp;&nbsp;&nbsp;&nbsp;&nbsp;&nbsp;&nbsp;&nbsp;&nbsp;<\/em><\/p>\n","protected":false},"excerpt":{"rendered":"<p>Un hombre de la comunicaci\u00f3n audiovisual Nos dej\u00f3 Gustavo And\u00fajar, por a\u00f1os presidente internacional de Signis (ex OCIC), la Asociaci\u00f3n Cat\u00f3lica Mundial para la Comunicaci\u00f3n,&#8230;<\/p>\n","protected":false},"author":8,"featured_media":0,"comment_status":"open","ping_status":"open","sticky":false,"template":"","format":"standard","meta":{"_acf_changed":false,"_jetpack_newsletter_access":"","_jetpack_dont_email_post_to_subs":false,"_jetpack_newsletter_tier_id":0,"_jetpack_memberships_contains_paywalled_content":false,"_jetpack_memberships_contains_paid_content":false,"footnotes":""},"categories":[8],"tags":[1203,14],"class_list":["post-17152","post","type-post","status-publish","format-standard","hentry","category-iglesia","tag-andujar","tag-iglesia"],"acf":[],"jetpack_featured_media_url":"","jetpack_sharing_enabled":true,"jetpack_shortlink":"https:\/\/wp.me\/p6FC4i-4sE","_links":{"self":[{"href":"https:\/\/www.revistacriterio.com.ar\/bloginst_new\/index.php?rest_route=\/wp\/v2\/posts\/17152","targetHints":{"allow":["GET"]}}],"collection":[{"href":"https:\/\/www.revistacriterio.com.ar\/bloginst_new\/index.php?rest_route=\/wp\/v2\/posts"}],"about":[{"href":"https:\/\/www.revistacriterio.com.ar\/bloginst_new\/index.php?rest_route=\/wp\/v2\/types\/post"}],"author":[{"embeddable":true,"href":"https:\/\/www.revistacriterio.com.ar\/bloginst_new\/index.php?rest_route=\/wp\/v2\/users\/8"}],"replies":[{"embeddable":true,"href":"https:\/\/www.revistacriterio.com.ar\/bloginst_new\/index.php?rest_route=%2Fwp%2Fv2%2Fcomments&post=17152"}],"version-history":[{"count":1,"href":"https:\/\/www.revistacriterio.com.ar\/bloginst_new\/index.php?rest_route=\/wp\/v2\/posts\/17152\/revisions"}],"predecessor-version":[{"id":17154,"href":"https:\/\/www.revistacriterio.com.ar\/bloginst_new\/index.php?rest_route=\/wp\/v2\/posts\/17152\/revisions\/17154"}],"wp:attachment":[{"href":"https:\/\/www.revistacriterio.com.ar\/bloginst_new\/index.php?rest_route=%2Fwp%2Fv2%2Fmedia&parent=17152"}],"wp:term":[{"taxonomy":"category","embeddable":true,"href":"https:\/\/www.revistacriterio.com.ar\/bloginst_new\/index.php?rest_route=%2Fwp%2Fv2%2Fcategories&post=17152"},{"taxonomy":"post_tag","embeddable":true,"href":"https:\/\/www.revistacriterio.com.ar\/bloginst_new\/index.php?rest_route=%2Fwp%2Fv2%2Ftags&post=17152"}],"curies":[{"name":"wp","href":"https:\/\/api.w.org\/{rel}","templated":true}]}}