{"id":17269,"date":"2022-02-01T08:31:38","date_gmt":"2022-02-01T11:31:38","guid":{"rendered":"https:\/\/www.revistacriterio.com.ar\/bloginst_new\/?p=17269"},"modified":"2022-02-01T08:31:46","modified_gmt":"2022-02-01T11:31:46","slug":"un-resplandor-al-amparo-de-la-noche","status":"publish","type":"post","link":"https:\/\/www.revistacriterio.com.ar\/bloginst_new\/?p=17269","title":{"rendered":"Un resplandor al amparo de la Noche"},"content":{"rendered":"<p>La Navidad, con su Ni\u00f1o en el centro, es la tenue luz del hogar, el pabilo que mantiene y resguarda el sentido.<\/p>\n<p>El artista pl\u00e1stico argentino Guillermo Vidal (prol\u00edfico dramaturgo, adem\u00e1s) presenta en su pintura digital esa luz, refugi\u00e1ndola en figuras no tan antiguas de la patria.<\/p>\n<p>Pero esa luz s\u00f3lo se hace presente en la oscuridad, en la oscuridad santa de una vida atesorada.<\/p>\n<p>\u00bfAcaso el dolor padecido por tanta gente (por todos, de una u otra manera) durante estos dos a\u00f1os ha venido de la oscuridad? \u00bfNo ha sido m\u00e1s bien una luz estridente e imp\u00fadica, llena de voces triviales, de mentiras danzantes, de fiestas de poderes alegres y rapaces, la que ha provocado la ofensa y causado la enfermedad y el abandono? Ha hecho visible. Y vulgar.<\/p>\n<p><em>La luz dej\u00f3 de ser morada de los dioses y signo divino \u2013 se ocultaron con el velo de la Noche. La Noche se convirti\u00f3 en el seno fecundo de las revelaciones \u2013 a \u00e9l regresaron los dioses \u2013 y se durmieron para renacer con nuevas formas en un mundo diferente. En el pueblo, maduro antes de tiempo, orgullosamente ajeno a la sagrada inocencia de la juventud, apareci\u00f3 el nuevo mundo con un rostro nunca visto \u2013 en las carpas po\u00e9ticas de la indigencia \u2013 el Unig\u00e9nito de la primera Virgen y Madre \u2013 fruto infinito de un abrazo misterioso<\/em>.<a href=\"#_ftn1\">[1]<\/a><\/p>\n<p><em>Deja que te anegue la oscuridad \/ porque ser\u00e1 la oscuridad de Dios<\/em>.<a href=\"#_ftn2\">[2]<\/a><\/p>\n<p><em>Una nube luminosa los cubri\u00f3 con su sombra<\/em> (Mt. 17, 5). Es la santidad de Dios que, al manifestarse, pone en evidencia la no santidad del mundo pero a la vez lo santifica. Es una luz que revela lo no luminoso, pero que lo esclarece y enciende. Luz peque\u00f1a de la Encarnaci\u00f3n que se har\u00e1 luz pascual, radiante sobre todo en la tiniebla. Luz misteriosa en s\u00ed misma. Luz de la que nadie puede dar cuenta y que reposa en su fulgor indeducible. <em>Luz inaccesible<\/em> (1 Tim. 6, 16).<\/p>\n<p>Albor del Nacimiento. Noche del amparo.<\/p>\n<hr class=\"wp-block-separator\"\/>\n<p><a href=\"#_ftnref1\">[1]<\/a> \u201cHimnos a la Noche\u201d. Novalis. Interzona Editora. Buenos Aires, 2017. Compilaci\u00f3n y traducci\u00f3n de Pablo Gianera. P\u00e1ginas 27-28.<\/p>\n<p><a href=\"#_ftnref2\">[2]<\/a> \u201cCuatro cuartetos\u201d T. S. Eliot. Ediciones C\u00e1tedra. Madrid, 1995. P\u00e1gina 109.<\/p>\n","protected":false},"excerpt":{"rendered":"<p>La Navidad, con su Ni\u00f1o en el centro, es la tenue luz del hogar, el pabilo que mantiene y resguarda el sentido. El artista pl\u00e1stico&#8230;<\/p>\n","protected":false},"author":8,"featured_media":0,"comment_status":"open","ping_status":"open","sticky":false,"template":"","format":"standard","meta":{"_acf_changed":false,"_jetpack_newsletter_access":"","_jetpack_dont_email_post_to_subs":false,"_jetpack_newsletter_tier_id":0,"_jetpack_memberships_contains_paywalled_content":false,"_jetpack_memberships_contains_paid_content":false,"footnotes":""},"categories":[8],"tags":[14,116,2993],"class_list":["post-17269","post","type-post","status-publish","format-standard","hentry","category-iglesia","tag-iglesia","tag-navidad","tag-novalis"],"acf":[],"jetpack_featured_media_url":"","jetpack_sharing_enabled":true,"jetpack_shortlink":"https:\/\/wp.me\/p6FC4i-4ux","_links":{"self":[{"href":"https:\/\/www.revistacriterio.com.ar\/bloginst_new\/index.php?rest_route=\/wp\/v2\/posts\/17269","targetHints":{"allow":["GET"]}}],"collection":[{"href":"https:\/\/www.revistacriterio.com.ar\/bloginst_new\/index.php?rest_route=\/wp\/v2\/posts"}],"about":[{"href":"https:\/\/www.revistacriterio.com.ar\/bloginst_new\/index.php?rest_route=\/wp\/v2\/types\/post"}],"author":[{"embeddable":true,"href":"https:\/\/www.revistacriterio.com.ar\/bloginst_new\/index.php?rest_route=\/wp\/v2\/users\/8"}],"replies":[{"embeddable":true,"href":"https:\/\/www.revistacriterio.com.ar\/bloginst_new\/index.php?rest_route=%2Fwp%2Fv2%2Fcomments&post=17269"}],"version-history":[{"count":1,"href":"https:\/\/www.revistacriterio.com.ar\/bloginst_new\/index.php?rest_route=\/wp\/v2\/posts\/17269\/revisions"}],"predecessor-version":[{"id":17271,"href":"https:\/\/www.revistacriterio.com.ar\/bloginst_new\/index.php?rest_route=\/wp\/v2\/posts\/17269\/revisions\/17271"}],"wp:attachment":[{"href":"https:\/\/www.revistacriterio.com.ar\/bloginst_new\/index.php?rest_route=%2Fwp%2Fv2%2Fmedia&parent=17269"}],"wp:term":[{"taxonomy":"category","embeddable":true,"href":"https:\/\/www.revistacriterio.com.ar\/bloginst_new\/index.php?rest_route=%2Fwp%2Fv2%2Fcategories&post=17269"},{"taxonomy":"post_tag","embeddable":true,"href":"https:\/\/www.revistacriterio.com.ar\/bloginst_new\/index.php?rest_route=%2Fwp%2Fv2%2Ftags&post=17269"}],"curies":[{"name":"wp","href":"https:\/\/api.w.org\/{rel}","templated":true}]}}