{"id":17596,"date":"2022-08-19T22:29:00","date_gmt":"2022-08-20T01:29:00","guid":{"rendered":"https:\/\/www.revistacriterio.com.ar\/bloginst_new\/?p=17596"},"modified":"2022-09-19T22:33:42","modified_gmt":"2022-09-20T01:33:42","slug":"la-crisis-global","status":"publish","type":"post","link":"https:\/\/www.revistacriterio.com.ar\/bloginst_new\/?p=17596","title":{"rendered":"La crisis global"},"content":{"rendered":"<p>Existen restos de <em>Homo sapiens<\/em>&nbsp;reconocibles en el registro f\u00f3sil de Kibish Omo, Etiop\u00eda, hace unos 200.000 a\u00f1os; seg\u00fan \u00e9stos, todos los seres humanos descender\u00edamos de un peque\u00f1o grupo de africanos que vivi\u00f3 hace 140.000 a\u00f1os.<\/p>\n<p>Desde <em>hace m\u00e1s de 100.000 a\u00f1os ya enterr\u00e1bamos a nuestros muertos con obras de arte que denotan jerarqu\u00edas, y <\/em>empezamos a salir de \u00c1frica hace 70.000 o 60.000 a\u00f1os.<\/p>\n<p>Nos expandimos r\u00e1pidamente a lo largo de la costa de India, alcanzamos el sudeste asi\u00e1tico y Australia hace 50.000 a\u00f1os. Entre tanto, otro grupo sali\u00f3 hacia Medio Oriente y el sur de Asia Central. De la zona entre el Mar Caspio y el Mar Negro, algunos salieron para colonizar las latitudes del norte de Asia, y otros \u2013entre los cuales estaban mis ancestros\u2013 a la costa del Mar B\u00e1ltico en Europa, y de all\u00ed, como Suevos llegaron a Galicia.<\/p>\n<p>Antes de eso, hace unos 20.000 a\u00f1os, cazadores asi\u00e1ticos penetraron el norte de Asia Oriental durante la \u00faltima glaciaci\u00f3n \u2013cuando el crecimiento de los hielos baj\u00f3 los niveles del mar en m\u00e1s de 100 metros\u2013, y por un puente que conect\u00f3 Asia y Am\u00e9rica hace unos 15.000 a\u00f1os llegaron al Sur de Am\u00e9rica. Entre 1.000 y 3.000 a\u00f1os despu\u00e9s hab\u00edan hecho todo el camino hasta la Tierra del Fuego.<\/p>\n<p><strong>Civilizaci\u00f3n en Civilizaciones<a href=\"#_edn1\" id=\"_ednref1\"><strong>[1]<\/strong><\/a><\/strong><\/p>\n<p>Hace 10.000 a\u00f1os nos hicimos agricultores. Si tomamos la dataci\u00f3n de la m\u00e1s antigua Jeric\u00f3, hace 8.000 a\u00f1os fundamos Ciudades; en ellas fuimos ciudadanos y en nosotros civilizaciones.<\/p>\n<p>Esas Ciudades-Civilizaciones surgieron primero a orillas del r\u00edo Indo, y en la medialuna f\u00e9rtil comprendida entre el valle del Nilo y el Tigris, para desarrollarse luego a orillas del r\u00edo Amarillo en China \u2013mientras los restantes grupos humanos permanec\u00edan en la edad de piedra\u2013, y mucho despu\u00e9s, en el Centro de Am\u00e9rica.<\/p>\n<p>El hombre, en su larga marcha interior y de mundializaci\u00f3n, fue fundando miles de peque\u00f1as civilizaciones, algunas de las cuales todav\u00eda est\u00e1n en las sombras de la historia, sin lenguaje escrito o sin que \u00e9ste haya podido ser traducido.<\/p>\n<p>Siguiendo Toynbee, las civilizaciones son una totalidad que <em>engloban sin ser englobadas por otras<\/em>, son espacios, sociedades, econom\u00edas y mentalidades compartidas. Corporeizan una <em>cosmovisi\u00f3n<\/em> (en este sentido metaf\u00f3rico, es su <em>alma<\/em>). En diferentes tiempos y geograf\u00edas, una misma <em>cosmovisi\u00f3n<\/em> puede dar lugar a distintas <em>civilizaciones<\/em> (por ejemplo: cristiano-latino, cristiano-bizantina, cristiano-et\u00edope), y una misma <em>civilizaci\u00f3n<\/em> puede dar lugar a distintos <em>ethos <\/em>(sistemas de conducta) y, con ellos, a distintas <em>culturas<\/em>.<\/p>\n<p><strong>Globalizaci\u00f3n en Mundializaci\u00f3n<\/strong><\/p>\n<p>El auge de los imperios, los sorprendentes viajes oce\u00e1nicos de los polinesios y el extraordinario aumento de la migraci\u00f3n global en los \u00faltimos 500 a\u00f1os dejaron huellas dispersas en el ADN; cuando mi abuelo gallego, mi abuela castellana, mi abuelo calabr\u00e9s y mi bisabuela eslovena llegaron al Sur de Am\u00e9rica, otros parientes siguieron al Norte de Am\u00e9rica. As\u00ed, la historia del ser humano y de cada hombre (var\u00f3n y mujer) es, desde el principio, la historia de la mundializaci\u00f3n de la humanidad, del deseo profundo de resolver la pregunta del sentido de sus vidas en la totalidad del espacio disponible.<\/p>\n<p>El proceso de mundializaci\u00f3n acompa\u00f1a la existencia humana. La arqueolog\u00eda encuentra piedras o herramientas de unas geograf\u00edas en otras y hay rastros del intercambio gen\u00e9tico en unos y otros espacios (incluso extra especie con individuos Nerdenthal). Ese lento y constante proceso se vio afectado por la expansi\u00f3n euroamericana a toda tierra conocida desde el siglo XVI.<\/p>\n<p>Desde 1945, luego de la segunda gran guerra civil europea, se produjo una progresiva aceleraci\u00f3n de este proceso de mundializaci\u00f3n. En vez de arrasar las culturas regionales, nacionales o de otro tipo \u2013como hizo la expansi\u00f3n victoriana, mal llamada primera globalizaci\u00f3n\u2013, gener\u00f3 un mundo de confusi\u00f3n y heterogeneidad de culturas, incluso de fusiones culturales. Llamamos \u201cglobalizaci\u00f3n\u201d a ese proceso de aceleraci\u00f3n; pudiendo distinguir diferentes etapas en las que van surgiendo los distintos impulsores de su desarrollo. De modo que, en el comienzo de una nueva etapa, el nuevo impulsor no suple, sino que se yuxtapone y potencia al surgido en la etapa anterior.<\/p>\n<p>En el per\u00edodo entre las dos grandes guerras europeas, se limit\u00f3 la organizaci\u00f3n del estado-naci\u00f3n westfaliano, lo cual evolucion\u00f3 en un nuevo tipo de alianzas durante la guerra, luego en la creaci\u00f3n de un sistema internacional, seguido del impulso a la creaci\u00f3n de unidades pol\u00edticas supranacionales \u2013supervisoras del cumplimiento de normas rectoras de comportamiento econ\u00f3mico-pol\u00edtico en el \u00e1mbito transnacional bajo el imperio de un conjunto m\u00ednimo de valores comunes\u2013, y en el surgimiento de pactos que de derecho (Corte Penal Internacional) o de hecho (Tratado Ant\u00e1rtico).<\/p>\n<p>En la d\u00e9cada de los sesenta, la transmisi\u00f3n universal e instant\u00e1nea de la informaci\u00f3n fue un nuevo impulsor: desarroll\u00f3 un mercado global de la informaci\u00f3n, se\u00f1alado desde el bloque sovi\u00e9tico por la asimetr\u00eda en la comunicaci\u00f3n \u2013en la ONU, Muchas voces en un mundo \u00fanico\u2013, y por el Departamento de Estado norteamericano como <em>tecnolog\u00edas de la libertad<\/em>.<\/p>\n<p>En la d\u00e9cada de los setenta se organizaron grandes empresas en estructuras de redes comerciales mundiales, a las que se se\u00f1alaba por ignorar cada vez m\u00e1s las fronteras nacionales.<a href=\"#_edn2\" id=\"_ednref2\"><sup>[2]<\/sup><\/a> El proceso continu\u00f3 y de la diversificaci\u00f3n de mercados se pas\u00f3 a la diversificaci\u00f3n de centros de producci\u00f3n, en raz\u00f3n de los costos relativos del trabajo, los recursos naturales disponibles y la facilidad del acceso a los mercados, realizando econom\u00edas de escala, abanico de productos y planeamiento financiero en operaciones globales.<\/p>\n<p>Paralelamente, en esos a\u00f1os se comenzaron a quebrar los paradigmas del desarrollo econ\u00f3mico industrialistas y se tom\u00f3 conciencia de que ciertos problemas fundamentales de nuestro tiempo son esencialmente transnacionales: la urbanizaci\u00f3n (desde el 2007 hay m\u00e1s habitantes urbanos que rurales en el mundo), la protecci\u00f3n del medio ambiente, el tr\u00e1fico de drogas y de armas y el riesgo de marginaci\u00f3n de pa\u00edses, incluso de regiones enteras. Desde entonces, el mayor problema no es explicar por qu\u00e9 algunos pa\u00edses se desarrollan, sino por qu\u00e9 algunos otros no lo hacen.<\/p>\n<p>En las d\u00e9cadas de los ochenta y noventa se avanz\u00f3 en la reducci\u00f3n de los controles de cambio, el libre e instant\u00e1neo flujo de capitales, la interconexi\u00f3n de las operaciones burs\u00e1tiles y la expansi\u00f3n de los para\u00edsos fiscales. Las mafias de la venta de armas as\u00ed como el tr\u00e1fico de drogas y de personas adquirieron car\u00e1cter global, al igual que la corrupci\u00f3n de los pol\u00edticos.<\/p>\n<p>Con los cuatro anteriores impulsores en expansi\u00f3n, la naturaleza global del mundo digital erosiona cada vez m\u00e1s los antiguos l\u00edmites nacionales, impactando en su funcionamiento y generando desequilibrios sociales de gran alcance.<\/p>\n<p>Estamos en una historia \u00fanica y pluricultural, donde la desaparici\u00f3n de las barreras geogr\u00e1ficas para los capitales y los productos \u2013pero no para las personas\u2013 provoca la reorganizaci\u00f3n del conocimiento y de la riqueza. Los ciudadanos quedan prisioneros de pa\u00edses cuyos gobiernos no hacen los cambios fundamentales para el desarrollo en las nuevas realidades, y observan imp\u00e1vidos c\u00f3mo sus ciudadanos son expulsados de la sociedad.<\/p>\n<p><strong>La reanudaci\u00f3n de la historia<\/strong><\/p>\n<p>Francis Fukuyama afirm\u00f3 que, con el triunfo de la Organizaci\u00f3n del Atl\u00e1ntico Norte sobre el bloque sovi\u00e9tico, la historia hab\u00eda terminado. Un solo sistema, la democracia capitalista, se expender\u00eda por el mundo. Se trat\u00f3 de una afirmaci\u00f3n muy propia de la b\u00fasqueda Moderna de una nueva fecha para un comienzo radical. Atento a que la lucha ideol\u00f3gica hab\u00eda caracterizado la \u00faltima etapa de la Modernidad, supuso que la guerra fr\u00eda era la historia.<\/p>\n<p>Ralf Dahrendorf<a href=\"#_edn3\" id=\"_ednref3\">[3]<\/a>, conjetur\u00f3 exactamente lo contrario: que el fin de la guerra fr\u00eda hab\u00eda permitido la reanudaci\u00f3n de la historia. La guerra fr\u00eda, al dividir el mundo en dos bandos ideol\u00f3gicos, reprimi\u00f3 los conflictos reales por medio de una segunda realidad \u2013visi\u00f3n sobrepuesta a la realidad real\u2013, de modo que congel\u00f3 la historia, impidiendo que los m\u00faltiples volcanes de las fuerzas profundas de la pol\u00edtica \u2013no ideol\u00f3gicos\u2013 entraran en erupci\u00f3n.<\/p>\n<p>Todo, absolutamente todo, se posterg\u00f3 hasta despu\u00e9s de la gran batalla. Ese todo volvi\u00f3 con la fuerza incrementada de la espera, en el tumultuoso retorno de las fuerzas profundas, luego que estallan la Uni\u00f3n Sovi\u00e9tica y Yugoslavia, la guerra de los Balcanes, la partici\u00f3n de Checoslovaquia, las tensiones en los estados bi-culturales como B\u00e9lgica y Canad\u00e1, la lucha de armenios y azer\u00edes, la independencia fallidamente de Catalu\u00f1a.<\/p>\n<p>Los que chocan en nombre de la naci\u00f3n, apelan a una comunidad de pa\u00eds, \u00e9tnica local o ling\u00fc\u00edstica, cultural y religiosa. Se ve en los grupos violentos que pretenden representar a pueblos originarios de Am\u00e9rica Latina, y los que se llaman pueblos originarios de Europa, que se arman contra los latinoamericanos y los sirios, acrecentando las tensiones anti inmigratorias.<\/p>\n<p>La necesidad humana de arraigo comenz\u00f3 a expresarse por razones distintas de la Modernidad. En la Modernidad eran la <em>naci\u00f3n<\/em>, la <em>patria<\/em>, y en un tercer lugar el <em>pa\u00eds<\/em> como parte de la naci\u00f3n (si Argentina entra en guerra, Corrientes la va a ayudar). En la Actualidad, el <em>pa\u00eds<\/em> (paisaje de cercan\u00eda y su gente), la <em>lengua<\/em> y la <em>religi\u00f3n<\/em> (no s\u00f3lo los isl\u00e1micos en Europa, sino tambi\u00e9n los latinos en los ocho estados del sur de los Estados Unidos)<a href=\"#_edn4\" id=\"_ednref4\">[4]<\/a>.<\/p>\n<p>En la marcha del proceso de la globalizaci\u00f3n pueden discernirse tres subprocesos concomitantes:<\/p>\n<ul class=\"wp-block-list\">\n<li>la necesidad del re-conocimiento de las identidades pr\u00f3ximas, a veces locales y a veces de las restantes civilizaciones en proceso de reinvenci\u00f3n de su identidad, en los barrios transversales de la Aldea Global, no s\u00f3lo en sus territorios originarios;<\/li>\n<li>la fuerte presencia (contaminaci\u00f3n) de la civilizaci\u00f3n euroamericana en las restantes civilizaciones (antes que el Big Mac y la Coca-Cola, el marxismo \u2013idea posvictoriana europea\u2013 fue el veh\u00edculo de Modernizaci\u00f3n de Rusia, China y Vietnam); y<\/li>\n<li>la crisis euroamericana de las creencias (no delimitada a su espacio, sino en la Aldea Global) por la crisis de la Modernidad y el autodesarraigo europeo.<\/li>\n<\/ul>\n<p><strong>Los otros<\/strong><\/p>\n<p>La guerra fr\u00eda no congel\u00f3 solamente las presiones nacionalistas que lat\u00edan en Europa. Tambi\u00e9n congel\u00f3 la idea capitalista. Cuando una idea se convierte en bandera en medio de la guerra, nadie la cuestiona, siquiera la analiza. Simplemente se lucha por ella. Es solamente cuando la victoria crea una sensaci\u00f3n de alivio y de seguridad cuando el debate recomienza<a href=\"#_edn5\" id=\"_ednref5\"><sup>[5]<\/sup><\/a>.<\/p>\n<p>Los factores de producci\u00f3n cl\u00e1sicos (tierra, <strong>capital<\/strong> y trabajo) se han transformado hoy en saber\/conocimiento, <strong>capital<\/strong> y consumo. Para esta econom\u00eda, por canales de nueva naturaleza, imprevistos por las leyes, la mayor parte de los Estados no se encuentran preparados.<\/p>\n<p>Algunas empresas han adquirido un poder que supera el de la mayor\u00eda de los Estados nacionales y se han gestado organizaciones transnacionales del tercer sector (sin fines de lucro) que escapan a cualquier control democr\u00e1tico, m\u00e1s que algunas empresas.<\/p>\n<p>El desarrollo mismo del concepto de tercer sector, excluyendo al Estado y a las empresas de la sociedad civil, y las razones por las cuales el poder de las empresas es temido y el de las ONG ignorado, constituyen un tema pol\u00edtico de primer orden. Las ONG globales no est\u00e1n sometidas a control democr\u00e1tico, algunas son controladas financieramente por empresas y otras son propietarias de empresas globales; muchas manejan presupuestos superiores a los Estados peque\u00f1os. Finalmente est\u00e1n las que intervienen desde el sello de comisiones o programas de organismos multilaterales, buscando dar aspecto de legitimidad global a sus causas, promoviendo posicionamientos, e incluso pol\u00edticas estatales, sobre temas que no son resultado del consenso de la Asamblea General de las Naciones Unidas.<\/p>\n<p>Siempre ser\u00e1 m\u00e1s f\u00e1cil demonizar a las empresas internacionales que a los gobiernos o a las ONG, porque s\u00f3lo las primeras est\u00e1n obligadas a escuchar, y cuanto m\u00e1s grandes son, mayores son las auditor\u00edas permanentes que se ejercen a trav\u00e9s del valor de sus acciones en el mercado global. Sus directivos rinden cuentas trimestralmente ante los accionistas o quienes los representan. Su periodicidad de mandatos puede ser interrumpida por una acci\u00f3n directa del Consejo o una Asamblea Extraordinaria. En los gobiernos, en cambio, es m\u00e1s f\u00e1cil escudarse en los mecanismos constitucionales para no escuchar, crear una crisis diplom\u00e1tica \u2013o incluso una guerra\u2013 para mover emocionalmente a la opini\u00f3n con la excusa del residuo modernista del inter\u00e9s nacional.<\/p>\n<p><strong>Conclusiones<\/strong><\/p>\n<p>En el mundo globalizado hay actores de naturaleza heterog\u00e9nea: Estados (may\u00fasculos), organismos multilaterales, organismos de origen multilateral con autonom\u00eda, medios de comunicaci\u00f3n sociales transnacionales, empresas transnacionales, ONGs transnacionales, mafias de la droga, el tr\u00e1fico de armas y personas, otros Estados (min\u00fasculos) paisajes y ciudades.<\/p>\n<p>Los actores tienen un poder no homog\u00e9neo, no hay una autoridad superior que los controle, y existe un debilitamiento de la responsabilidad personal (accionistas diluidos, operadores autom\u00e1ticos, propiedades no tradicionales, y expulsados invisibles, con <em>barrios transversales<\/em>, un resurgimiento de los v\u00ednculos locales y la <em>reinvenci\u00f3n<\/em> de las identidades culturales.<\/p>\n<p>La civilizaci\u00f3n Actual es as\u00ed una pregunta abierta para el hombre. Un mundo cuyos desaf\u00edos hacen de \u00e9l una nueva oportunidad para las s\u00edntesis civilizatorias creacionistas.<\/p>\n<p>Porque el <em>Reino de Dios<\/em> mantiene su vitalidad en todo tiempo, desde siempre y para siempre.<\/p>\n<\/p>\n<p><em>Roberto Est\u00e9vez es Profesor titular ordinario de Filosof\u00eda pol\u00edtica (FCS-UCA) y presidente Asociaci\u00f3n Civil Santo Domingo de Guzm\u00e1n, de Tandil<\/em><\/p>\n<hr class=\"wp-block-separator has-alpha-channel-opacity\"\/>\n<p><a href=\"#_ednref1\" id=\"_edn1\">[1]<\/a> La palabra <em>civilizaci\u00f3n<\/em> (en singular) proviene de la designaci\u00f3n romana de la <em>ciudad<\/em> y del <em>ciudadano<\/em>. Los pensadores franceses del siglo XVIII reelaboraron el concepto como opuesto a <em>barbarie<\/em>, y de ellos llegar\u00e1 a las nacientes republicas americanas del siglo XIX. Por su parte, <em>B\u00e1rbaros<\/em> viene de la denominaci\u00f3n griega a los extranjeros que <em>balbuceaban<\/em> porque no hablaban su lengua, y de all\u00ed lleg\u00f3 a Roma para designar a los pueblos de las <em>marcas<\/em>, cuyo hablar les sonaba como <em>bar, bar, bar<\/em>. La palabra <em>civilizaciones<\/em> (en plural) se usa desde la ciencia de la historia de fines del siglo XVII y comienzos del siglo XIX. Fernand Braudel, en su libro&nbsp;<em>Las Civilizaciones Actuales. Estudio de historia econ\u00f3mica y social<\/em> (1966), realiza una distinci\u00f3n de civilizaciones que perviven: el Islam y el mundo musulm\u00e1n, el continente negro, extremo oriente, y las civilizaciones europeas. En estas \u00faltimas distingue las del propio continente europeo, las del mundo americano, y las que llama la otra Europa, que formar\u00edan <em>Moscovia<\/em> -Estado predecesor del Zarato Ruso y el Imperio Ruso-, <em>Rusia y la URSS<\/em>.<\/p>\n<p><a href=\"#_ednref2\" id=\"_edn2\"><sup>[2]<\/sup><\/a>Una nueva cultura impact\u00f3 sobre las llamadas culturas nacionales y (siguiendo una analog\u00eda con la f\u00edsica) \u00abse difract\u00f3\u00bb en sus elementos componentes, siendo el tecnol\u00f3gico el m\u00e1s trivial <em>y<\/em> por ello el de m\u00e1s f\u00e1cil penetraci\u00f3n, la siguieron las modas, que constituyen verdaderos modos de ser y generan modos de sentir y valorar.<\/p>\n<p><a href=\"#_ednref3\" id=\"_edn3\">[3]<\/a> <em>Reflexiones sobre la revoluci\u00f3n en Europa. Carta pensada para un caballero de Varsovia<\/em> (1991), que evoca el t\u00edtulo del libro del tradicionalista Edmund Burke <em>Reflexiones sobre la revoluci\u00f3n en Francia. Carta enviada a un caballero de Par\u00eds,<\/em> publicado en 1790.<\/p>\n<p><a href=\"#_ednref4\" id=\"_edn4\">[4]<\/a> \u201cEl final del imperio sovi\u00e9tico y de la guerra fr\u00eda promovi\u00f3 la proliferaci\u00f3n y rejuvenecimiento de lenguas que hab\u00edan sido suprimidas u olvidadas. La mayor\u00eda de las antiguas rep\u00fablicas sovi\u00e9ticas han realizado grandes esfuerzos para reavivar sus lenguas tradicionales. El estonio, letonio, lituano, ucraniano, georgiano y armenio son ahora las lenguas nacionales de Estados independientes. Entre las rep\u00fablicas musulmanas ha tenido lugar una afirmaci\u00f3n ling\u00fc\u00edstica parecida, y Azerbaiy\u00e1n, Kirguizist\u00e1n, Turkmenist\u00e1n y Uzbekist\u00e1n han pasado de la escritura cir\u00edlica de sus antiguos se\u00f1ores rusos a la escritura occidental de sus parientes turcos, mientras que Tadzjikist\u00e1n, donde se habla persa, ha adoptado la escritura \u00e1rabe. Los serbios, por otra parte, ahora llaman a su lengua \u00abserbio\u00bb, en lugar de \u00abserbocroata\u00bb, y han pasado de la escritura occidental de sus enemigos cat\u00f3licos a la escritura cir\u00edlica de sus parientes rusos. De forma paralela, los croatas llaman ahora a su lengua \u00abcroata\u00bb, y est\u00e1n intentando purgarla de palabras turcas y de otros barbarismos, mientras que esos mismos \u00abpr\u00e9stamos turcos y \u00e1rabes, sedimento ling\u00fc\u00edstico dejado por los 450 a\u00f1os de presencia del imperio otomano en los Balcanes, han vuelto a ponerse de moda\u00bb en Bosnia. El lenguaje se reorganiza y reconstruye de acuerdo con las identidades y contornos de las civilizaciones\u201d (Huntington Sanuel P, <em>El choque de las civilizaciones<\/em>, Paidos, 1997, p.74)<\/p>\n<p><a href=\"#_ednref5\" id=\"_edn5\"><sup>[5]<\/sup><\/a> Creo que podemos descubrir ya con cierto grado de probabilidad qu\u00e9 nuevas preguntas surgir\u00e1n y d\u00f3nde residir\u00e1n los nuevos grandes problemas; en muchas \u00e1reas podemos tambi\u00e9n describir lo que no funcionar\u00e1. Las \u00abrespuestas\u201d a la mayor\u00eda de las preguntas siguen estando escondidas en gran parte en el seno del futuro; lo \u00fanico de lo que podemos estar seguros es de que el mundo que surja del presente reordenamiento de valores, creencias, estructuras sociales y econ\u00f3micas, sistemas e ideas pol\u00edticas, ser\u00e1 diferente de cualquier cosa que nadie imagina hoy. No obstante, en algunas \u00e1reas -especialmente en la sociedad y su estructura- ya se han producido cambios esenciales; es pr\u00e1cticamente seguro que la nueva sociedad ser\u00e1 a la vez no-socialista y poscapitalista, y es tambi\u00e9n seguro que su recurso primario ser\u00e1 el saber. Esto significa tambi\u00e9n que tendr\u00e1 que ser una sociedad de organizaciones. No es menos seguro, adem\u00e1s, que en pol\u00edtica ya hemos pasado de los cuatrocientos a\u00f1os del Estado-naci\u00f3n soberano a un pluralismo en el cual aqu\u00e9l ser\u00e1 una parte en lugar de la \u00fanica unidad de integraci\u00f3n pol\u00edtica; ser\u00e1 uno de los componentes, aunque todav\u00eda un componente clave en lo que yo llamo \u00aborganizaci\u00f3n pol\u00edtica poscapitalista\u00bb, un sistema en el que competir\u00e1n y coexistir\u00e1n las estructuras trasnacionales y regionales del Estado-naci\u00f3n, adem\u00e1s de las locales e inclusive tribales (Peter Dr\u00fccker, <em>La sociedad poscapitalista<\/em> (1992), Ed. Sudamericana, Bs. As., 1999, p. 12)<\/p>\n","protected":false},"excerpt":{"rendered":"<p>Existen restos de Homo sapiens&nbsp;reconocibles en el registro f\u00f3sil de Kibish Omo, Etiop\u00eda, hace unos 200.000 a\u00f1os; seg\u00fan \u00e9stos, todos los seres humanos descender\u00edamos de&#8230;<\/p>\n","protected":false},"author":8,"featured_media":0,"comment_status":"open","ping_status":"open","sticky":false,"template":"","format":"standard","meta":{"_acf_changed":false,"_jetpack_newsletter_access":"","_jetpack_dont_email_post_to_subs":false,"_jetpack_newsletter_tier_id":0,"_jetpack_memberships_contains_paywalled_content":false,"_jetpack_memberships_contains_paid_content":false,"footnotes":""},"categories":[1456],"tags":[1865,3095,75,120,355,585,187,3096],"class_list":["post-17596","post","type-post","status-publish","format-standard","hentry","category-filosofia","tag-capital","tag-civilizacion","tag-crisis","tag-democracia","tag-filosofia","tag-globalizacion","tag-libertad","tag-mundializacion"],"acf":[],"jetpack_featured_media_url":"","jetpack_sharing_enabled":true,"jetpack_shortlink":"https:\/\/wp.me\/p6FC4i-4zO","_links":{"self":[{"href":"https:\/\/www.revistacriterio.com.ar\/bloginst_new\/index.php?rest_route=\/wp\/v2\/posts\/17596","targetHints":{"allow":["GET"]}}],"collection":[{"href":"https:\/\/www.revistacriterio.com.ar\/bloginst_new\/index.php?rest_route=\/wp\/v2\/posts"}],"about":[{"href":"https:\/\/www.revistacriterio.com.ar\/bloginst_new\/index.php?rest_route=\/wp\/v2\/types\/post"}],"author":[{"embeddable":true,"href":"https:\/\/www.revistacriterio.com.ar\/bloginst_new\/index.php?rest_route=\/wp\/v2\/users\/8"}],"replies":[{"embeddable":true,"href":"https:\/\/www.revistacriterio.com.ar\/bloginst_new\/index.php?rest_route=%2Fwp%2Fv2%2Fcomments&post=17596"}],"version-history":[{"count":1,"href":"https:\/\/www.revistacriterio.com.ar\/bloginst_new\/index.php?rest_route=\/wp\/v2\/posts\/17596\/revisions"}],"predecessor-version":[{"id":17598,"href":"https:\/\/www.revistacriterio.com.ar\/bloginst_new\/index.php?rest_route=\/wp\/v2\/posts\/17596\/revisions\/17598"}],"wp:attachment":[{"href":"https:\/\/www.revistacriterio.com.ar\/bloginst_new\/index.php?rest_route=%2Fwp%2Fv2%2Fmedia&parent=17596"}],"wp:term":[{"taxonomy":"category","embeddable":true,"href":"https:\/\/www.revistacriterio.com.ar\/bloginst_new\/index.php?rest_route=%2Fwp%2Fv2%2Fcategories&post=17596"},{"taxonomy":"post_tag","embeddable":true,"href":"https:\/\/www.revistacriterio.com.ar\/bloginst_new\/index.php?rest_route=%2Fwp%2Fv2%2Ftags&post=17596"}],"curies":[{"name":"wp","href":"https:\/\/api.w.org\/{rel}","templated":true}]}}