{"id":17717,"date":"2023-10-23T23:00:01","date_gmt":"2023-10-24T02:00:01","guid":{"rendered":"https:\/\/www.revistacriterio.com.ar\/bloginst_new\/?p=17717"},"modified":"2023-10-23T23:00:02","modified_gmt":"2023-10-24T02:00:02","slug":"noticias-del-sinodo","status":"publish","type":"post","link":"https:\/\/www.revistacriterio.com.ar\/bloginst_new\/?p=17717","title":{"rendered":"Noticias del S\u00ednodo"},"content":{"rendered":"<p class=\"has-text-align-right\">Roma, 22 de octubre, 2023<\/p>\n<p class=\"has-text-align-right\"><em>Domingo 29\u00ba Ordinario \u2013 D\u00eda de las Misiones<\/em><\/p>\n<p class=\"has-text-align-right\"><em>Memoria de San Juan Pablo II<\/em><\/p>\n<p>Queridos hermanos y hermanas,<\/p>\n<p>En esta ma\u00f1ana de domingo visit\u00e9 \u2013como un peregrino m\u00e1s- los \u201crincones\u201d m\u00e1s queridos de la Bas\u00edlica de San Pedro: los sepulcros de San Pedro y de muchos de sus sucesores (P\u00edo XII, San Juan XXIII, San Pablo VI, el Beato Juan Pablo I, San Juan Pablo II y Benedicto XVI). A todos les ped\u00ed especialmente por nuestra Patria, en un d\u00eda de elecciones nacionales para todo el pa\u00eds; y tambi\u00e9n provinciales \u2013 municipales en la mayor\u00eda de las provincias. En su memoria lit\u00fargica (fecha del inicio solemne de su pontificado), me detuve con m\u00e1s tiempo ante la de San Juan Pablo II\u2026 \u00a1quien visit\u00f3 pastoralmente nuestro pa\u00eds en dos oportunidades (junio 1982 y abril de 1987)! Hice especial memoria de aquellas palabras dirigidas a los j\u00f3venes \u2013yo uno de ellos- con una fuerza y tono imposible de olvidar, en la homil\u00eda del 12 de junio de 1982 (Misa celebrada en el Monumento a los espa\u00f1oles): \u201c<strong><em>No dejen que el odio marchite las energ\u00edas generosas y la capacidad de entendimiento que todos llevan adentro. Hagan, con sus manos unidas, una cadena de uni\u00f3n m\u00e1s fuerte que las cadenas de la guerra.&nbsp;<\/em><\/strong><em>As\u00ed ser\u00e1n j\u00f3venes y preparadores de un futuro mejor; as\u00ed ser\u00e1n cristianos\u00bb.<\/em>&nbsp;El Papa Wojtya conoci\u00f3 de cerca la sed de paz de nuestro pueblo en momentos de guerra y cuando personalmente acept\u00f3 mediar con la hermana Rep\u00fablica de Chile en medio del litigio por las islas en la zona del Canal de Beagle\u2026<\/p>\n<p>Es triste comprobar que -en tiempos, de tantos conflictos y a las puertas de un acto eleccionario y democr\u00e1tico- contando providencialmente con un hombre nacido en nuestra Patria como Sucesor de Pedro, existan y se permitan con ligereza expresiones tan altisonantes referidas a su mensaje de Paz y Justicia. Su mensaje no es otro que el del Evangelio que la Iglesia desea predicar en palabras y obras. Suenan con amargura aquellas palabras del profeta: \u201c<em>Herir\u00e9 al Pastor y se dispersar\u00e1n las ovejas<\/em>\u201d (Zacar\u00edas 13,7; Mateo 26, 31).<\/p>\n<p>*****<\/p>\n<p>Han pasado 10 d\u00edas desde la 1\u00aa carta \u2013 mensaje que les envi\u00e9. Si bien deseaba inicialmente escribir con mayor frecuencia, el ritmo del S\u00ednodo impone otros tiempos. Quiz\u00e1s repita aqu\u00ed algunos conceptos ya expresados para que este 2\u00ba mensaje conserve cierta autonom\u00eda y pueda ser le\u00eddo sin necesidad de recordar lo ya escrito. Como les dijera, las etapas del di\u00e1logo en el Aula sinodal se van hilvanando seg\u00fan el esquema sugerido por las \u201csecciones\u201d, \u201cfichas\u201d y\/o \u201cm\u00f3dulos\u201d del Instrumento de trabajo. As\u00ed caminamos juntos en las&nbsp;<strong><em>congregaciones generales<\/em><\/strong>&nbsp;y&nbsp;<strong>c\u00edrculos menores<\/strong>&nbsp;(distribuidos en sendas mesas organizadas por lenguas y un n\u00famero de 11 \u00f3 12 participantes cada una); a saber:<\/p>\n<p>A. Por una&nbsp;<strong>Iglesia sinodal<\/strong>. Una experiencia integral (enfocar las caracter\u00edsticas fundamentales de una Iglesia sinodal\u2026<\/p>\n<p>B.1 Una&nbsp;<strong>comuni\u00f3n<\/strong>&nbsp;que se irradia. \u00bfC\u00f3mo podemos m\u00e1s plenamente ser signo e instrumento de la uni\u00f3n con Dios y de la unidad del g\u00e9nero humano?<\/p>\n<p>2. Corresponsables en la&nbsp;<strong>misi\u00f3n<\/strong>. \u00bfC\u00f3mo podemos compartir dones y tareas al servicio del Evangelio?<\/p>\n<p>3.&nbsp;<strong>participaci\u00f3n<\/strong>, responsabilidad y autoridad. \u00bfQu\u00e9 procesos, estructuras e instituciones son necesarias en una Iglesia sinodal misionera?<\/p>\n<p>Al iniciar el tratamiento de cada uno de los&nbsp;<strong>\u201cm\u00f3dulos de trabajo\u201d (A. B1, B2, B3 en grupos ling\u00fc\u00edsticos de distinta conformaci\u00f3n<\/strong>) y a partir del lunes 23 con las Reflexiones finales; Carta al Pueblo de Dios, \u00faltima presentaci\u00f3n del \u201cRelator general\u201d, etc. \u2026 todos los miembros del S\u00ednodo participamos en la Santa Misa a las 8.45 ante el \u201cAltar de la C\u00e1tedra\u201d (ubicado en el \u00e1bside de la Bas\u00edlica de San Pedro). Conmueve celebrar all\u00ed la Eucarist\u00eda (fuente y culmen de la comuni\u00f3n, misi\u00f3n y participaci\u00f3n eclesial) contemplando la impresionante obra escult\u00f3rica de Gian Lorenzo Bernini (realizada entre 1658 y 1666). En ella cuatro Padres de la Iglesia -Agust\u00edn, Ambrosio, Atanasio y Juan Cris\u00f3stomo- sostienen la \u201cC\u00e1tedra del Pedro\u201d, el pescador de Galilea, llamado por Cristo Buen Pastor a apacentar su reba\u00f1o. Sobresale en la monumental obra el vitral del Esp\u00edritu Santo (en forma de paloma) a quien invocamos diariamente. \u00c9l nos impulsa confiados en las promesas de Cristo: \u00a1\u00c9l les recordar\u00e1 todo lo que he ense\u00f1ado!; \u00a1\u00c9l los introducir\u00e1 en toda la verdad!; \u00a1\u00c9l les anunciar\u00e1 lo que nos ir\u00e1 sucediendo! El Esp\u00edritu, siendo uno solo en la Cabeza y en los miembros, de tal modo vivifica todo el cuerpo, lo une y lo mueve, que su oficio pudo ser comparado por los Santos Padres con la funci\u00f3n que ejerce el principio de vida o el alma en el cuerpo humano \u00a1S\u00ed!, \u00a1\u00c9l es como el alma de la Iglesia!<\/p>\n<p>Las reuniones sinodales \u2013a trav\u00e9s de la \u201cConversaci\u00f3n en el Esp\u00edritu\u201d- permiten en primer lugar, que cada uno -con seriedad y serenidad- exprese su opini\u00f3n personal (YO). En una segunda ronda de intervenciones, cada uno destaca aspectos, mociones, cuestiones que otro miembro del mismo \u201cC\u00edrculo menor\u201d haya expresado y que puedan haber suscitado en uno algo que \u2013sencillamente- reconozcamos como inspirado (reconocer un \u201cT\u00da\u201d que permite descubrir fecundos ecos de verdad en otro de los miembros del grupo). Finalmente, una tercera ronda permite se\u00f1alar algunas convergencias y\/o divergencias (para poder \u2013juntos- pronunciar un NOSOTROS que enriquezca la reflexi\u00f3n del grupo y despu\u00e9s a la Asamblea toda). Un secretario (nombrado por la Secretar\u00eda general) y un relator (elegido por los miembros del C\u00edrculo menor) intentan ofrecer una s\u00edntesis con los aportes de todos. Dicha s\u00edntesis se vota en el mismo C\u00edrculo y es le\u00edda en la Congregaci\u00f3n general. Luego, de nuevo en el C\u00edrculo menor, se \u201ccompleta\u201d o \u201cenriquece\u201d dicho texto con temas o aspectos que quiz\u00e1s hayan surgido de la puesta en com\u00fan ante la Congregaci\u00f3n general (grupos en lenguas diversas intentan responder a las mismas preguntas de cada m\u00f3dulo se\u00f1alado). As\u00ed se elabora un documento s\u00edntesis m\u00e1s amplio que, aprobado por el grupo, se env\u00eda a la Secretar\u00eda general del S\u00ednodo. Sorprende escribirles en un p\u00e1rrafo lo que lleva varios d\u00edas de intensa labor de oraci\u00f3n, escucha, notas personales compartidas, coincidencias, disidencias, intervenciones de cada Relator (son 35 las mesas redondas) y las subsiguientes oportunas intervenciones libres de cualquier miembro de la Asamblea que desee hacer referencia a algunos de los temas de las cuestiones que precisamente \u2013repito- cada \u201cM\u00f3dulo\u201d y \u201ccada C\u00edrculo menor\u201d ha planteado.<\/p>\n<p>Ma\u00f1ana (lunes 23 de octubre), ya completada la reflexi\u00f3n de los temas arriba mencionados, se inicia una especie de \u201crecapitulaci\u00f3n\u201d. Una \u201cCarta al Pueblo de Dios\u201d (se prefiri\u00f3 y vot\u00f3 eso antes que un \u201cDocumento final\u201d) intentar\u00e1 expresar la tarea de estas semanas. Dicha \u201cCarta\u201d ser\u00e1 escrita por una Comisi\u00f3n de \u201cS\u00edntesis\u201d, con la participaci\u00f3n de te\u00f3logos y te\u00f3logas, expertos y expertas, y miembros elegidos por la Asamblea, por continentes, para dicho cometido.<\/p>\n<p>Como seguramente han podido saber a trav\u00e9s de las p\u00e1ginas oficiales de la Santa Sede, los participantes del S\u00ednodo peregrinamos el jueves 12 de octubre a diversas \u201cCatacumbas\u201d en una significativa comuni\u00f3n espiritual con los primeros cristianos de Roma \u00a1muchos de ellos perseguidos y martirizados, santos!<\/p>\n<p>El jueves 19 el Papa Francisco presidi\u00f3 un momento de oraci\u00f3n por los Migrantes y Refugiados. Hemos rezado alrededor del Monumento \u201c<em>Angels Unawares<\/em>\u201d (\u00c1ngeles sin saberlo). Se trata de una escultura de bronce, obra del artista canadiense Timothy Schmalz. En ella un grupo de 140 refugiados \u2013dentro de una barca \u2013 manifiestan los m\u00e1s diversos estados de \u00e1nimo y emociones en el viaje de un migrante. El grupo escult\u00f3rico fue instalado en la Plaza de San Pedro el 29 de septiembre de 2019 (Fiesta de los Santos Arc\u00e1ngeles), con ocasi\u00f3n de la 105\u00ba Jornada Mundial de los Migrantes y Refugiados. El autor se inspir\u00f3 en el texto de la carta a los Hebreos 13, 2 \u201c<em>No se olviden de practicar la hospitalidad, ya que gracias a ella, algunos, sin saberlo, hospedaron a los \u00e1ngeles\u201d.&nbsp;<\/em>&nbsp;El Papa, como lo hizo en la Enc\u00edclica&nbsp;<em>Fratelli tutti&nbsp;<\/em>ofreci\u00f3 una conmovedora meditaci\u00f3n inspirada en el texto del Buen Samaritano.<\/p>\n<p>Con estos ejemplos (las celebraciones en la Bas\u00edlica de San Pedro, la oraci\u00f3n por los migrantes y la Jornada de oraci\u00f3n y ayuno por la Paz prevista para el viernes 27 de octubre) se\u00f1alo especialmente los momentos de oraci\u00f3n que enmarcan y nutren las intervenciones, di\u00e1logos, debates. Creo que son la caracter\u00edstica m\u00e1s bella de este S\u00ednodo. Tambi\u00e9n los silencios propios del m\u00e9todo de la Conversaci\u00f3n en el Esp\u00edritu invitan a orar ofreciendo un ritmo especial a las reuniones de los C\u00edrculos menores y las Congregaciones generales. En efecto, oportunos minutos de silencio orante ayudan a rumiar lo que se escucha, lo que se desea decir, serenando las conversaciones, evitando gestos o palabras apresuradas de r\u00e9plica ante lo que otro pueda o quiera decir.<\/p>\n<p>Es evidente y comprensible que, especialmente, en el m\u00f3dulo B.3. (sobre la&nbsp;<strong>participaci\u00f3n<\/strong>) se invita a ofrecer pistas concretas que puedan animar a la corresponsabilidad bautismal en el ejercicio de la autoridad (es m\u00e1s f\u00e1cil quiz\u00e1s comprenderla y concretarla al hablar de la&nbsp;<strong>comuni\u00f3n<\/strong>&nbsp;y la&nbsp;<strong>misi\u00f3n<\/strong>). En efecto, es necesario ser efectivo en el modo y el ejercicio de la autoridad \u00a1tambi\u00e9n consecuencia del Bautismo! No resulta extra\u00f1o que en la medida que se expresan opciones, modos, responsabilidades, perfil de cargos y cargas, etc. \u00a1se abran debates, se expresen ideas y se manifiesten opiniones diversas! Temas como los ministerios ordenados, instituidos, espont\u00e1neos, exigen una reflexi\u00f3n muy profunda y \u2013de nuevo- seria, serena. Es clave animar a la libertad en lo opinable; unidad en lo necesario; \u00a1la caridad en todo! No se desea menoscabar o aguar la autoridad de los ministerios ordenados \u2013di\u00e1conos, presb\u00edteros, obispos- ni tampoco caer en la reducci\u00f3n de toda autoridad a los mencionados ministerios. Los discursos, con respeto, presentan el com\u00fan deseo de comprender&nbsp;<strong>la autoridad<\/strong>&nbsp;como lo expresa la etimolog\u00eda de la palabra (<em>auctoritas<\/em>, del verbo&nbsp;<em>augere<\/em>): que significa \u201chacer crecer, promover, aumentar\u201d y la etimolog\u00eda de&nbsp;<strong>la obediencia<\/strong>&nbsp;(<em>oboedire<\/em>&nbsp;=&nbsp;<em>ob \u2013 audire<\/em>) como la imprescindible necesidad de la escucha de parte de toda autoridad.<\/p>\n<p>El Esp\u00edritu Santo contin\u00fae inspirando en todos nosotros palabras y gestos adecuados \u201cpara seguir andando nom\u00e1s\u201d.<\/p>\n<p>Fraternalmente en Cristo, Buen Pastor y Mar\u00eda nuestra Madre y Se\u00f1ora de la Merced<\/p>\n<p class=\"has-text-align-right\">+ Fray Carlos Alfonso Azpiroz Costa OP<\/p>\n<p class=\"has-text-align-right\">&nbsp;&nbsp;&nbsp;&nbsp;&nbsp;&nbsp;&nbsp;&nbsp; Arzobispo de Bah\u00eda Blanca<\/p>\n","protected":false},"excerpt":{"rendered":"<p>Roma, 22 de octubre, 2023 Domingo 29\u00ba Ordinario \u2013 D\u00eda de las Misiones Memoria de San Juan Pablo II Queridos hermanos y hermanas, En esta&#8230;<\/p>\n","protected":false},"author":8,"featured_media":0,"comment_status":"open","ping_status":"open","sticky":false,"template":"","format":"standard","meta":{"_acf_changed":false,"_jetpack_newsletter_access":"","_jetpack_dont_email_post_to_subs":false,"_jetpack_newsletter_tier_id":0,"_jetpack_memberships_contains_paywalled_content":false,"_jetpack_memberships_contains_paid_content":false,"footnotes":""},"categories":[959],"tags":[3125,538,1183,3112],"class_list":["post-17717","post","type-post","status-publish","format-standard","hentry","category-criterio-digital","tag-aspiroz-costa","tag-francisco","tag-participacion","tag-sinodo-2"],"acf":[],"jetpack_featured_media_url":"","jetpack_sharing_enabled":true,"jetpack_shortlink":"https:\/\/wp.me\/p6FC4i-4BL","_links":{"self":[{"href":"https:\/\/www.revistacriterio.com.ar\/bloginst_new\/index.php?rest_route=\/wp\/v2\/posts\/17717","targetHints":{"allow":["GET"]}}],"collection":[{"href":"https:\/\/www.revistacriterio.com.ar\/bloginst_new\/index.php?rest_route=\/wp\/v2\/posts"}],"about":[{"href":"https:\/\/www.revistacriterio.com.ar\/bloginst_new\/index.php?rest_route=\/wp\/v2\/types\/post"}],"author":[{"embeddable":true,"href":"https:\/\/www.revistacriterio.com.ar\/bloginst_new\/index.php?rest_route=\/wp\/v2\/users\/8"}],"replies":[{"embeddable":true,"href":"https:\/\/www.revistacriterio.com.ar\/bloginst_new\/index.php?rest_route=%2Fwp%2Fv2%2Fcomments&post=17717"}],"version-history":[{"count":1,"href":"https:\/\/www.revistacriterio.com.ar\/bloginst_new\/index.php?rest_route=\/wp\/v2\/posts\/17717\/revisions"}],"predecessor-version":[{"id":17719,"href":"https:\/\/www.revistacriterio.com.ar\/bloginst_new\/index.php?rest_route=\/wp\/v2\/posts\/17717\/revisions\/17719"}],"wp:attachment":[{"href":"https:\/\/www.revistacriterio.com.ar\/bloginst_new\/index.php?rest_route=%2Fwp%2Fv2%2Fmedia&parent=17717"}],"wp:term":[{"taxonomy":"category","embeddable":true,"href":"https:\/\/www.revistacriterio.com.ar\/bloginst_new\/index.php?rest_route=%2Fwp%2Fv2%2Fcategories&post=17717"},{"taxonomy":"post_tag","embeddable":true,"href":"https:\/\/www.revistacriterio.com.ar\/bloginst_new\/index.php?rest_route=%2Fwp%2Fv2%2Ftags&post=17717"}],"curies":[{"name":"wp","href":"https:\/\/api.w.org\/{rel}","templated":true}]}}