{"id":3470,"date":"1998-06-22T12:08:34","date_gmt":"1998-06-22T12:08:34","guid":{"rendered":"http:\/\/www.revistacriterio.com.ar\/bloginst_new\/sin_categoria\/la-familia-en-el-judaismo\/"},"modified":"1998-06-22T12:08:34","modified_gmt":"1998-06-22T12:08:34","slug":"la-familia-en-el-judaismo","status":"publish","type":"post","link":"https:\/\/www.revistacriterio.com.ar\/bloginst_new\/?p=3470","title":{"rendered":"La familia en el juda\u00edsmo"},"content":{"rendered":"<p class=1y2Texto style=\"MARGIN: 0cm 0cm 0pt; TEXT-INDENT: 0cm\"><span style=\"COLOR: windowtext; FONT-FAMILY: Verdana; LETTER-SPACING: 0pt\">El vocablo hebreo <i>masoret<\/i> que se traduce como tradici\u00f3n, deriva del verbo <i>limsor<\/i>, que significa entregar. La experiencia y vivencia espiritual se entrega de una generaci\u00f3n a otra. La piedra fundamental, sobre la cual se erige la cosmovisi\u00f3n de Israel, es el acto de revelaci\u00f3n divina al pueblo en Sina\u00ed. El mismo es, junto al pacto de los patriarcas con <i>D-s<\/i>, el centro sobre el que se sostiene la Tora. El relato de aquel acontecimiento \u00fanico en la historia de la Humanidad y las leyes que <i>D-s<\/i> revel\u00f3 en \u00e9l al pueblo, conforman el mensaje existencial que los padres deben relatar y ense\u00f1ar a sus hijos tal como lo prescriben los vers\u00edculos: \u0093\u0085le relatar\u00e1s a tu hijo\u0085\u0094 <\/span><b><span style=\"COLOR: windowtext; FONT-FAMILY: Verdana; LETTER-SPACING: 0pt; mso-bidi-font-size: 5.5pt\">1<\/span><\/b><span style=\"COLOR: windowtext; FONT-FAMILY: Verdana; LETTER-SPACING: 0pt\">. \u0093\u0085Las leyes que te prescribo hoy, grabar\u00e1s en tu coraz\u00f3n. Las explicar\u00e1s a tus hijos\u0085\u0094 <\/span><b><span style=\"COLOR: windowtext; FONT-FAMILY: Verdana; LETTER-SPACING: 0pt; mso-bidi-font-size: 5.5pt\">2<\/span><\/b><span style=\"COLOR: windowtext; FONT-FAMILY: Verdana; LETTER-SPACING: 0pt\">.<?xml:namespace prefix = o ns = \"urn:schemas-microsoft-com:office:office\" \/><o:p><\/o:p><\/span><\/p>\n<p class=1y2Texto style=\"MARGIN: 0cm 0cm 0pt; TEXT-INDENT: 0cm\"><span style=\"COLOR: windowtext; FONT-FAMILY: Verdana; LETTER-SPACING: 0pt\">&nbsp;<o:p><\/o:p><\/span><\/p>\n<p class=1y2Texto style=\"MARGIN: 0cm 0cm 0pt\"><span style=\"COLOR: windowtext; FONT-FAMILY: Verdana; LETTER-SPACING: 0pt\">El relato al que se refiere el vers\u00edculo es la historia del \u00e9xodo cuya meta inmediata fue alcanzar el monte Sina\u00ed, que debe ser contado y explicado a los hijos en la noche de Pesaj, en la cena que re\u00fane a toda la familia para recrear con ellos la salida de la esclavitud hacia la libertad. El padre ense\u00f1a a sus hijos por medio del ejemplo de su accionar en el \u00e1mbito del hogar.<o:p><\/o:p><\/span><\/p>\n<p class=1y2Texto style=\"MARGIN: 0cm 0cm 0pt\"><span style=\"COLOR: windowtext; FONT-FAMILY: Verdana; LETTER-SPACING: 0pt\">&nbsp;<o:p><\/o:p><\/span><\/p>\n<p class=1y2Texto style=\"MARGIN: 0cm 0cm 0pt\"><span style=\"COLOR: windowtext; FONT-FAMILY: Verdana; LETTER-SPACING: 0pt\">Es obligaci\u00f3n del padre grabar el pacto de la circuncisi\u00f3n en los hijos varones <\/span><b><span style=\"COLOR: windowtext; FONT-FAMILY: Verdana; LETTER-SPACING: 0pt; mso-bidi-font-size: 5.5pt\">3<\/span><\/b><span style=\"COLOR: windowtext; FONT-FAMILY: Verdana; LETTER-SPACING: 0pt\">, hecho mediante el cual comienza el proceso de transmisi\u00f3n del mandato. Es la mujer la que debe encender en el hogar las velas con que se recibe al Shabat y las festividades <\/span><b><span style=\"COLOR: windowtext; FONT-FAMILY: Verdana; LETTER-SPACING: 0pt; mso-bidi-font-size: 5.5pt\">4<\/span><\/b><span style=\"COLOR: windowtext; FONT-FAMILY: Verdana; LETTER-SPACING: 0pt\">, porque ella es la columna vertebral del hogar. En muchas oportunidades, en la Tora, cuando dice \u0093hogar\u0094 debe entenderse, \u0093la mujer\u0094, \u0093el ama de casa\u0094, \u0093la esposa\u0094.<o:p><\/o:p><\/span><\/p>\n<p class=1y2Texto style=\"MARGIN: 0cm 0cm 0pt\"><span style=\"COLOR: windowtext; FONT-FAMILY: Verdana; LETTER-SPACING: 0pt\">&nbsp;<o:p><\/o:p><\/span><\/p>\n<p class=1y2Texto style=\"MARGIN: 0cm 0cm 0pt\"><span style=\"COLOR: windowtext; FONT-FAMILY: Verdana; LETTER-SPACING: 0pt\">Todas las festividades no s\u00f3lo se reflejan en la liturgia en el templo, sino que esencialmente tambi\u00e9n en el hogar. De tal modo, el Shabat, al igual que las dem\u00e1s festividades de origen b\u00edblico <\/span><b><span style=\"COLOR: windowtext; FONT-FAMILY: Verdana; LETTER-SPACING: 0pt; mso-bidi-font-size: 5.5pt\">6<\/span><\/b><span style=\"COLOR: windowtext; FONT-FAMILY: Verdana; LETTER-SPACING: 0pt\">, son recibidas en el hogar por el ama de casa, mediante el encendido de velas y con una comida especial precedida por el Kidush, oraci\u00f3n alusiva a la santificaci\u00f3n del tiempo; y con la ceremonia de Havdala es despedido el tiempo festivo.<o:p><\/o:p><\/span><\/p>\n<p class=1y2Texto style=\"MARGIN: 0cm 0cm 0pt\"><span style=\"COLOR: windowtext; FONT-FAMILY: Verdana; LETTER-SPACING: 0pt\">&nbsp;<o:p><\/o:p><\/span><\/p>\n<p class=1y2Texto style=\"MARGIN: 0cm 0cm 0pt\"><span style=\"COLOR: windowtext; FONT-FAMILY: Verdana; LETTER-SPACING: 0pt\">Las festividades de origen rab\u00ednico tambi\u00e9n tienen su expresi\u00f3n en el hogar. En Januc\u00e1 deben encenderse las luminarias que recuerdan la ayuda que<i> D-s<\/i> le brind\u00f3 al pueblo en su lucha contra el reino opresor de los sel\u00e9ucidas. En Purim \u0096que recuerda la gesta de Mordejai y Ester\u0096 por el env\u00edo de comida entre las familias y ayuda a los necesitados. Todas estas experiencias familiares generaron c\u00f3digos que permiten el entendimiento y la uni\u00f3n entre los miembros de las distintas comunidades basados en intereses espirituales comunes. Cada una de las comunidades desarroll\u00f3 sus propias costumbres, m\u00fasica, liturgia, etc., que sirven para manifestar en la vida diaria una esencia com\u00fan que sabe unirlas a todas.<o:p><\/o:p><\/span><\/p>\n<p class=1y2Texto style=\"MARGIN: 0cm 0cm 0pt\"><span style=\"COLOR: windowtext; FONT-FAMILY: Verdana; LETTER-SPACING: 0pt\">&nbsp;<o:p><\/o:p><\/span><\/p>\n<p class=1y2Texto style=\"MARGIN: 0cm 0cm 0pt\"><span style=\"COLOR: windowtext; FONT-FAMILY: Verdana; LETTER-SPACING: 0pt\">La prohibici\u00f3n del casamiento entre jud\u00edos y gentiles tiene por \u00fanica raz\u00f3n el mantener la integridad del medio primario a trav\u00e9s del cual se transmite el juda\u00edsmo <\/span><b><span style=\"COLOR: windowtext; FONT-FAMILY: Verdana; LETTER-SPACING: 0pt; mso-bidi-font-size: 5.5pt\">7<\/span><\/b><span style=\"COLOR: windowtext; FONT-FAMILY: Verdana; LETTER-SPACING: 0pt\">.<o:p><\/o:p><\/span><\/p>\n<p class=1y2Texto style=\"MARGIN: 0cm 0cm 0pt\"><span style=\"COLOR: windowtext; FONT-FAMILY: Verdana; LETTER-SPACING: 0pt\">&nbsp;<o:p><\/o:p><\/span><\/p>\n<p class=1y2Texto style=\"MARGIN: 0cm 0cm 0pt\"><span style=\"COLOR: windowtext; FONT-FAMILY: Verdana; LETTER-SPACING: 0pt\">El juda\u00edsmo comenz\u00f3, de acuerdo con el relato b\u00edblico, mediante un encuentro entre Abraham y <i>D-s<\/i>. En el mismo, tanto el primer Patriarca como el Creador conformaron un di\u00e1logo que culmin\u00f3 en un pacto de mutuas obligaciones, que debe transmitirse y recrearse en cada generaci\u00f3n. En muchos de sus pasajes, el texto del G\u00e9nesis describe la preocupaci\u00f3n de los patriarcas por transmitir el mensaje a sus hijos.<o:p><\/o:p><\/span><\/p>\n<p class=1y2Texto style=\"MARGIN: 0cm 0cm 0pt\"><span style=\"COLOR: windowtext; FONT-FAMILY: Verdana; LETTER-SPACING: 0pt\">&nbsp;<o:p><\/o:p><\/span><\/p>\n<p class=1y2Texto style=\"MARGIN: 0cm 0cm 0pt\"><span style=\"COLOR: windowtext; FONT-FAMILY: Verdana; LETTER-SPACING: 0pt\">El juda\u00edsmo fundamenta su creencia en la propia b\u00fasqueda espiritual del individuo por un lado, y en la experiencia existencial que recibe de sus padres por el otro, como le ense\u00f1\u00f3 Moshe al pueblo antes de su muerte \u0093\u0085 pregunta a tu padre y \u00e9l te habr\u00e1 de narrar, tus ancianos, y ellos te habr\u00e1n de decir\u0085\u0094 <\/span><b><span style=\"COLOR: windowtext; FONT-FAMILY: Verdana; LETTER-SPACING: 0pt; mso-bidi-font-size: 5.5pt\">8<\/span><\/b><span style=\"COLOR: windowtext; FONT-FAMILY: Verdana; LETTER-SPACING: 0pt\">.<o:p><\/o:p><\/span><\/p>\n<p class=1y2Texto style=\"MARGIN: 0cm 0cm 0pt\"><span style=\"COLOR: windowtext; FONT-FAMILY: Verdana; LETTER-SPACING: 0pt\">&nbsp;<o:p><\/o:p><\/span><\/p>\n<p class=Notaspie style=\"BORDER-RIGHT: medium none; BORDER-TOP: medium none; MARGIN: 0cm 0cm 0pt; BORDER-LEFT: medium none; BORDER-BOTTOM: medium none; mso-padding-alt: 0cm 0cm 0cm 0cm\"><span style=\"FONT-SIZE: 10pt; FONT-FAMILY: Verdana; LETTER-SPACING: 0pt; mso-bidi-font-size: 8.0pt\">&nbsp;<o:p><\/o:p><\/span><\/p>\n<p class=1y2Texto style=\"MARGIN: 0cm 0cm 0pt\"><span style=\"COLOR: windowtext; FONT-FAMILY: Verdana; LETTER-SPACING: 0pt\">&nbsp;<\/span><span style=\"TEXT-TRANSFORM: none; FONT-FAMILY: Verdana; LETTER-SPACING: 0pt\"><strong><em>&nbsp;<o:p><\/o:p><\/em><\/strong><\/span><\/p>\n<p class=Notas style=\"MARGIN: 0cm 0cm 0pt 8.5pt\"><span><strong><\/p>\n<hr \/>\n<p>1<\/strong>. Exodo 13:8.<o:p><\/o:p><\/span><\/p>\n<p class=Notas style=\"MARGIN: 0cm 0cm 0pt 8.5pt\"><b><span style=\"FONT-SIZE: 10pt; COLOR: windowtext; FONT-FAMILY: Verdana; LETTER-SPACING: 0pt; mso-bidi-font-size: 8.0pt\">2<\/span><\/b><span style=\"FONT-SIZE: 10pt; COLOR: windowtext; FONT-FAMILY: Verdana; LETTER-SPACING: 0pt; mso-bidi-font-size: 8.0pt\">. Deuteromonio 6:6-7.<o:p><\/o:p><\/span><\/p>\n<p class=Notas style=\"MARGIN: 0cm 0cm 0pt 8.5pt\"><b><span lang=EN-GB style=\"FONT-SIZE: 10pt; COLOR: windowtext; FONT-FAMILY: Verdana; LETTER-SPACING: 0pt; mso-bidi-font-size: 8.0pt; mso-ansi-language: EN-GB\">3<\/span><\/b><span lang=EN-GB style=\"FONT-SIZE: 10pt; COLOR: windowtext; FONT-FAMILY: Verdana; LETTER-SPACING: 0pt; mso-bidi-font-size: 8.0pt; mso-ansi-language: EN-GB\">. Shuljan Aruj, Iore Dea, 261, a.<o:p><\/o:p><\/span><\/p>\n<p class=Notas style=\"MARGIN: 0cm 0cm 0pt 8.5pt\"><b><span lang=EN-GB style=\"FONT-SIZE: 10pt; COLOR: windowtext; FONT-FAMILY: Verdana; LETTER-SPACING: 0pt; mso-bidi-font-size: 8.0pt; mso-ansi-language: EN-GB\">4<\/span><\/b><span lang=EN-GB style=\"FONT-SIZE: 10pt; COLOR: windowtext; FONT-FAMILY: Verdana; LETTER-SPACING: 0pt; mso-bidi-font-size: 8.0pt; mso-ansi-language: EN-GB\">. B. Shabat 31,b; Shuljan Araj. <\/span><span style=\"FONT-SIZE: 10pt; COLOR: windowtext; FONT-FAMILY: Verdana; LETTER-SPACING: 0pt; mso-bidi-font-size: 8.0pt\">Oraj Jaim, 263,3.<o:p><\/o:p><\/span><\/p>\n<p class=Notas style=\"MARGIN: 0cm 0cm 0pt 8.5pt\"><b><span style=\"FONT-SIZE: 10pt; COLOR: windowtext; FONT-FAMILY: Verdana; LETTER-SPACING: 0pt; mso-bidi-font-size: 8.0pt\">5<\/span><\/b><span style=\"FONT-SIZE: 10pt; COLOR: windowtext; FONT-FAMILY: Verdana; LETTER-SPACING: 0pt; mso-bidi-font-size: 8.0pt\">. Vbgr. B. Ioma 2, a.<o:p><\/o:p><\/span><\/p>\n<p class=Notas style=\"MARGIN: 0cm 0cm 0pt 8.5pt\"><b><span style=\"FONT-SIZE: 10pt; COLOR: windowtext; FONT-FAMILY: Verdana; LETTER-SPACING: 0pt; mso-bidi-font-size: 8.0pt\">6<\/span><\/b><span style=\"FONT-SIZE: 10pt; COLOR: windowtext; FONT-FAMILY: Verdana; LETTER-SPACING: 0pt; mso-bidi-font-size: 8.0pt\">. Con excepci\u00f3n del d\u00eda de Kipur, en el que se debe ayunar desde antes que se pone el sol hasta que aparezcan las estrellas del d\u00eda siguiente. Pero es obligaci\u00f3n preparar una cena festiva previa al ayuno.<o:p><\/o:p><\/span><\/p>\n<p class=Notas style=\"MARGIN: 0cm 0cm 0pt 8.5pt\"><b><span style=\"FONT-SIZE: 10pt; COLOR: windowtext; FONT-FAMILY: Verdana; LETTER-SPACING: 0pt; mso-bidi-font-size: 8.0pt\">7<\/span><\/b><span style=\"FONT-SIZE: 10pt; COLOR: windowtext; FONT-FAMILY: Verdana; LETTER-SPACING: 0pt; mso-bidi-font-size: 8.0pt\">. Deuteronomio 7:3.<o:p><\/o:p><\/span><\/p>\n<p class=Notas style=\"MARGIN: 0cm 0cm 0pt 8.5pt\"><b><span style=\"FONT-SIZE: 10pt; COLOR: windowtext; FONT-FAMILY: Verdana; LETTER-SPACING: 0pt; mso-bidi-font-size: 8.0pt\">8<\/span><\/b><span style=\"FONT-SIZE: 10pt; COLOR: windowtext; FONT-FAMILY: Verdana; LETTER-SPACING: 0pt; mso-bidi-font-size: 8.0pt\">. Deuteronomio 32:7.<o:p><\/o:p><\/span><\/p>\n","protected":false},"excerpt":{"rendered":"<p>El vocablo hebreo masoret que se traduce como tradici\u00f3n, deriva del verbo limsor, que significa entregar. La experiencia y vivencia espiritual se entrega de una&#8230;<\/p>\n","protected":false},"author":7,"featured_media":0,"comment_status":"open","ping_status":"closed","sticky":false,"template":"","format":"standard","meta":{"_acf_changed":false,"_jetpack_newsletter_access":"","_jetpack_dont_email_post_to_subs":false,"_jetpack_newsletter_tier_id":0,"_jetpack_memberships_contains_paywalled_content":false,"_jetpack_memberships_contains_paid_content":false,"footnotes":""},"categories":[8,5],"tags":[],"class_list":["post-3470","post","type-post","status-publish","format-standard","hentry","category-iglesia","category-sociedad"],"acf":[],"jetpack_featured_media_url":"","jetpack_sharing_enabled":true,"jetpack_shortlink":"https:\/\/wp.me\/p6FC4i-TY","_links":{"self":[{"href":"https:\/\/www.revistacriterio.com.ar\/bloginst_new\/index.php?rest_route=\/wp\/v2\/posts\/3470","targetHints":{"allow":["GET"]}}],"collection":[{"href":"https:\/\/www.revistacriterio.com.ar\/bloginst_new\/index.php?rest_route=\/wp\/v2\/posts"}],"about":[{"href":"https:\/\/www.revistacriterio.com.ar\/bloginst_new\/index.php?rest_route=\/wp\/v2\/types\/post"}],"author":[{"embeddable":true,"href":"https:\/\/www.revistacriterio.com.ar\/bloginst_new\/index.php?rest_route=\/wp\/v2\/users\/7"}],"replies":[{"embeddable":true,"href":"https:\/\/www.revistacriterio.com.ar\/bloginst_new\/index.php?rest_route=%2Fwp%2Fv2%2Fcomments&post=3470"}],"version-history":[{"count":0,"href":"https:\/\/www.revistacriterio.com.ar\/bloginst_new\/index.php?rest_route=\/wp\/v2\/posts\/3470\/revisions"}],"wp:attachment":[{"href":"https:\/\/www.revistacriterio.com.ar\/bloginst_new\/index.php?rest_route=%2Fwp%2Fv2%2Fmedia&parent=3470"}],"wp:term":[{"taxonomy":"category","embeddable":true,"href":"https:\/\/www.revistacriterio.com.ar\/bloginst_new\/index.php?rest_route=%2Fwp%2Fv2%2Fcategories&post=3470"},{"taxonomy":"post_tag","embeddable":true,"href":"https:\/\/www.revistacriterio.com.ar\/bloginst_new\/index.php?rest_route=%2Fwp%2Fv2%2Ftags&post=3470"}],"curies":[{"name":"wp","href":"https:\/\/api.w.org\/{rel}","templated":true}]}}