{"id":3572,"date":"1998-03-16T12:08:34","date_gmt":"1998-03-16T12:08:34","guid":{"rendered":"http:\/\/www.revistacriterio.com.ar\/bloginst_new\/sin_categoria\/sobre-la-tierra\/"},"modified":"1998-03-16T12:08:34","modified_gmt":"1998-03-16T12:08:34","slug":"sobre-la-tierra","status":"publish","type":"post","link":"https:\/\/www.revistacriterio.com.ar\/bloginst_new\/?p=3572","title":{"rendered":"Sobre la tierra"},"content":{"rendered":"<p class=3texto style=\"MARGIN: 0cm 0cm 0pt; TEXT-INDENT: 0cm\"><span style=\"FONT-SIZE: 10pt; FONT-FAMILY: Verdana; mso-bidi-font-size: 11.0pt\">Se puede ir hacia el destino ciegamente, como hacia la punta de un cuchillo. Se pueden ir perdiendo las cosas, y la noci\u00f3n de las cosas. A veces se pierde la felicidad, sin saber que la ten\u00edamos. Se puede estar hecho para percibir s\u00f3lo lo bueno, y luego correr sin descanso hasta el lugar m\u00e1s apartado, \u0093porque los desgraciados no tienen paz sobre la tierra\u0094. O se puede encontrar finalmente esa paz, por distintas maneras, como nos muestra esta pel\u00edcula.<?xml:namespace prefix = o ns = \"urn:schemas-microsoft-com:office:office\" \/><o:p><\/o:p><\/span><\/p>\n<p class=3texto style=\"MARGIN: 0cm 0cm 0pt; TEXT-INDENT: 0cm\"><span style=\"FONT-SIZE: 10pt; FONT-FAMILY: Verdana; mso-bidi-font-size: 11.0pt\">&nbsp;<o:p><\/o:p><\/span><\/p>\n<p class=3texto style=\"MARGIN: 0cm 0cm 0pt\"><span style=\"FONT-SIZE: 10pt; FONT-FAMILY: Verdana; mso-bidi-font-size: 11.0pt\">Meticuloso, de un gusto exquisito, y atento a sus principios contracampistas, Nicol\u00e1s Sarqu\u00eds presenta aqu\u00ed su \u00faltima fatiga, un relato sobre seres ag\u00f3nicos que conjugan de un mismo modo el dolor y el amor. La acci\u00f3n transcurre por los a\u00f1os veinte, en una casona de campo frente al inmenso r\u00edo Paran\u00e1, donde se instala un matrimonio de nobles alemanes, huyendo de males que llevan dentro suyo. La pel\u00edcula se inspira en una novela, y \u00e9sta, en hechos reales.<o:p><\/o:p><\/span><\/p>\n<p class=3texto style=\"MARGIN: 0cm 0cm 0pt\"><span style=\"FONT-SIZE: 10pt; FONT-FAMILY: Verdana; mso-bidi-font-size: 11.0pt\">&nbsp;<o:p><\/o:p><\/span><\/p>\n<p class=3texto style=\"MARGIN: 0cm 0cm 0pt\"><span style=\"FONT-SIZE: 10pt; FONT-FAMILY: Verdana; mso-bidi-font-size: 11.0pt\">El entrerriano \u0096m\u00e1s a\u00fan, nogoyaense\u0096 Diego Angelino escribi\u00f3 <i>Sobre la tierra<\/i> como una pintura de inmigrantes e hijos de inmigrantes, y viejos criollos, buscando el lugar que les corresponde en este mundo, sea cruzando el mar, cruzando la calle, vagando por las estancias, o entrando en una cama, o en un caj\u00f3n. \u0093No buscamos lo que desconocemos, apenas s\u00ed renegamos de lo que hemos conocido\u0094, dice el novelista, en un libro de atractivas p\u00e1ginas sobre los esp\u00edritus errabundos, las gallinas de campo, la haraganer\u00eda criolla, tambi\u00e9n la hospitalidad criolla, y las viejas yuyeras \u0093inevitablemente feas por el desgaste de la pobreza, atentas sin embargo al aterciopelado colorido del geranio y seducidas por la m\u00ednima violeta\u0094.<o:p><\/o:p><\/span><\/p>\n<p class=3texto style=\"MARGIN: 0cm 0cm 0pt\"><span style=\"FONT-SIZE: 10pt; FONT-FAMILY: Verdana; mso-bidi-font-size: 11.0pt\">&nbsp;<o:p><\/o:p><\/span><\/p>\n<p class=3texto style=\"MARGIN: 0cm 0cm 0pt\"><span style=\"FONT-SIZE: 10pt; FONT-FAMILY: Verdana; mso-bidi-font-size: 11.0pt\">Sarqu\u00eds tom\u00f3 del libro esos seres ni enteramente buenos ni odiosamente malos, y les agreg\u00f3 algunos de su cosecha, y unas cuantas frases, no todas igualmente inspiradas. Tambi\u00e9n sum\u00f3 algunas situaciones de un libro de cuentos de Angelino, <i>Con otro sol<\/i>. Del mismo sac\u00f3, por ejemplo, la figura del muchacho que se cree lobiz\u00f3n, y que el cineasta elabora en una hermosa secuencia sin palabras, titulada \u0093Bajo la luna\u0094. En una adaptaci\u00f3n bastante libre, pautada en cap\u00edtulos sin relaci\u00f3n directa con los del libro, el hombre sigui\u00f3 los hechos b\u00e1sicos, pero d\u00e1ndole un final m\u00e1s reconfortantes. Del conjunto, lo mejor qued\u00f3 en las im\u00e1genes y las actuaciones, y lo m\u00e1s irregular, en las palabras.<o:p><\/o:p><\/span><\/p>\n<p class=3texto style=\"MARGIN: 0cm 0cm 0pt\"><span style=\"FONT-SIZE: 10pt; FONT-FAMILY: Verdana; mso-bidi-font-size: 11.0pt\">&nbsp;<o:p><\/o:p><\/span><\/p>\n<p class=3texto style=\"MARGIN: 0cm 0cm 0pt\"><span style=\"FONT-SIZE: 10pt; FONT-FAMILY: Verdana; mso-bidi-font-size: 11.0pt\">Las actuaciones son casi todas buenas y muy buenas, y vale se\u00f1alar al fallecido V\u00edctor Manso, a Omar Fanucci, Pochi Ducasse, y Nora Fern\u00e1ndez, en sus respectivas composiciones de dos criollos, una vieja metida, y una joven esp\u00e1stica. A se\u00f1alar, asimismo, la fuerte presencia de eslovaco Peter Gavajda, un actor tan consistente, y en un personaje tan atractivo, que su sola desaparici\u00f3n de la pantalla marca un antes y despu\u00e9s demasiado grave para el relato.<o:p><\/o:p><\/span><\/p>\n<p class=3texto style=\"MARGIN: 0cm 0cm 0pt\"><span style=\"FONT-SIZE: 10pt; FONT-FAMILY: Verdana; mso-bidi-font-size: 11.0pt\">&nbsp;<o:p><\/o:p><\/span><\/p>\n<p><span style=\"FONT-SIZE: 10pt; FONT-FAMILY: Verdana; mso-bidi-font-family: 'Times New Roman'; mso-bidi-font-size: 12.0pt; mso-fareast-font-family: 'Times New Roman'; mso-ansi-language: ES; mso-fareast-language: ES; mso-bidi-language: AR-SA\">Las im\u00e1genes atrapan por s\u00ed mismas, y Sarqu\u00eds las potencia con el montaje, por lo general hecho de planos breves y extra\u00f1os, que hacen avanzar la historia mediante fragmentos sueltos, o por asociaciones, antes que por explicaciones verbales. As\u00ed, la sola existencia de un personaje (p.ej., un loco entre los pollitos), o un criollo que mira la lluvia mientras matea y piensa c\u00f3mo se pasa la vida, o un ternero junto a un caballo, anticipan de modo indirecto lo que va a ocurrir. Esa forma de narraci\u00f3n es muy atractiva, ronda y en ocasiones alcanza cierta poes\u00eda semibuc\u00f3lica, agradable de seguir. Quiz\u00e1 resulte algo problem\u00e1tica para algunos espectadores habituados a una narraci\u00f3n m\u00e1s convencional y a una presentaci\u00f3n m\u00e1s clara de personajes y conflictos. A ellos, entonces, podr\u00e1 gustarles el \u00faltimo tercio del relato, donde los protagonistas Graciela Borges y Germ\u00e1n Palacios desgranan algunas frases filosofales acaso innecesarias. En el recuerdo quedar\u00e1n, de todos modos, otras partes sin duda mejores y menos conversadas.<\/span><\/p>\n","protected":false},"excerpt":{"rendered":"<p>Se puede ir hacia el destino ciegamente, como hacia la punta de un cuchillo. Se pueden ir perdiendo las cosas, y la noci\u00f3n de las&#8230;<\/p>\n","protected":false},"author":7,"featured_media":0,"comment_status":"open","ping_status":"closed","sticky":false,"template":"","format":"standard","meta":{"_acf_changed":false,"_jetpack_newsletter_access":"","_jetpack_dont_email_post_to_subs":false,"_jetpack_newsletter_tier_id":0,"_jetpack_memberships_contains_paywalled_content":false,"_jetpack_memberships_contains_paid_content":false,"footnotes":""},"categories":[4],"tags":[],"class_list":["post-3572","post","type-post","status-publish","format-standard","hentry","category-cultura"],"acf":[],"jetpack_featured_media_url":"","jetpack_sharing_enabled":true,"jetpack_shortlink":"https:\/\/wp.me\/p6FC4i-VC","_links":{"self":[{"href":"https:\/\/www.revistacriterio.com.ar\/bloginst_new\/index.php?rest_route=\/wp\/v2\/posts\/3572","targetHints":{"allow":["GET"]}}],"collection":[{"href":"https:\/\/www.revistacriterio.com.ar\/bloginst_new\/index.php?rest_route=\/wp\/v2\/posts"}],"about":[{"href":"https:\/\/www.revistacriterio.com.ar\/bloginst_new\/index.php?rest_route=\/wp\/v2\/types\/post"}],"author":[{"embeddable":true,"href":"https:\/\/www.revistacriterio.com.ar\/bloginst_new\/index.php?rest_route=\/wp\/v2\/users\/7"}],"replies":[{"embeddable":true,"href":"https:\/\/www.revistacriterio.com.ar\/bloginst_new\/index.php?rest_route=%2Fwp%2Fv2%2Fcomments&post=3572"}],"version-history":[{"count":0,"href":"https:\/\/www.revistacriterio.com.ar\/bloginst_new\/index.php?rest_route=\/wp\/v2\/posts\/3572\/revisions"}],"wp:attachment":[{"href":"https:\/\/www.revistacriterio.com.ar\/bloginst_new\/index.php?rest_route=%2Fwp%2Fv2%2Fmedia&parent=3572"}],"wp:term":[{"taxonomy":"category","embeddable":true,"href":"https:\/\/www.revistacriterio.com.ar\/bloginst_new\/index.php?rest_route=%2Fwp%2Fv2%2Fcategories&post=3572"},{"taxonomy":"post_tag","embeddable":true,"href":"https:\/\/www.revistacriterio.com.ar\/bloginst_new\/index.php?rest_route=%2Fwp%2Fv2%2Ftags&post=3572"}],"curies":[{"name":"wp","href":"https:\/\/api.w.org\/{rel}","templated":true}]}}