{"id":3576,"date":"1998-03-16T12:08:34","date_gmt":"1998-03-16T12:08:34","guid":{"rendered":"http:\/\/www.revistacriterio.com.ar\/bloginst_new\/sin_categoria\/prisionero-de-la-esperanza\/"},"modified":"1998-03-16T12:08:34","modified_gmt":"1998-03-16T12:08:34","slug":"prisionero-de-la-esperanza","status":"publish","type":"post","link":"https:\/\/www.revistacriterio.com.ar\/bloginst_new\/?p=3576","title":{"rendered":"Prisionero de la esperanza"},"content":{"rendered":"<p><span><span style=\"FONT-SIZE: 10pt; FONT-FAMILY: Verdana; mso-bidi-font-size: 12.0pt\">La vida del doctor Prywes nos pone frente a una vocaci\u00f3n m\u00e9dica que no s\u00f3lo resisti\u00f3 las m\u00e1s duras pruebas que el racismo y la guerra desencadenaron en este siglo, sino que, superando el infortunio y sin perder la capacidad creativa, lleg\u00f3 finalmente a organizar una escuela m\u00e9dica innovadora en sus m\u00e9todos formativos y su inserci\u00f3n en la comunidad.<\/span><\/span><span style=\"FONT-SIZE: 12pt; FONT-FAMILY: Verdana; mso-bidi-font-family: 'Times New Roman'; mso-fareast-font-family: 'Times New Roman'; mso-ansi-language: ES; mso-fareast-language: ES; mso-bidi-language: AR-SA\"><?xml:namespace prefix = o ns = \"urn:schemas-microsoft-com:office:office\" \/><o:p><\/o:p><\/span><span><span style=\"FONT-SIZE: 10pt; FONT-FAMILY: Verdana; mso-bidi-font-size: 12.0pt\">&nbsp;<\/span><\/span><\/p>\n<p><span><span style=\"FONT-SIZE: 10pt; FONT-FAMILY: Verdana; mso-bidi-font-size: 12.0pt\"><o:p><\/o:p><\/span><\/span><span><span style=\"FONT-SIZE: 10pt; FONT-FAMILY: Verdana; mso-bidi-font-size: 12.0pt\">Nacido en Varsovia<\/span><\/span><span style=\"FONT-SIZE: 12pt; FONT-FAMILY: Verdana; mso-bidi-font-family: 'Times New Roman'; mso-fareast-font-family: 'Times New Roman'; mso-ansi-language: ES; mso-fareast-language: ES; mso-bidi-language: AR-SA\"> <\/span><span style=\"FONT-SIZE: 10pt; FONT-FAMILY: Verdana; mso-bidi-font-family: 'Times New Roman'; mso-bidi-font-size: 12.0pt; mso-fareast-font-family: 'Times New Roman'; mso-ansi-language: ES; mso-fareast-language: ES; mso-bidi-language: AR-SA\">-\u00abla capital jud\u00eda del mundo\u00bb<i>, <\/i>dice Elie Wiesel en el prefacio de esta atrapante biograf\u00eda-<\/span><span style=\"FONT-SIZE: 12pt; FONT-FAMILY: Verdana; mso-bidi-font-family: 'Times New Roman'; mso-fareast-font-family: 'Times New Roman'; mso-ansi-language: ES; mso-fareast-language: ES; mso-bidi-language: AR-SA\"> <\/span><span style=\"FONT-SIZE: 10pt; FONT-FAMILY: Verdana; mso-bidi-font-family: 'Times New Roman'; mso-bidi-font-size: 12.0pt; mso-fareast-font-family: 'Times New Roman'; mso-ansi-language: ES; mso-fareast-language: ES; mso-bidi-language: AR-SA\">en los a\u00f1os de la primera guerra mundial, su temprana vocaci\u00f3n m\u00e9dica habr\u00eda de sufrir de entrada la hostilidad de su universidad hacia el joven jud\u00edo cuyo padre<\/span><span style=\"FONT-SIZE: 12pt; FONT-FAMILY: Verdana; mso-bidi-font-family: 'Times New Roman'; mso-fareast-font-family: 'Times New Roman'; mso-ansi-language: ES; mso-fareast-language: ES; mso-bidi-language: AR-SA\"> <\/span><span style=\"FONT-SIZE: 10pt; FONT-FAMILY: Verdana; mso-bidi-font-family: 'Times New Roman'; mso-bidi-font-size: 12.0pt; mso-fareast-font-family: 'Times New Roman'; mso-ansi-language: ES; mso-fareast-language: ES; mso-bidi-language: AR-SA\">hab\u00eda luchado en defensa de la patria polaca.&nbsp;<\/span><span style=\"FONT-SIZE: 12pt; FONT-FAMILY: Verdana; mso-bidi-font-family: 'Times New Roman'; mso-fareast-font-family: 'Times New Roman'; mso-ansi-language: ES; mso-fareast-language: ES; mso-bidi-language: AR-SA\"><o:p><\/o:p><\/span><span><span style=\"FONT-SIZE: 10pt; FONT-FAMILY: Verdana; mso-bidi-font-size: 12.0pt\">&nbsp;<\/span><\/span><\/p>\n<p><span><span style=\"FONT-SIZE: 10pt; FONT-FAMILY: Verdana; mso-bidi-font-size: 12.0pt\"><o:p><\/o:p><\/span><\/span><span><span style=\"FONT-SIZE: 10pt; FONT-FAMILY: Verdana; mso-bidi-font-size: 12.0pt\">L<\/span><\/span><span><span style=\"FONT-SIZE: 10pt; FONT-FAMILY: Verdana; mso-bidi-font-size: 12.0pt\">a segunda guerra lo atrap\u00f3 entre la invasi\u00f3n<\/span><\/span><span style=\"FONT-SIZE: 12pt; FONT-FAMILY: Verdana; mso-bidi-font-family: 'Times New Roman'; mso-fareast-font-family: 'Times New Roman'; mso-ansi-language: ES; mso-fareast-language: ES; mso-bidi-language: AR-SA\"> <\/span><span style=\"FONT-SIZE: 10pt; FONT-FAMILY: Verdana; mso-bidi-font-family: 'Times New Roman'; mso-bidi-font-size: 12.0pt; mso-fareast-font-family: 'Times New Roman'; mso-ansi-language: ES; mso-fareast-language: ES; mso-bidi-language: AR-SA\">germana y la dominaci\u00f3n sovi\u00e9tica; padeci\u00f3 la persecuci\u00f3n de la primera y el rigor inhumano del Gulag<\/span><span style=\"FONT-SIZE: 12pt; FONT-FAMILY: Verdana; mso-bidi-font-family: 'Times New Roman'; mso-fareast-font-family: 'Times New Roman'; mso-ansi-language: ES; mso-fareast-language: ES; mso-bidi-language: AR-SA\"> <\/span><span style=\"FONT-SIZE: 10pt; FONT-FAMILY: Verdana; mso-bidi-font-family: 'Times New Roman'; mso-bidi-font-size: 12.0pt; mso-fareast-font-family: 'Times New Roman'; mso-ansi-language: ES; mso-fareast-language: ES; mso-bidi-language: AR-SA\">en la segunda, donde debi\u00f3 ocultar su condici\u00f3n de m\u00e9dico y<\/span><span style=\"FONT-SIZE: 12pt; FONT-FAMILY: Verdana; mso-bidi-font-family: 'Times New Roman'; mso-fareast-font-family: 'Times New Roman'; mso-ansi-language: ES; mso-fareast-language: ES; mso-bidi-language: AR-SA\"> <\/span><span style=\"FONT-SIZE: 10pt; FONT-FAMILY: Verdana; mso-bidi-font-family: 'Times New Roman'; mso-bidi-font-size: 12.0pt; mso-fareast-font-family: 'Times New Roman'; mso-ansi-language: ES; mso-fareast-language: ES; mso-bidi-language: AR-SA\">realizar<\/span><span style=\"FONT-SIZE: 12pt; FONT-FAMILY: Verdana; mso-bidi-font-family: 'Times New Roman'; mso-fareast-font-family: 'Times New Roman'; mso-ansi-language: ES; mso-fareast-language: ES; mso-bidi-language: AR-SA\"> <\/span><span style=\"FONT-SIZE: 10pt; FONT-FAMILY: Verdana; mso-bidi-font-family: 'Times New Roman'; mso-bidi-font-size: 12.0pt; mso-fareast-font-family: 'Times New Roman'; mso-ansi-language: ES; mso-fareast-language: ES; mso-bidi-language: AR-SA\">trabajos forzados. Finalizada la contienda feroz, y despu\u00e9s de no pocas peripecias, consigue llegar a su ansiado Isra el, que viv\u00eda<\/span><span style=\"FONT-SIZE: 12pt; FONT-FAMILY: Verdana; mso-bidi-font-family: 'Times New Roman'; mso-fareast-font-family: 'Times New Roman'; mso-ansi-language: ES; mso-fareast-language: ES; mso-bidi-language: AR-SA\"> <\/span><span style=\"FONT-SIZE: 10pt; FONT-FAMILY: Verdana; mso-bidi-font-family: 'Times New Roman'; mso-bidi-font-size: 12.0pt; mso-fareast-font-family: 'Times New Roman'; mso-ansi-language: ES; mso-fareast-language: ES; mso-bidi-language: AR-SA\">los momentos dif\u00edciles de su instalaci\u00f3n como Estado independiente.<\/span><span style=\"FONT-SIZE: 12pt; FONT-FAMILY: Verdana; mso-bidi-font-family: 'Times New Roman'; mso-fareast-font-family: 'Times New Roman'; mso-ansi-language: ES; mso-fareast-language: ES; mso-bidi-language: AR-SA\"><o:p><\/o:p><\/span><span><span style=\"FONT-SIZE: 10pt; FONT-FAMILY: Verdana; mso-bidi-font-size: 12.0pt\">&nbsp;<\/span><\/span><\/p>\n<p><span><span style=\"FONT-SIZE: 10pt; FONT-FAMILY: Verdana; mso-bidi-font-size: 12.0pt\"><o:p><\/o:p><\/span><\/span><span><span style=\"FONT-SIZE: 10pt; FONT-FAMILY: Verdana; mso-bidi-font-size: 12.0pt\">All\u00ed, desde el decanato de la escuela de medicina en la Universidad de Jerusalem,<\/span><\/span><span style=\"FONT-SIZE: 12pt; FONT-FAMILY: Verdana; mso-bidi-font-family: 'Times New Roman'; mso-fareast-font-family: 'Times New Roman'; mso-ansi-language: ES; mso-fareast-language: ES; mso-bidi-language: AR-SA\"> <\/span><span style=\"FONT-SIZE: 10pt; FONT-FAMILY: Verdana; mso-bidi-font-family: 'Times New Roman'; mso-bidi-font-size: 12.0pt; mso-fareast-font-family: 'Times New Roman'; mso-ansi-language: ES; mso-fareast-language: ES; mso-bidi-language: AR-SA\">despliega una intensa actividad. Despu\u00e9s de haber visitado los grandes centros m\u00e9dicos de EE.UU., como miembro de la OMS, comprendi\u00f3 la necesidad de una temprana vinculaci\u00f3n de los estudiantes de medicina con la realidad de los problemas de la salud de la gente en su medio social y comunitario, y la consecuente inserci\u00f3n de los centros m\u00e9dicos docentes en los hospitales generales.<\/span><span style=\"FONT-SIZE: 12pt; FONT-FAMILY: Verdana; mso-bidi-font-family: 'Times New Roman'; mso-fareast-font-family: 'Times New Roman'; mso-ansi-language: ES; mso-fareast-language: ES; mso-bidi-language: AR-SA\"><o:p><\/o:p><\/span><span><span style=\"FONT-SIZE: 10pt; FONT-FAMILY: Verdana; mso-bidi-font-size: 12.0pt\">&nbsp;<\/span><\/span><\/p>\n<p><span><span style=\"FONT-SIZE: 10pt; FONT-FAMILY: Verdana; mso-bidi-font-size: 12.0pt\"><o:p><\/o:p><\/span><\/span><span><span style=\"FONT-SIZE: 10pt; FONT-FAMILY: Verdana; mso-bidi-font-size: 12.0pt\">Lleg\u00f3 su gran oportunidad al ser designado organizador y decano de la naciente escuela de medicina de Beer<\/span><\/span><span style=\"FONT-SIZE: 12pt; FONT-FAMILY: Verdana; mso-bidi-font-family: 'Times New Roman'; mso-fareast-font-family: 'Times New Roman'; mso-ansi-language: ES; mso-fareast-language: ES; mso-bidi-language: AR-SA\">&#8211;<\/span><span style=\"FONT-SIZE: 10pt; FONT-FAMILY: Verdana; mso-bidi-font-family: 'Times New Roman'; mso-bidi-font-size: 12.0pt; mso-fareast-font-family: 'Times New Roman'; mso-ansi-language: ES; mso-fareast-language: ES; mso-bidi-language: AR-SA\">Sheva, en el Negueb. La circunstancia, no casual, de ser simult\u00e1neamente nombrado Director de los Servicios de Salud<\/span><span style=\"FONT-SIZE: 12pt; FONT-FAMILY: Verdana; mso-bidi-font-family: 'Times New Roman'; mso-fareast-font-family: 'Times New Roman'; mso-ansi-language: ES; mso-fareast-language: ES; mso-bidi-language: AR-SA\"> <\/span><span style=\"FONT-SIZE: 10pt; FONT-FAMILY: Verdana; mso-bidi-font-family: 'Times New Roman'; mso-bidi-font-size: 12.0pt; mso-fareast-font-family: 'Times New Roman'; mso-ansi-language: ES; mso-fareast-language: ES; mso-bidi-language: AR-SA\">de esa provincia, le permiti\u00f3 vincular los hospitales<\/span><span style=\"FONT-SIZE: 12pt; FONT-FAMILY: Verdana; mso-bidi-font-family: 'Times New Roman'; mso-fareast-font-family: 'Times New Roman'; mso-ansi-language: ES; mso-fareast-language: ES; mso-bidi-language: AR-SA\"> <\/span><span style=\"FONT-SIZE: 10pt; FONT-FAMILY: Verdana; mso-bidi-font-family: 'Times New Roman'; mso-bidi-font-size: 12.0pt; mso-fareast-font-family: 'Times New Roman'; mso-ansi-language: ES; mso-fareast-language: ES; mso-bidi-language: AR-SA\">p\u00fablicos a la docencia universitaria, posibilitando que los alumnos rotaran por los consultorios perif\u00e9ricos<\/span><span style=\"FONT-SIZE: 12pt; FONT-FAMILY: Verdana; mso-bidi-font-family: 'Times New Roman'; mso-fareast-font-family: 'Times New Roman'; mso-ansi-language: ES; mso-fareast-language: ES; mso-bidi-language: AR-SA\"> <\/span><span style=\"FONT-SIZE: 10pt; FONT-FAMILY: Verdana; mso-bidi-font-family: 'Times New Roman'; mso-bidi-font-size: 12.0pt; mso-fareast-font-family: 'Times New Roman'; mso-ansi-language: ES; mso-fareast-language: ES; mso-bidi-language: AR-SA\">y que los m\u00e9dicos de esos establecimientos quedaran asociados a la docencia universitaria. Esta idea, que otros hab\u00edan expresado, fue firmemente implementada en toda una regi\u00f3n, trascendiendo los l\u00edmites de un hospital \u00abpiloto\u00bb. Tambi\u00e9n es cierto que el transformador proyecto fue realizable en un medio que era un desierto en materia de rutinas profesionales. El experimento Beer-Sheva, en la universidad que lleva el nombre de Ben Guri\u00f3n, fue auspiciado por la OMS, mientras Prywes propon\u00eda: <i>\u00abhay que sacar a los m\u00e9dicos de los hospitales santificados y llevarlos a los consultorios donde se atiende a m\u00e1s del 80% de los pacientes\u00bb<\/i>.&nbsp;<\/span><span style=\"FONT-SIZE: 12pt; FONT-FAMILY: Verdana; mso-bidi-font-family: 'Times New Roman'; mso-fareast-font-family: 'Times New Roman'; mso-ansi-language: ES; mso-fareast-language: ES; mso-bidi-language: AR-SA\"><o:p><\/o:p><\/span><span><span style=\"FONT-SIZE: 10pt; FONT-FAMILY: Verdana; mso-bidi-font-size: 12.0pt\">&nbsp;<\/span><\/span><\/p>\n<p><span><span style=\"FONT-SIZE: 10pt; FONT-FAMILY: Verdana; mso-bidi-font-size: 12.0pt\"><o:p><\/o:p><\/span><\/span><span><span style=\"FONT-SIZE: 10pt; FONT-FAMILY: Verdana; mso-bidi-font-size: 12.0pt\">Hombre probado hasta el l\u00edmite, su vida es un testimonio del esp\u00edritu de servicio del m\u00e9dico y de su vocaci\u00f3n docente, que este libro relata con realismo.<o:p><\/o:p><\/span><\/span><\/p>\n","protected":false},"excerpt":{"rendered":"<p>La vida del doctor Prywes nos pone frente a una vocaci\u00f3n m\u00e9dica que no s\u00f3lo resisti\u00f3 las m\u00e1s duras pruebas que el racismo y la&#8230;<\/p>\n","protected":false},"author":7,"featured_media":0,"comment_status":"open","ping_status":"closed","sticky":false,"template":"","format":"standard","meta":{"_acf_changed":false,"_jetpack_newsletter_access":"","_jetpack_dont_email_post_to_subs":false,"_jetpack_newsletter_tier_id":0,"_jetpack_memberships_contains_paywalled_content":false,"_jetpack_memberships_contains_paid_content":false,"footnotes":""},"categories":[4],"tags":[],"class_list":["post-3576","post","type-post","status-publish","format-standard","hentry","category-cultura"],"acf":[],"jetpack_featured_media_url":"","jetpack_sharing_enabled":true,"jetpack_shortlink":"https:\/\/wp.me\/p6FC4i-VG","_links":{"self":[{"href":"https:\/\/www.revistacriterio.com.ar\/bloginst_new\/index.php?rest_route=\/wp\/v2\/posts\/3576","targetHints":{"allow":["GET"]}}],"collection":[{"href":"https:\/\/www.revistacriterio.com.ar\/bloginst_new\/index.php?rest_route=\/wp\/v2\/posts"}],"about":[{"href":"https:\/\/www.revistacriterio.com.ar\/bloginst_new\/index.php?rest_route=\/wp\/v2\/types\/post"}],"author":[{"embeddable":true,"href":"https:\/\/www.revistacriterio.com.ar\/bloginst_new\/index.php?rest_route=\/wp\/v2\/users\/7"}],"replies":[{"embeddable":true,"href":"https:\/\/www.revistacriterio.com.ar\/bloginst_new\/index.php?rest_route=%2Fwp%2Fv2%2Fcomments&post=3576"}],"version-history":[{"count":0,"href":"https:\/\/www.revistacriterio.com.ar\/bloginst_new\/index.php?rest_route=\/wp\/v2\/posts\/3576\/revisions"}],"wp:attachment":[{"href":"https:\/\/www.revistacriterio.com.ar\/bloginst_new\/index.php?rest_route=%2Fwp%2Fv2%2Fmedia&parent=3576"}],"wp:term":[{"taxonomy":"category","embeddable":true,"href":"https:\/\/www.revistacriterio.com.ar\/bloginst_new\/index.php?rest_route=%2Fwp%2Fv2%2Fcategories&post=3576"},{"taxonomy":"post_tag","embeddable":true,"href":"https:\/\/www.revistacriterio.com.ar\/bloginst_new\/index.php?rest_route=%2Fwp%2Fv2%2Ftags&post=3576"}],"curies":[{"name":"wp","href":"https:\/\/api.w.org\/{rel}","templated":true}]}}