{"id":3597,"date":"1998-02-07T12:08:34","date_gmt":"1998-02-07T12:08:34","guid":{"rendered":"http:\/\/www.revistacriterio.com.ar\/bloginst_new\/sin_categoria\/las-cosas-importantes\/"},"modified":"1998-02-07T12:08:34","modified_gmt":"1998-02-07T12:08:34","slug":"las-cosas-importantes","status":"publish","type":"post","link":"https:\/\/www.revistacriterio.com.ar\/bloginst_new\/?p=3597","title":{"rendered":"Las cosas importantes"},"content":{"rendered":"<p class=1y2Texto style=\"MARGIN: 0cm 0cm 0pt; TEXT-INDENT: 0cm\"><span style=\"COLOR: windowtext; FONT-FAMILY: Verdana; LETTER-SPACING: 0pt\">Hace poco m\u00e1s de quince a\u00f1os, despu\u00e9s de la derrota de Malvinas y cuando el descalabro de la dictadura militar permit\u00eda avizorar un renacer democr\u00e1tico, se vivieron en la Argentina tiempos de gran movilizaci\u00f3n social. Los partidos pol\u00edticos recib\u00edan afiliaciones masivas, los j\u00f3venes se entusiasmaban con la pol\u00edtica y la vida c\u00edvica, pintaban las paredes por convicci\u00f3n y no por dinero, llenaban las plazas y las canchas en actos preelectorales. La dirigencia pol\u00edtica ocupaba los pelda\u00f1os m\u00e1s altos de la escala de estima ciudadana.<?xml:namespace prefix = o ns = \"urn:schemas-microsoft-com:office:office\" \/><o:p><\/o:p><\/span><\/p>\n<p class=1y2Texto style=\"MARGIN: 0cm 0cm 0pt; TEXT-INDENT: 0cm\"><span style=\"COLOR: windowtext; FONT-FAMILY: Verdana; LETTER-SPACING: 0pt\">&nbsp;<o:p><\/o:p><\/span><\/p>\n<p class=1y2Texto style=\"MARGIN: 0cm 0cm 0pt\"><span style=\"COLOR: windowtext; FONT-FAMILY: Verdana; LETTER-SPACING: 0pt\">Pas\u00f3 el tiempo. Cambi\u00f3 el mundo y, muy especialmente, cambi\u00f3 la Argentina. S\u00f3lo los dirigentes pol\u00edticos permanecieron bastante iguales a s\u00ed mismos, con algunos cincuentones que siguen usufructuando una patente de \u0093j\u00f3venes dirigentes\u0094 obtenida entonces. A la vuelta de estos tres lustros, la pol\u00edtica ya no convoca. Los j\u00f3venes miran con escepticismo y se preocupan ante todo por su futuro individual en una lucha salvaje por sobrevivir econ\u00f3mica y socialmente. \u00bfQui\u00e9n puede imaginar hoy a multitudes recitando emocionadas el pre\u00e1mbulo de la Constituci\u00f3n Nacional?<o:p><\/o:p><\/span><\/p>\n<p class=1y2Texto style=\"MARGIN: 0cm 0cm 0pt\"><span style=\"COLOR: windowtext; FONT-FAMILY: Verdana; LETTER-SPACING: 0pt\">&nbsp;<o:p><\/o:p><\/span><\/p>\n<p class=1y2Texto style=\"MARGIN: 0cm 0cm 0pt\"><span style=\"COLOR: windowtext; FONT-FAMILY: Verdana; LETTER-SPACING: 0pt\">No podr\u00edamos en estas l\u00edneas analizar a fondo las razones de este cambio. En realidad, confesamos no concerlas. Podemos intuir unas u otras, locales o importadas. Pero s\u00ed queremos detenernos un momento en un hecho que, si no es <i>la <\/i>causa, al menos nos animamos a sospechar que contribuye grandemente al descr\u00e9dito de la dirigencia pol\u00edtica, al desd\u00e9n de los j\u00f3venes y el desencanto de los no tan j\u00f3venes, al peligroso hast\u00edo que provocan las \u0093noticias pol\u00edticas\u0094 entre nosotros.<o:p><\/o:p><\/span><\/p>\n<p class=1y2Texto style=\"MARGIN: 0cm 0cm 0pt\"><span style=\"COLOR: windowtext; FONT-FAMILY: Verdana; LETTER-SPACING: 0pt\">&nbsp;<o:p><\/o:p><\/span><\/p>\n<p class=1y2Texto style=\"MARGIN: 0cm 0cm 0pt\"><span style=\"COLOR: windowtext; FONT-FAMILY: Verdana; LETTER-SPACING: 0pt\">En octubre de 1997 hubo elecciones legislativas. 1998 es un a\u00f1o sin elecciones: en un pa\u00eds sensato, es un a\u00f1o para gobernar y administrar bien, para discutir temas relevantes antes de tener que agotarse en una campa\u00f1a electoral. Pero no. El d\u00eda antes de las elecciones de 1997 empez\u00f3 la campa\u00f1a para las que habr\u00e1n de ocurrir a fines de 1999. Incluso hay quienes act\u00faan y empe\u00f1an sus vidas con miras a las elecciones del 2003&#8230;<o:p><\/o:p><\/span><\/p>\n<p class=1y2Texto style=\"MARGIN: 0cm 0cm 0pt\"><span style=\"COLOR: windowtext; FONT-FAMILY: Verdana; LETTER-SPACING: 0pt\">&nbsp;<o:p><\/o:p><\/span><\/p>\n<p class=1y2Texto style=\"MARGIN: 0cm 0cm 0pt\"><span style=\"COLOR: windowtext; FONT-FAMILY: Verdana; LETTER-SPACING: 0pt\">El Gobierno perdi\u00f3 la elecciones. Negarse a reconocerlo fue un gesto entre pueril y soberbio. Pero m\u00e1s all\u00e1 de lo que se quisiera decir para la TV, claramente ten\u00eda dos caminos abiertos: recibir el mensaje del electorado y cambiar lo que fuera menester -personas, estilos y pol\u00edticas- para tener dos a\u00f1os finales de muy buena gesti\u00f3n; o ensimismarse reflotando la l\u00f3gica tradicional del peronismo de \u0093leales o traidores\u0094 y acentuar las impostaciones m\u00e1s rechazadas por la sociedad. El gobierno del presidente Menem eligi\u00f3 el segundo camino, el peor.<o:p><\/o:p><\/span><\/p>\n<p class=1y2Texto style=\"MARGIN: 0cm 0cm 0pt\"><span style=\"COLOR: windowtext; FONT-FAMILY: Verdana; LETTER-SPACING: 0pt\">&nbsp;<o:p><\/o:p><\/span><\/p>\n<p class=1y2Texto style=\"MARGIN: 0cm 0cm 0pt\"><span style=\"COLOR: windowtext; FONT-FAMILY: Verdana; LETTER-SPACING: 0pt\">El menemismo se divide entre quienes buscan denodadamente la forma de violentar la Constituci\u00f3n para posibilitar a su jefe una nueva aventura electoral en 1999 (y mientras tanto colocan minas en el camino de sus eventuales oponentes internos), y quienes buscan el modo de que Menem vuelva al gobierno (evitando ser investigado mientras tanto) en el 2003. Las rencillas internas del partido gobernante son p\u00fablicas y ocupan la mayor parte del tiempo de muchos funcionarios, gobernadores y legisladores. As\u00ed, la imagen que dejan los pol\u00edticos es que cuando acceden a alguna cuota de poder s\u00f3lo la emplean en tratar de conservarla o aumentarla peleando entre ellos, en un \u0093vale todo\u0094 que aterra.<o:p><\/o:p><\/span><\/p>\n<p class=1y2Texto style=\"MARGIN: 0cm 0cm 0pt\"><span style=\"COLOR: windowtext; FONT-FAMILY: Verdana; LETTER-SPACING: 0pt\">&nbsp;<o:p><\/o:p><\/span><\/p>\n<p class=1y2Texto style=\"MARGIN: 0cm 0cm 0pt\"><span style=\"COLOR: windowtext; FONT-FAMILY: Verdana; LETTER-SPACING: 0pt\">La oposici\u00f3n no parece estar mejor. Su victoria en las elecciones parlamentarias de 1997 permit\u00eda augurar que el Congreso ser\u00eda el escenario de grandes debates. No fue as\u00ed. Legisladores del Frepaso no tuvieron mejor idea que reflotar la cuesti\u00f3n de las leyes de amnist\u00eda de Alfons\u00edn, abriendo una herida dolorosa de sus socios de la UCR, poniendo al borde del colapso a la Alianza, y regalando un escenario favorable al gobierno. Un proyecto de ley in\u00fatil -que, todos saben, carecer\u00e1 de efectos jur\u00eddicos, que el Presidente, al mismo tiempo que pidi\u00f3 su tratamiento en sesiones extraordinarias anunci\u00f3 que lo vetar\u00eda&#8230;- fue el eje de la vida pol\u00edtica de estas semanas. Mientras tanto, el ahora ex capit\u00e1n Astiz fue sacado de su retiro y sali\u00f3 a decir cosas que ser\u00edan pat\u00e9ticas si no fueran tan atroces, para terminar dado de baja por el mismo presidente que lo ascendi\u00f3 hasta donde pudo e indult\u00f3 a sus comandantes.<o:p><\/o:p><\/span><\/p>\n<p class=1y2Texto style=\"MARGIN: 0cm 0cm 0pt\"><span style=\"COLOR: windowtext; FONT-FAMILY: Verdana; LETTER-SPACING: 0pt\">&nbsp;<o:p><\/o:p><\/span><\/p>\n<p class=1y2Texto style=\"MARGIN: 0cm 0cm 0pt\"><span style=\"COLOR: windowtext; FONT-FAMILY: Verdana; LETTER-SPACING: 0pt\">Pensemos un momento en un joven de diecisiete o dieciocho a\u00f1os (y que por lo tanto no vivi\u00f3 ni el terrorismo, ni la represi\u00f3n salvaje, ni la guerra de Malvinas, ni el renacer democr\u00e1tico ni, por supuesto, cuanto ocurri\u00f3 en las d\u00e9cadas anteriores). \u00bfQu\u00e9 atractivo puede hallar en <i>esa <\/i>pol\u00edtica? \u00bfQu\u00e9 puede llegar a entender de esas discusiones interminables sobre hechos que ocurrieron antes de que naciera, que ya no tienen remedio, que poco inciden sobre su futuro? \u00bfQu\u00e9 est\u00edmulo encontrar\u00e1 para participar en luchas donde otros, siempre los mismos, parecen pelear solamente por un bot\u00edn?<o:p><\/o:p><\/span><\/p>\n<p class=1y2Texto style=\"MARGIN: 0cm 0cm 0pt\"><span style=\"COLOR: windowtext; FONT-FAMILY: Verdana; LETTER-SPACING: 0pt\">&nbsp;<o:p><\/o:p><\/span><\/p>\n<p class=1y2Texto style=\"MARGIN: 0cm 0cm 0pt\"><span style=\"COLOR: windowtext; FONT-FAMILY: Verdana; LETTER-SPACING: 0pt\">Vale la pena detenerse en esto. Los afanes de la clase pol\u00edtica de hoy son tan ajenos a los j\u00f3venes, como eran a quienes hoy tienen cuarenta a\u00f1os los relatos de sus padres acerca del \u0093aluvi\u00f3n zool\u00f3gico\u0094 encabezado por Evita y el \u0093ex tirano pr\u00f3fugo\u0094, o acerca de los fusilamientos de la revoluci\u00f3n \u0093gorila\u0094 en 1956 (seg\u00fan de que lado estuviera la familia de uno). Relatos que no impidieron, y tal vez alentaron, violencias posteriores. Y cada generaci\u00f3n podr\u00e1 hallar ejemplos equivalentes.<o:p><\/o:p><\/span><\/p>\n<p class=1y2Texto style=\"MARGIN: 0cm 0cm 0pt\"><span style=\"COLOR: windowtext; FONT-FAMILY: Verdana; LETTER-SPACING: 0pt\">&nbsp;<o:p><\/o:p><\/span><\/p>\n<p class=1y2Texto style=\"MARGIN: 0cm 0cm 0pt\"><span style=\"COLOR: windowtext; FONT-FAMILY: Verdana; LETTER-SPACING: 0pt\">La apat\u00eda ciudadana y juvenil no es culpa de los ciudadanos y de los j\u00f3venes. La gran pregunta es <i>qui\u00e9n propone qu\u00e9<\/i>, hoy, en la Argentina. Y no se trata de proclamar grandes utop\u00edas, sino solamente de preocuparse por el presente y por el futuro, por la mayor\u00eda de las personas y sus vidas reales, y no por los devaneos de una far\u00e1ndula donde muchos dirigentes pol\u00edticos se sienten tan c\u00f3modos.<o:p><\/o:p><\/span><\/p>\n<p class=1y2Texto style=\"MARGIN: 0cm 0cm 0pt\"><span style=\"COLOR: windowtext; FONT-FAMILY: Verdana; LETTER-SPACING: 0pt\">&nbsp;<o:p><\/o:p><\/span><\/p>\n<p class=1y2Texto style=\"MARGIN: 0cm 0cm 0pt\"><span style=\"COLOR: windowtext; FONT-FAMILY: Verdana; LETTER-SPACING: 0pt\">\u00bfAcaso no hay temas importantes en la Argentina? No decimos que el pasado no lo sea, pero no es posible que se constituya en la principal preocupaci\u00f3n (o en la segunda m\u00e1s importante, luego de los apetitos de poder personal) de la dirigencia.<o:p><\/o:p><\/span><\/p>\n<p class=1y2Texto style=\"MARGIN: 0cm 0cm 0pt\"><span style=\"COLOR: windowtext; FONT-FAMILY: Verdana; LETTER-SPACING: 0pt\">A t\u00edtulo de ejemplo:<o:p><\/o:p><\/span><\/p>\n<p class=1y2Texto style=\"MARGIN: 0cm 0cm 0pt\"><span style=\"COLOR: windowtext; FONT-FAMILY: Verdana; LETTER-SPACING: 0pt\">&nbsp;<o:p><\/o:p><\/span><\/p>\n<p class=1y2Texto style=\"MARGIN: 0cm 0cm 0pt\"><span style=\"COLOR: windowtext; FONT-FAMILY: Verdana; LETTER-SPACING: 0pt\">\u00bfQui\u00e9n piensa hoy seriamente la transformaci\u00f3n educativa?<o:p><\/o:p><\/span><\/p>\n<p class=1y2Texto style=\"MARGIN: 0cm 0cm 0pt\"><span style=\"COLOR: windowtext; FONT-FAMILY: Verdana; LETTER-SPACING: 0pt\">&nbsp;<o:p><\/o:p><\/span><\/p>\n<p class=1y2Texto style=\"MARGIN: 0cm 0cm 0pt\"><span style=\"COLOR: windowtext; FONT-FAMILY: Verdana; LETTER-SPACING: 0pt\">Si la econom\u00eda marcha con \u0093piloto autom\u00e1tico\u0094 -situaci\u00f3n que el Gobierno exhibe como un logro-, la sociedad necesita saber, y sobre todo los perdedores del modelo -los desempleados sin esperanza de obtener empleo, las poblaciones marginadas del interior, los comerciantes aplastados por los hipermercados&#8230;-, hacia d\u00f3nde nos lleva ese piloto.<o:p><\/o:p><\/span><\/p>\n<p class=1y2Texto style=\"MARGIN: 0cm 0cm 0pt\"><span style=\"COLOR: windowtext; FONT-FAMILY: Verdana; LETTER-SPACING: 0pt\">&nbsp;<o:p><\/o:p><\/span><\/p>\n<p class=1y2Texto style=\"MARGIN: 0cm 0cm 0pt\"><span style=\"COLOR: windowtext; FONT-FAMILY: Verdana; LETTER-SPACING: 0pt\">La Justicia en la Argentina vive una crisis estremecedora&#8230;<o:p><\/o:p><\/span><\/p>\n<p class=1y2Texto style=\"MARGIN: 0cm 0cm 0pt\"><span style=\"COLOR: windowtext; FONT-FAMILY: Verdana; LETTER-SPACING: 0pt\">&nbsp;<o:p><\/o:p><\/span><\/p>\n<p class=1y2Texto style=\"MARGIN: 0cm 0cm 0pt\"><span style=\"COLOR: windowtext; FONT-FAMILY: Verdana; LETTER-SPACING: 0pt\">Y as\u00ed podr\u00eda seguir la lista de temas importantes que est\u00e1n pendientes. Pero lo importante no parece importar a la dirigencia pol\u00edtica. Las cuestiones m\u00e1s complejas y delicadas, si son propuestas al debate, no lo son de modo serio, sino como cascotes que se arrojan al adversario porque se calcula que as\u00ed se lo puede perjudicar electoralmente.<o:p><\/o:p><\/span><\/p>\n<p class=1y2Texto style=\"MARGIN: 0cm 0cm 0pt\"><span style=\"COLOR: windowtext; FONT-FAMILY: Verdana; LETTER-SPACING: 0pt\">&nbsp;<o:p><\/o:p><\/span><\/p>\n<p class=1y2Texto style=\"MARGIN: 0cm 0cm 0pt\"><span style=\"COLOR: windowtext; FONT-FAMILY: Verdana; LETTER-SPACING: 0pt\">A ocuparnos, entonces, de las cosas importantes. Cada uno de nosotros en su \u00e1mbito, y urgiendo a nuestros dirigentes pol\u00edticos para que presten atenci\u00f3n a ellas. Que los partidos vuelvan a ser el cauce normal de las iniciativas sociales. Que el Congreso sea el \u00e1mbito de discusi\u00f3n elevada y racional donde se tracen caminos para el futuro del pa\u00eds, se debatan los grandes temas, se recupere el sentido arquitect\u00f3nico de la pol\u00edtica. Que los cristianos seamos capaces de aportar constructivamente a la labor com\u00fan de hacer una Argentina mejor en un mundo nuevo. Estas son las tareas para un 1998, que reci\u00e9n comienza.<o:p><\/o:p><\/span><\/p>\n","protected":false},"excerpt":{"rendered":"<p>Hace poco m\u00e1s de quince a\u00f1os, despu\u00e9s de la derrota de Malvinas y cuando el descalabro de la dictadura militar permit\u00eda avizorar un renacer democr\u00e1tico,&#8230;<\/p>\n","protected":false},"author":7,"featured_media":0,"comment_status":"open","ping_status":"closed","sticky":false,"template":"","format":"standard","meta":{"_acf_changed":false,"_jetpack_newsletter_access":"","_jetpack_dont_email_post_to_subs":false,"_jetpack_newsletter_tier_id":0,"_jetpack_memberships_contains_paywalled_content":false,"_jetpack_memberships_contains_paid_content":false,"footnotes":""},"categories":[3],"tags":[],"class_list":["post-3597","post","type-post","status-publish","format-standard","hentry","category-politica-economia"],"acf":[],"jetpack_featured_media_url":"","jetpack_sharing_enabled":true,"jetpack_shortlink":"https:\/\/wp.me\/p6FC4i-W1","_links":{"self":[{"href":"https:\/\/www.revistacriterio.com.ar\/bloginst_new\/index.php?rest_route=\/wp\/v2\/posts\/3597","targetHints":{"allow":["GET"]}}],"collection":[{"href":"https:\/\/www.revistacriterio.com.ar\/bloginst_new\/index.php?rest_route=\/wp\/v2\/posts"}],"about":[{"href":"https:\/\/www.revistacriterio.com.ar\/bloginst_new\/index.php?rest_route=\/wp\/v2\/types\/post"}],"author":[{"embeddable":true,"href":"https:\/\/www.revistacriterio.com.ar\/bloginst_new\/index.php?rest_route=\/wp\/v2\/users\/7"}],"replies":[{"embeddable":true,"href":"https:\/\/www.revistacriterio.com.ar\/bloginst_new\/index.php?rest_route=%2Fwp%2Fv2%2Fcomments&post=3597"}],"version-history":[{"count":0,"href":"https:\/\/www.revistacriterio.com.ar\/bloginst_new\/index.php?rest_route=\/wp\/v2\/posts\/3597\/revisions"}],"wp:attachment":[{"href":"https:\/\/www.revistacriterio.com.ar\/bloginst_new\/index.php?rest_route=%2Fwp%2Fv2%2Fmedia&parent=3597"}],"wp:term":[{"taxonomy":"category","embeddable":true,"href":"https:\/\/www.revistacriterio.com.ar\/bloginst_new\/index.php?rest_route=%2Fwp%2Fv2%2Fcategories&post=3597"},{"taxonomy":"post_tag","embeddable":true,"href":"https:\/\/www.revistacriterio.com.ar\/bloginst_new\/index.php?rest_route=%2Fwp%2Fv2%2Ftags&post=3597"}],"curies":[{"name":"wp","href":"https:\/\/api.w.org\/{rel}","templated":true}]}}