{"id":3692,"date":"1997-10-24T12:08:34","date_gmt":"1997-10-24T12:08:34","guid":{"rendered":"http:\/\/www.revistacriterio.com.ar\/bloginst_new\/sin_categoria\/tecnica-y-poesia\/"},"modified":"1997-10-24T12:08:34","modified_gmt":"1997-10-24T12:08:34","slug":"tecnica-y-poesia","status":"publish","type":"post","link":"https:\/\/www.revistacriterio.com.ar\/bloginst_new\/?p=3692","title":{"rendered":"T\u00e9cnica y poes\u00eda"},"content":{"rendered":"<p class=CuadrosTexto style=\"MARGIN: 0cm 0cm 0pt\"><span style=\"FONT-FAMILY: Verdana; LETTER-SPACING: 0pt\">Pareciera que en la medida en que nos encaminamos hacia una mayor o total tecnificaci\u00f3n, la palabra po\u00e9tica queda cada vez m\u00e1s relegada, oscurecida por el brillo del poder\u00edo de los artefactos y la velocidad de la informaci\u00f3n. Pero si, por el contrario, echamos una mirada hacia todo aquello que no es instrumentalizable, lo casi in\u00fatil y hasta desechado, la poes\u00eda adquiere un valor raro y propio que nos advierte del reverso de este mundo tecnol\u00f3gico. <?xml:namespace prefix = o ns = \"urn:schemas-microsoft-com:office:office\" \/><o:p><\/o:p><\/span><\/p>\n<p class=CuadrosTexto style=\"MARGIN: 0cm 0cm 0pt\"><span style=\"FONT-FAMILY: Verdana; LETTER-SPACING: 0pt\">&nbsp;<o:p><\/o:p><\/span><\/p>\n<p class=CuadrosTexto style=\"MARGIN: 0cm 0cm 0pt\"><span style=\"FONT-FAMILY: Verdana; LETTER-SPACING: 0pt\">Es que t\u00e9cnica y poes\u00eda mantienen una relaci\u00f3n diametralmente opuesta con las cosas, el mundo, el lenguaje. La t\u00e9cnica crece mediante el aumento de su poder de disposici\u00f3n, generando un estado de seguridad que oculta la fragilidad y la vulnerabilidad de la existencia. La poes\u00eda, de manera totalmente diferente, se sit\u00faa en los m\u00e1rgenes de este mundo y mira lo que se niega y reniega a entregarse a nuestro poder, y que cuanto m\u00e1s intentamos apresarlo, tanto m\u00e1s se sustrae. <o:p><\/o:p><\/span><\/p>\n<p class=CuadrosTexto style=\"MARGIN: 0cm 0cm 0pt\"><span style=\"FONT-FAMILY: Verdana; LETTER-SPACING: 0pt\"><span style=\"mso-spacerun: yes\">&nbsp;<\/span><o:p><\/o:p><\/span><\/p>\n<p class=CuadrosTexto style=\"MARGIN: 0cm 0cm 0pt\"><span style=\"FONT-FAMILY: Verdana; LETTER-SPACING: 0pt\">El riesgo radica en que, deslumbrados con la t\u00e9cnica, construyamos sobre la ilusi\u00f3n de que todo es disponible, y que el lenguaje es s\u00f3lo un instrumento o un medio para imperar sobre las cosas. La sensaci\u00f3n de posesi\u00f3n inmediata, el desgaste medi\u00e1tico del lenguaje, la facilidad con la que navegamos en busca de informaciones y noticias, nos conduce tambi\u00e9n a descubrir que no todo es disponible, y que las noticias que m\u00e1s esperamos recibir son las que provienen de la gratuidad. <o:p><\/o:p><\/span><\/p>\n<p class=CuadrosTexto style=\"MARGIN: 0cm 0cm 0pt\"><span style=\"FONT-FAMILY: Verdana; LETTER-SPACING: 0pt\">&nbsp;<o:p><\/o:p><\/span><\/p>\n<p class=CuadrosTexto style=\"MARGIN: 0cm 0cm 0pt\"><span style=\"FONT-FAMILY: Verdana; LETTER-SPACING: 0pt\">Siempre la poes\u00eda ha habitado los l\u00edmites de la palabra, ese estrecho paso del lenguaje que re\u00fane lo decible con lo inefable. El amor, el dolor, en fin, lo gratuito, forman parte de estos marginales desechos. Solamente desde el dolor resulta digno hablar del dolor. De otro modo, es preferible cultivar el silencio, y acompa\u00f1ar con nuestra presencia ante lo inefable. Es que ante el dolor comprobamos la indisposici\u00f3n de un mundo lleno de palabras, pero a menudo carente de sentido. Por eso, parad\u00f3jicamente, en los momentos en que vivenciamos el \u0093indicio\u0094 de estar vivos, tambi\u00e9n nos encontramos mendigando palabras. <o:p><\/o:p><\/span><\/p>\n<p class=CuadrosTexto style=\"MARGIN: 0cm 0cm 0pt\"><span style=\"FONT-FAMILY: Verdana; LETTER-SPACING: 0pt\">&nbsp;<o:p><\/o:p><\/span><\/p>\n<p class=CuadrosTexto style=\"MARGIN: 0cm 0cm 0pt\"><span style=\"FONT-FAMILY: Verdana; LETTER-SPACING: 0pt\">El lenguaje choca contra sus l\u00edmites, y entonces los poetas, y de ellos s\u00f3lo algunos, logran contener en la palabra aquello que hondamente nos constituye y nos reh\u00faye.<o:p><\/o:p><\/span><\/p>\n","protected":false},"excerpt":{"rendered":"<p>Pareciera que en la medida en que nos encaminamos hacia una mayor o total tecnificaci\u00f3n, la palabra po\u00e9tica queda cada vez m\u00e1s relegada, oscurecida por&#8230;<\/p>\n","protected":false},"author":7,"featured_media":0,"comment_status":"open","ping_status":"closed","sticky":false,"template":"","format":"standard","meta":{"_acf_changed":false,"_jetpack_newsletter_access":"","_jetpack_dont_email_post_to_subs":false,"_jetpack_newsletter_tier_id":0,"_jetpack_memberships_contains_paywalled_content":false,"_jetpack_memberships_contains_paid_content":false,"footnotes":""},"categories":[4],"tags":[],"class_list":["post-3692","post","type-post","status-publish","format-standard","hentry","category-cultura"],"acf":[],"jetpack_featured_media_url":"","jetpack_sharing_enabled":true,"jetpack_shortlink":"https:\/\/wp.me\/p6FC4i-Xy","_links":{"self":[{"href":"https:\/\/www.revistacriterio.com.ar\/bloginst_new\/index.php?rest_route=\/wp\/v2\/posts\/3692","targetHints":{"allow":["GET"]}}],"collection":[{"href":"https:\/\/www.revistacriterio.com.ar\/bloginst_new\/index.php?rest_route=\/wp\/v2\/posts"}],"about":[{"href":"https:\/\/www.revistacriterio.com.ar\/bloginst_new\/index.php?rest_route=\/wp\/v2\/types\/post"}],"author":[{"embeddable":true,"href":"https:\/\/www.revistacriterio.com.ar\/bloginst_new\/index.php?rest_route=\/wp\/v2\/users\/7"}],"replies":[{"embeddable":true,"href":"https:\/\/www.revistacriterio.com.ar\/bloginst_new\/index.php?rest_route=%2Fwp%2Fv2%2Fcomments&post=3692"}],"version-history":[{"count":0,"href":"https:\/\/www.revistacriterio.com.ar\/bloginst_new\/index.php?rest_route=\/wp\/v2\/posts\/3692\/revisions"}],"wp:attachment":[{"href":"https:\/\/www.revistacriterio.com.ar\/bloginst_new\/index.php?rest_route=%2Fwp%2Fv2%2Fmedia&parent=3692"}],"wp:term":[{"taxonomy":"category","embeddable":true,"href":"https:\/\/www.revistacriterio.com.ar\/bloginst_new\/index.php?rest_route=%2Fwp%2Fv2%2Fcategories&post=3692"},{"taxonomy":"post_tag","embeddable":true,"href":"https:\/\/www.revistacriterio.com.ar\/bloginst_new\/index.php?rest_route=%2Fwp%2Fv2%2Ftags&post=3692"}],"curies":[{"name":"wp","href":"https:\/\/api.w.org\/{rel}","templated":true}]}}