{"id":3720,"date":"2009-08-04T15:30:29","date_gmt":"2009-08-04T18:30:29","guid":{"rendered":"http:\/\/www.revistacriterio.com.ar\/bloginst_new\/?p=3720"},"modified":"2009-08-04T15:30:29","modified_gmt":"2009-08-04T18:30:29","slug":"declinacion","status":"publish","type":"post","link":"https:\/\/www.revistacriterio.com.ar\/bloginst_new\/?p=3720","title":{"rendered":"M\u00e1s all\u00e1 de la declinaci\u00f3n"},"content":{"rendered":"<p>Los ciudadanos vivimos un clima de expectativa en la que se mezclan los sobresaltos con la esperanza. Al resultado de las recientes elecciones\/plebiscito, se agregan los escasos dos a\u00f1os que quedan para definir el signo del pr\u00f3ximo equipo gobernante. Los discursos de la reciente campa\u00f1a electoral nos muestran cautivos de una pol\u00edtica literaria indiferente a la realidad.\u00a0<!--more-->\u00a0Esa forma de expresi\u00f3n pol\u00edtica, no es exclusiva de un partido y en realidad oculta \u2013o pretende hacerlo\u2013 la diferencia sustantiva entre valores proclamados y conductas, las\u00a0 que generalmente van por el lado m\u00e1s sombr\u00edo de la realidad.<\/p>\n<p>Que el gobierno llame al di\u00e1logo implica el reconocimiento de que hasta ahora ha privado el mon\u00f3logo. Esta es la verdadera cara del proclamado modelo que, por lo que se observa, se refiere m\u00e1s a una metodolog\u00eda para administrar el poder que a un programa de gesti\u00f3n. Y es probable que el di\u00e1logo sea una nueva forma de cambiar las apariencias para conservar el n\u00facleo duro de la administraci\u00f3n: disciplinar voluntades con la zanahoria o el garrote, es decir, con la caja o el ostracismo pol\u00edtico. A pesar de las vacas flacas y un poder pol\u00edtico declinante es mucho lo que el poder K todav\u00eda puede negociar. Lo har\u00e1 en primer lugar puertas adentro del PJ, repartiendo los privilegios que le quedan por conceder a gobernadores, intendentes, sindicalistas y empresarios amigos a cambio de impunidad\u00a0 y acaso de posiciones expectantes para el pr\u00f3ximo turno electoral. Si un m\u00e9rito tiene la administraci\u00f3n vencida es que no pierde su capacidad de iniciativa ni su movilidad ideol\u00f3gica, creando un escenario de expectativas en el que la oposici\u00f3n parece pintada. Por eso, aunque es bueno mirar y atender el llamado del Ejecutivo, ahora es m\u00e1s importante fortalecer y observar el comportamiento del poder legislativo, donde se determina el mediano y largo plazo, donde se consolidan las verdaderas alianzas que se traducen luego en programas y acciones de gobierno.<\/p>\n<p>En efecto, la oposici\u00f3n tiene la gran oportunidad, en los pr\u00f3ximos dos a\u00f1os hasta las elecciones de 2011, cuanto menos de marcar la cancha para remover obst\u00e1culos que permitan un salto de legitimidad. A t\u00edtulo de hoja de ruta, se trata de las problem\u00e1ticas referidas a la solvencia fiscal, la vigencia de superpoderes, el sinceramiento de las estad\u00edsticas p\u00fablicas, el Consejo de la Magistratura y obviamente, la reforma pol\u00edtica con el resultante r\u00e9gimen electoral. Todas cuestiones que permiten elevar la \u201cpol\u00edtica literaria\u201d a un discurso que no se reduzca a simples contragolpes a las ocurrencias del adversario.<\/p>\n<p>Por encima de estos problemas flotan cuestiones m\u00e1s definitorias del pa\u00eds que queremos construir. Se refieren a qu\u00e9 tipo de poder y cu\u00e1les son los atributos de su legitimidad, cuestiones que ocuparon y ocupan el pensamiento pol\u00edtico de los \u00faltimos siglos. Simplificando decimos que queremos un poder ejercido en el marco de la ley que ha sido legitimada democr\u00e1ticamente. Estas cuestiones no se resuelven en dos a\u00f1os y menos aun en medio de la turbulencia. Pero su tratamiento y principio de soluci\u00f3n comienza despu\u00e9s del d\u00eda que nos propongamos resolver la transici\u00f3n hacia un gobierno m\u00e1s trasparente, m\u00e1s abierto al di\u00e1logo, m\u00e1s modesto, que es lo mismo que decir sanamente ambicioso.<\/p>\n<p>La oposici\u00f3n debe proponer una clara agenda legislativa que haga posible este camino. Acaso un primer paso sea impulsar de una vez por todas con la eliminaci\u00f3n de la delegaci\u00f3n legislativa, dispuesta por la Constituci\u00f3n de 1994 y varias veces postergada, de manera que el Congreso reasuma en plenitud las facultades que le son propias rescatando el lugar de los debates de fondo que el pa\u00eds necesita. Urge pensar adem\u00e1s la gobernabilidad de hoy, dado que la Presidenta ha demostrado d\u00e9bil capacidad de gesti\u00f3n y negociaci\u00f3n. El tr\u00e1nsito debe ir por los carriles constitucionales, pero no puede pensarse seriamente que un mero lifting del gabinete signifique alguna soluci\u00f3n. La oposici\u00f3n, toda la dirigencia, y la sociedad civil\u00a0 deben comenzar a armar un andamiaje pol\u00edtico con la mirada m\u00e1s all\u00e1 de la declinaci\u00f3n de la facci\u00f3n gobernante.<\/p>\n<p>Es una empresa no exenta de dificultades, porque la acci\u00f3n legislativa \u2013por eficiente que sea\u2013 no puede sustituir los d\u00e9ficits de gesti\u00f3n administrativa. Pero esta \u00faltima es lo que sabemos que es y aqu\u00e9lla est\u00e1 a\u00fan por verse.<\/p>\n","protected":false},"excerpt":{"rendered":"<p>Los ciudadanos vivimos un clima de expectativa en la que se mezclan los sobresaltos con la esperanza. Al resultado de las recientes elecciones\/plebiscito, se agregan&#8230;<\/p>\n","protected":false},"author":7,"featured_media":0,"comment_status":"open","ping_status":"open","sticky":false,"template":"","format":"standard","meta":{"_acf_changed":false,"_jetpack_newsletter_access":"","_jetpack_dont_email_post_to_subs":false,"_jetpack_newsletter_tier_id":0,"_jetpack_memberships_contains_paywalled_content":false,"_jetpack_memberships_contains_paid_content":false,"footnotes":""},"categories":[7,6],"tags":[10,11,12],"class_list":["post-3720","post","type-post","status-publish","format-standard","hentry","category-editoriales","category-nota-tapa","tag-candidatos","tag-debates","tag-votos"],"acf":[],"jetpack_featured_media_url":"","jetpack_sharing_enabled":true,"jetpack_shortlink":"https:\/\/wp.me\/p6FC4i-Y0","_links":{"self":[{"href":"https:\/\/www.revistacriterio.com.ar\/bloginst_new\/index.php?rest_route=\/wp\/v2\/posts\/3720","targetHints":{"allow":["GET"]}}],"collection":[{"href":"https:\/\/www.revistacriterio.com.ar\/bloginst_new\/index.php?rest_route=\/wp\/v2\/posts"}],"about":[{"href":"https:\/\/www.revistacriterio.com.ar\/bloginst_new\/index.php?rest_route=\/wp\/v2\/types\/post"}],"author":[{"embeddable":true,"href":"https:\/\/www.revistacriterio.com.ar\/bloginst_new\/index.php?rest_route=\/wp\/v2\/users\/7"}],"replies":[{"embeddable":true,"href":"https:\/\/www.revistacriterio.com.ar\/bloginst_new\/index.php?rest_route=%2Fwp%2Fv2%2Fcomments&post=3720"}],"version-history":[{"count":0,"href":"https:\/\/www.revistacriterio.com.ar\/bloginst_new\/index.php?rest_route=\/wp\/v2\/posts\/3720\/revisions"}],"wp:attachment":[{"href":"https:\/\/www.revistacriterio.com.ar\/bloginst_new\/index.php?rest_route=%2Fwp%2Fv2%2Fmedia&parent=3720"}],"wp:term":[{"taxonomy":"category","embeddable":true,"href":"https:\/\/www.revistacriterio.com.ar\/bloginst_new\/index.php?rest_route=%2Fwp%2Fv2%2Fcategories&post=3720"},{"taxonomy":"post_tag","embeddable":true,"href":"https:\/\/www.revistacriterio.com.ar\/bloginst_new\/index.php?rest_route=%2Fwp%2Fv2%2Ftags&post=3720"}],"curies":[{"name":"wp","href":"https:\/\/api.w.org\/{rel}","templated":true}]}}