{"id":3732,"date":"2009-08-04T17:25:54","date_gmt":"2009-08-04T20:25:54","guid":{"rendered":"http:\/\/www.revistacriterio.com.ar\/bloginst_new\/?p=3732"},"modified":"2009-08-04T17:25:54","modified_gmt":"2009-08-04T20:25:54","slug":"crisis-del-pj-crisis-del-pais","status":"publish","type":"post","link":"https:\/\/www.revistacriterio.com.ar\/bloginst_new\/?p=3732","title":{"rendered":"Crisis del PJ, crisis del pa\u00eds"},"content":{"rendered":"<p>El resultado de las elecciones del 28 de junio, adverso para el peronismo K, interrumpe una carrera al vac\u00edo similar a la que, con otros medios y fines, emprendieron las formaciones montoneras en la d\u00e9cada del 70. <!--more-->Sin embargo, trat\u00e1ndose del PJ, es de esperar un reacomodamiento interno que provoque la salida de algunas figuras y la llegada de otras, sin alterar necesariamente la din\u00e1mica corporativa que constituye su esencia, acostumbrado a repartir favores a cambio de oportunas lealtades. Alguien conocedor de estos vaivenes defini\u00f3 al PJ como \u201cuna cooperativa de traidores que festejan juntos el d\u00eda de la lealtad\u201d. As\u00ed, cualquiera sea el elegido para presidir el PJ o para representarlo en 2011, deber\u00e1 demostrar gran flexibilidad y tolerancia para preservar su unidad. Tarea que dif\u00edcilmente se combina con la necesidad de encarar las transformaciones que requiere la Argentina. A esta altura cabe preguntarse si lo que es bueno para el PJ como estructura de poder lo sea tambi\u00e9n para el pa\u00eds y viceversa.<br \/>\nPero la cuesti\u00f3n no se limita s\u00f3lo al PJ. Hemos llegado a semejante situaci\u00f3n de confusi\u00f3n conceptual y de arbitrariedad, manifiesta en todos los espacios de la convivencia social, que no sabemos si todav\u00eda queda margen para una correcci\u00f3n del rumbo. No se trata de desconocer la natural crispaci\u00f3n propia de los per\u00edodos electorales sino de observar el retroceso que, sin pausa, refleja la educaci\u00f3n, la salud, la seguridad y el empleo. Y reconocer que estas carencias son disimuladas con paliativos como el aumento del empleo p\u00fablico, los subsidios, la estatizaci\u00f3n de fuentes productivas, los controles en la comercializaci\u00f3n de bienes y del flujo de capitales que, entre otras medidas, han demostrado repetidamente acentuar el deterioro social. A pesar de ello, tanto el Frente para la Victoria como buena parte de los partidos de la oposici\u00f3n han optado por el discurso de un Estado paternalista para lograr el aplauso f\u00e1cil. Baste recordar las contradicciones de los voceros de Uni\u00f3n-Pro, la coalici\u00f3n vencedora en Buenos Aires, a prop\u00f3sito de las privatizaciones, por no mencionar las pretensiones ut\u00f3picas y fuera de aplicaci\u00f3n pr\u00e1ctica lanzadas por Fernando \u201cPino\u201d Solanas, lo que le vali\u00f3 un meritorio segundo puesto en la Capital. Todo esto demuestra la preeminencia de los l\u00edderes sobre los programas partidarios; y la importancia creciente del electorado independiente sobre el voto cautivo, importancia que, en la \u00faltima contienda, representa m\u00e1s del 25% de la suma de los votos alcanzados por ambos peronismos. Una combinaci\u00f3n que, lamentablemente, alimenta la volatilidad del voto y la fragmentaci\u00f3n de partidos en \u00e9pocas en las que se requieren consensos para el dise\u00f1o de pol\u00edticas de Estado.<br \/>\nMientras el PJ se reacomoda es mucho lo que los dem\u00e1s partidos, y particularmente los integrantes de la Coalici\u00f3n C\u00edvica, pueden aportar. No s\u00f3lo en el plano legislativo sino tambi\u00e9n en el program\u00e1tico, rescatando, por ejemplo, las grandes reformas pendientes que fueron exhaustivamente formuladas en 2002 por la Mesa del Di\u00e1logo Argentino y luego prolijamente olvidadas por la administraci\u00f3n K. Es obvio que cuanto m\u00e1s crezca el protagonismo de la Coalici\u00f3n C\u00edvica, si logra perfilarse como competidor serio en 2011, mayor ser\u00e1 la respuesta virtuosa dentro del PJ. En ese sentido, y teniendo en cuenta tanto la experiencia del Pacto de Olivos como la de la misma Alianza, es dudosa la conveniencia para dicha oposici\u00f3n de abrazarse a alg\u00fan peronismo residual.<br \/>\nLa reciente invitaci\u00f3n del Gobierno al di\u00e1logo es positiva en cuanto se entienda que m\u00e1s que di\u00e1logo se requiere negociaci\u00f3n. Los dos temas m\u00e1s acuciantes son el financiamiento p\u00fablico y la reforma pol\u00edtica, y en ambos casos habr\u00e1 que arbitrar entre intereses contrapuestos en un horizonte mediato. Ser\u00eda bueno entonces que, en lugar de declaraciones altisonantes, se avanzara con un programa de transici\u00f3n hasta 2011 para permitir a las nuevas autoridades, legitimadas mediante elecciones partidarias internas, gobernadores incluidos, encarar las reformas de fondo que el pa\u00eds reclama.<\/p>\n","protected":false},"excerpt":{"rendered":"<p>El resultado de las elecciones del 28 de junio, adverso para el peronismo K, interrumpe una carrera al vac\u00edo similar a la que, con otros&#8230;<\/p>\n","protected":false},"author":7,"featured_media":0,"comment_status":"open","ping_status":"open","sticky":false,"template":"","format":"standard","meta":{"_acf_changed":false,"_jetpack_newsletter_access":"","_jetpack_dont_email_post_to_subs":false,"_jetpack_newsletter_tier_id":0,"_jetpack_memberships_contains_paywalled_content":false,"_jetpack_memberships_contains_paid_content":false,"footnotes":""},"categories":[3],"tags":[10,12],"class_list":["post-3732","post","type-post","status-publish","format-standard","hentry","category-politica-economia","tag-candidatos","tag-votos"],"acf":[],"jetpack_featured_media_url":"","jetpack_sharing_enabled":true,"jetpack_shortlink":"https:\/\/wp.me\/p6FC4i-Yc","_links":{"self":[{"href":"https:\/\/www.revistacriterio.com.ar\/bloginst_new\/index.php?rest_route=\/wp\/v2\/posts\/3732","targetHints":{"allow":["GET"]}}],"collection":[{"href":"https:\/\/www.revistacriterio.com.ar\/bloginst_new\/index.php?rest_route=\/wp\/v2\/posts"}],"about":[{"href":"https:\/\/www.revistacriterio.com.ar\/bloginst_new\/index.php?rest_route=\/wp\/v2\/types\/post"}],"author":[{"embeddable":true,"href":"https:\/\/www.revistacriterio.com.ar\/bloginst_new\/index.php?rest_route=\/wp\/v2\/users\/7"}],"replies":[{"embeddable":true,"href":"https:\/\/www.revistacriterio.com.ar\/bloginst_new\/index.php?rest_route=%2Fwp%2Fv2%2Fcomments&post=3732"}],"version-history":[{"count":0,"href":"https:\/\/www.revistacriterio.com.ar\/bloginst_new\/index.php?rest_route=\/wp\/v2\/posts\/3732\/revisions"}],"wp:attachment":[{"href":"https:\/\/www.revistacriterio.com.ar\/bloginst_new\/index.php?rest_route=%2Fwp%2Fv2%2Fmedia&parent=3732"}],"wp:term":[{"taxonomy":"category","embeddable":true,"href":"https:\/\/www.revistacriterio.com.ar\/bloginst_new\/index.php?rest_route=%2Fwp%2Fv2%2Fcategories&post=3732"},{"taxonomy":"post_tag","embeddable":true,"href":"https:\/\/www.revistacriterio.com.ar\/bloginst_new\/index.php?rest_route=%2Fwp%2Fv2%2Ftags&post=3732"}],"curies":[{"name":"wp","href":"https:\/\/api.w.org\/{rel}","templated":true}]}}